{"id":38839,"date":"2025-10-08T21:23:48","date_gmt":"2025-10-08T19:23:48","guid":{"rendered":"https:\/\/www.iceagetv.com\/radiosite\/?p=38839"},"modified":"2025-10-08T21:23:52","modified_gmt":"2025-10-08T19:23:52","slug":"cest-quoi-le-discours-de-bayeux-prononce-par-de-gaulle-et-evoque-a-plusieurs-reprises-par-sebastien-lecornu","status":"publish","type":"post","link":"https:\/\/www.iceagetv.com\/radiosite\/cest-quoi-le-discours-de-bayeux-prononce-par-de-gaulle-et-evoque-a-plusieurs-reprises-par-sebastien-lecornu\/","title":{"rendered":"C&rsquo;est quoi le discours de Bayeux, prononc\u00e9 par De Gaulle et \u00e9voqu\u00e9 \u00e0 plusieurs reprises par S\u00e9bastien Lecornu"},"content":{"rendered":"\n<p class=\"\">Interrog\u00e9 au 20 heures de France 2, S\u00e9bastien Lecornu a cit\u00e9, \u00e0 plusieurs reprises, le discours de Bayeux&#8230; Dont l&rsquo;auteur n&rsquo;est autre que le G\u00e9n\u00e9ral Charles de Gaulle, en 1946.Discutant (semble-t-il) de mani\u00e8re tr\u00e8s libre avec la journaliste L\u00e9a Salam\u00e9, celui qui restera d\u00e9sormais comme le Premier ministre avec le gouvernement le plus \u00e9ph\u00e9m\u00e8re de la Ve R\u00e9publique (environ 14 heures) a \u00e9voqu\u00e9, \u00e0 plusieurs reprises, le discours de Bayeux, comme \u00e9tant une prise de parole fondatrice de la R\u00e9publique et de la Constitution.Un genre de phare \u00e0 suivre, et dont on a perdu la lumi\u00e8re de vue depuis quelque temps, si l\u2019on lit entre les lignes des mots de S\u00e9bastien LecornuUn parall\u00e8le troublant Le Premier ministre d\u00e9missionnaire s\u2019est, pendant l\u2019interview, prononc\u00e9 sur son propre \u00e9chec \u00e0 former un gouvernement, qu\u2019il a jug\u00e9 min\u00e9 par \u00ab\u2009des app\u00e9tits partisans\u2009\u00bb.En clair, on peut y comprendre que le Premier ministre d\u00e9missionnaire veut le retour d\u2019un ex\u00e9cutif fort. Qu\u2019il consid\u00e8re que la stabilit\u00e9 ne peut venir des alliances, mais bien du chef de l\u2019\u00c9tat, garant de la coh\u00e9rence nationale. Le discours de Bayeux, c\u2019est cette prise de parole historique du g\u00e9n\u00e9ral De Gaulle en 1946 dans cette ville de Normandie dans laquelle il avait prononc\u00e9 le premier discours de la France lib\u00e9r\u00e9e, en juin 1944.Il avait d\u00e9missionn\u00e9 depuis janvier 1946 quand, pour la premi\u00e8re fois, il reprit la parole devant les Fran\u00e7ais<\/p>\n","protected":false},"excerpt":{"rendered":"<p>Interrog\u00e9 au 20 heures de France 2, S\u00e9bastien Lecornu a cit\u00e9, \u00e0 plusieurs reprises, le discours de Bayeux&#8230; Dont l&rsquo;auteur n&rsquo;est autre que le G\u00e9n\u00e9ral Charles de Gaulle, en 1946.Discutant (semble-t-il) de mani\u00e8re tr\u00e8s libre avec la journaliste L\u00e9a Salam\u00e9, celui qui restera d\u00e9sormais comme le Premier ministre avec le gouvernement le plus \u00e9ph\u00e9m\u00e8re de [&hellip;]<\/p>\n","protected":false},"author":2,"featured_media":38840,"comment_status":"open","ping_status":"open","sticky":false,"template":"","format":"standard","meta":{"_jetpack_memberships_contains_paid_content":false,"footnotes":"","jetpack_publicize_message":"","jetpack_publicize_feature_enabled":true,"jetpack_social_post_already_shared":true,"jetpack_social_options":{"image_generator_settings":{"template":"highway","default_image_id":0,"font":"","enabled":true,"token":"eyJpbWciOiJodHRwczpcL1wvd3d3LmljZWFnZXR2LmNvbVwvcmFkaW9zaXRlXC93cC1jb250ZW50XC91cGxvYWRzXC8yMDI1XC8xMFwvbmV3c21sYWZwLWNvbS0yMDI1MDMwNnQxNTIyNTF6ZG9jLTM2cno0aG4tOTYweDY0MC0xLmpwZyIsInR4dCI6IkMmIzgyMTc7ZXN0IHF1b2kgbGUgZGlzY291cnMgZGUgQmF5ZXV4LCBwcm9ub25jXHUwMGU5IHBhciBEZSBHYXVsbGUgZXQgXHUwMGU5dm9xdVx1MDBlOSBcdTAwZTAgcGx1c2lldXJzIHJlcHJpc2VzIHBhciBTXHUwMGU5YmFzdGllbiBMZWNvcm51IiwidGVtcGxhdGUiOiJoaWdod2F5IiwiZm9udCI6IiIsImJsb2dfaWQiOjExMTAxNjQ2MX0.9C0nke8KjBcRNQxZLrrH_9OXIQnx6gPZAxzp_BjSWSgMQ"},"version":2},"_wpas_customize_per_network":false},"categories":[405],"tags":[],"class_list":["post-38839","post","type-post","status-publish","format-standard","has-post-thumbnail","hentry","category-actu-france-monde"],"jetpack_publicize_connections":[],"jetpack_featured_media_url":"https:\/\/i0.wp.com\/www.iceagetv.com\/radiosite\/wp-content\/uploads\/2025\/10\/newsmlafp-com-20250306t152251zdoc-36rz4hn-960x640-1.jpg?fit=960%2C640&ssl=1","jetpack_sharing_enabled":true,"_links":{"self":[{"href":"https:\/\/www.iceagetv.com\/radiosite\/wp-json\/wp\/v2\/posts\/38839","targetHints":{"allow":["GET"]}}],"collection":[{"href":"https:\/\/www.iceagetv.com\/radiosite\/wp-json\/wp\/v2\/posts"}],"about":[{"href":"https:\/\/www.iceagetv.com\/radiosite\/wp-json\/wp\/v2\/types\/post"}],"author":[{"embeddable":true,"href":"https:\/\/www.iceagetv.com\/radiosite\/wp-json\/wp\/v2\/users\/2"}],"replies":[{"embeddable":true,"href":"https:\/\/www.iceagetv.com\/radiosite\/wp-json\/wp\/v2\/comments?post=38839"}],"version-history":[{"count":1,"href":"https:\/\/www.iceagetv.com\/radiosite\/wp-json\/wp\/v2\/posts\/38839\/revisions"}],"predecessor-version":[{"id":38841,"href":"https:\/\/www.iceagetv.com\/radiosite\/wp-json\/wp\/v2\/posts\/38839\/revisions\/38841"}],"wp:featuredmedia":[{"embeddable":true,"href":"https:\/\/www.iceagetv.com\/radiosite\/wp-json\/wp\/v2\/media\/38840"}],"wp:attachment":[{"href":"https:\/\/www.iceagetv.com\/radiosite\/wp-json\/wp\/v2\/media?parent=38839"}],"wp:term":[{"taxonomy":"category","embeddable":true,"href":"https:\/\/www.iceagetv.com\/radiosite\/wp-json\/wp\/v2\/categories?post=38839"},{"taxonomy":"post_tag","embeddable":true,"href":"https:\/\/www.iceagetv.com\/radiosite\/wp-json\/wp\/v2\/tags?post=38839"}],"curies":[{"name":"wp","href":"https:\/\/api.w.org\/{rel}","templated":true}]}}