{"id":38851,"date":"2025-10-09T13:29:32","date_gmt":"2025-10-09T11:29:32","guid":{"rendered":"https:\/\/www.iceagetv.com\/radiosite\/?p=38851"},"modified":"2025-10-09T13:29:35","modified_gmt":"2025-10-09T11:29:35","slug":"plan-de-paix-pour-gaza-quelles-sont-les-prochaines-etapes-apres-lannonce-dun-accord-entre-israel-et-le-hamas","status":"publish","type":"post","link":"https:\/\/www.iceagetv.com\/radiosite\/plan-de-paix-pour-gaza-quelles-sont-les-prochaines-etapes-apres-lannonce-dun-accord-entre-israel-et-le-hamas\/","title":{"rendered":"Plan de paix pour Gaza\u00a0: quelles sont les prochaines \u00e9tapes apr\u00e8s l&rsquo;annonce d&rsquo;un accord entre Isra\u00ebl et le Hamas\u00a0?"},"content":{"rendered":"\n<p class=\"\">Les deux camps doivent notamment proc\u00e9der \u00e0 des \u00e9changes d&rsquo;otages isra\u00e9liens et de prisonniers gazaouis, avant un retrait progressif des troupes isra\u00e9liennes et un d\u00e9sarmement du Hamas. Mais le chemin est encore long.Pour Donald Trump, ce sont\u00a0<em>\u00ab\u00a0les premi\u00e8res \u00e9tapes vers une paix solide, durable et \u00e9ternelle\u00a0\u00bb<\/em>. Le pr\u00e9sident am\u00e9ricain a annonc\u00e9, dans la nuit du mercredi 8 au jeudi 9\u00a0octobre, qu&rsquo;Isra\u00ebl et le Hamas avaient\u00a0<a href=\"https:\/\/www.franceinfo.fr\/monde\/proche-orient\/israel-palestine\/guerre-a-gaza-donald-trump-annonce-qu-israel-et-le-hamas-ont-accepte-la-premiere-phase-de-son-plan-les-otages-liberes-tres-prochainement_7541284.html\"><em>\u00ab\u00a0sign\u00e9 la premi\u00e8re phase\u00a0\u00bb<\/em>\u00a0de son plan de paix<\/a>\u00a0pour la bande de Gaza,\u00a0<a href=\"https:\/\/www.franceinfo.fr\/monde\/proche-orient\/israel-palestine\/cartes-des-ecoles-aux-cimetieres-la-bande-de-gaza-ravagee-par-deux-ans-de-guerre-avec-israel_7525150.html\">presque int\u00e9gralement d\u00e9truite<\/a>\u00a0apr\u00e8s deux ans d&rsquo;offensive isra\u00e9lienne. L&rsquo;accord a \u00e9t\u00e9 conclu dans le cadre de pourparlers indirects en Egypte.Le Qatar, pays m\u00e9diateur, a confirm\u00e9&nbsp;<em>\u00ab\u00a0qu&rsquo;un accord a \u00e9t\u00e9 conclu sur (\u2026) la premi\u00e8re phase de l&rsquo;accord de cessez-le-feu \u00e0 Gaza, qui conduira \u00e0 la fin de la guerre, \u00e0 la lib\u00e9ration des otages isra\u00e9liens et des prisonniers palestiniens, et \u00e0 l&rsquo;entr\u00e9e d&rsquo;aide humanitaire\u00a0\u00bb&nbsp;<\/em>dans&nbsp;<a href=\"https:\/\/www.franceinfo.fr\/replay-radio\/le-vrai-du-faux\/vrai-ou-faux-famine-a-gaza-l-onu-a-t-elle-manipule-les-chiffres-comme-l-accuse-israel_7442701.html\">le territoire affam\u00e9<\/a>.<\/p>\n\n\n\n<p class=\"\">L&rsquo;annonce a suscit\u00e9&nbsp;<a href=\"https:\/\/www.franceinfo.fr\/monde\/israel\/accord-de-cessez-le-feu-entre-israel-et-le-hamas-enormement-d-emotions-salue-le-responsable-du-forum-des-otages-en-france_7541593.html\">une vague d&rsquo;espoir au Moyen-Orient<\/a>&nbsp;et dans le monde, Emmanuel Macron disant son<em>&nbsp;\u00ab\u00a0espoir immense pour les otages et leurs familles, pour les Palestiniens de Gaza, pour la r\u00e9gion\u00a0\u00bb<\/em>, dans un message publi\u00e9 sur X dans lequel il&nbsp;<em>\u00ab\u00a0salue\u00a0\u00bb<\/em>&nbsp;les efforts diplomatiques et&nbsp;<em>\u00ab\u00a0appelle les parties \u00e0 en respecter strictement les termes\u00a0\u00bb<\/em>. Mais quelles sont les prochaines \u00e9tapes, avant d&rsquo;atteindre la<em>&nbsp;\u00ab\u00a0paix durable\u00a0\u00bb&nbsp;<\/em>promise par le pr\u00e9sident am\u00e9ricain&nbsp;? Franceinfo fait le point.<\/p>\n\n\n\n<h2 class=\"wp-block-heading\">Une signature formelle, puis des lib\u00e9rations d&rsquo;otages et de prisonniers<\/h2>\n\n\n\n<p class=\"\"><strong>Avant toute chose<\/strong>, l&rsquo;Etat h\u00e9breu et le groupe islamiste palestinien au pouvoir dans la bande de Gaza doivent tous les deux signer l&rsquo;accord avant son entr\u00e9e en vigueur. Le Premier ministre isra\u00e9lien Benyamin N\u00e9tanyahou a d\u00e9clar\u00e9 qu&rsquo;il r\u00e9unirait son cabinet, jeudi,&nbsp;afin de&nbsp;<em>\u00ab\u00a0ratifier l&rsquo;accord et rapatrier tous nos pr\u00e9cieux otages\u00a0\u00bb<\/em>.<\/p>\n\n\n\n<p class=\"\">Cette r\u00e9union doit avoir lieu \u00e0 17 heures (heure de Paris), selon un communiqu\u00e9 officiel.<strong>\u00a0<\/strong>Mais une issue positive n&rsquo;est pas garantie\u00a0: Isra\u00ebl rappelle que l&rsquo;accord ne pourra entrer en vigueur qu&rsquo;apr\u00e8s sa validation par le gouvernement.\u00a0Or, le gouvernement n&rsquo;est pas unanimement favorable \u00e0 l&rsquo;accord.\u00a0<em>\u00ab\u00a0Nous ne pouvons pas participer \u00e0 des c\u00e9l\u00e9brations \u00e0 court terme ni voter en faveur de cet accord\u00a0\u00bb<\/em>, a ainsi \u00e9crit sur X le ministre isra\u00e9lien d&rsquo;extr\u00eame droite charg\u00e9 des Finances, Bezalel Smotrich, partenaire clef de la majorit\u00e9 de Benyamin N\u00e9tanyahou.<strong>\u00a0<\/strong>Il \u00e9voque notamment sa crainte que les prisonniers palestiniens lib\u00e9r\u00e9s dans le cadre de l&rsquo;accord attaquent l&rsquo;Etat h\u00e9breu \u00e0 l&rsquo;avenir.Une des demandes principales d&rsquo;Isra\u00ebl pour mettre fin au conflit doit ensuite se concr\u00e9tiser\u00a0: que les otages isra\u00e9liens retenus dans le territoire palestinien soient lib\u00e9r\u00e9s, et les d\u00e9pouilles des captifs tu\u00e9s en d\u00e9tention rapatri\u00e9es en Isra\u00ebl.\u00a0<em>\u00ab\u00a0TOUS les otages seront lib\u00e9r\u00e9s tr\u00e8s prochainement\u00a0\u00bb<\/em>, a assur\u00e9 le pr\u00e9sident des Etats-Unis sur son compte Truth Social. Donald Trump a certifi\u00e9 sur Fox News que les otages seraient<em>\u00a0\u00ab\u00a0de retour lundi\u00a0\u00bb<\/em>, y compris\u00a0<em>\u00ab\u00a0les corps des\u00a0<\/em>[otages]\u00a0<em>morts\u00a0\u00bb<\/em>.Le plan de paix de la Maison Blanche r\u00e9clamait que&nbsp;<em>\u00ab\u00a0tous les otages\u00a0\u00bb<\/em>, qu&rsquo;ils soient d\u00e9tenus par le Hamas ou&nbsp;<a href=\"https:\/\/www.franceinfo.fr\/monde\/proche-orient\/israel-palestine\/guerre-a-gaza-que-sait-on-de-la-situation-des-otages-israeliens-apres-la-mise-en-scene-macabre-de-deux-d-entre-eux-dans-des-videos-du-hamas_7417678.html\">d&rsquo;autres groupes comme le Jihad islamique palestinien<\/a>, soient lib\u00e9r\u00e9s&nbsp;<em>\u00ab\u00a0dans les soixante-douze&nbsp;heures suivant l&rsquo;acceptation publique de l&rsquo;accord par Isra\u00ebl\u00a0\u00bb<\/em>. Pour sa part, l&rsquo;Etat h\u00e9breu devait&nbsp;<em>\u00ab\u00a0lib\u00e9rer 250&nbsp;prisonniers condamn\u00e9s \u00e0 la peine de mort ainsi que 1&nbsp;700&nbsp;Gazaouis d\u00e9tenus apr\u00e8s le 7 octobre 2023\u00a0\u00bb<\/em>. Selon ce texte, Isra\u00ebl doit \u00e9galement&nbsp;<em>\u00ab\u00a0remettre les d\u00e9pouilles de 15&nbsp;Gazaouis tu\u00e9s\u00a0\u00bb&nbsp;<\/em>pour chaque otage isra\u00e9lien lib\u00e9r\u00e9.<\/p>\n\n\n\n<h2 class=\"wp-block-heading\">Un arr\u00eat des combats accompagn\u00e9 d&rsquo;un retrait progressif des troupes isra\u00e9liennes<\/h2>\n\n\n\n<p class=\"\">D&rsquo;apr\u00e8s le plan de paix initial pr\u00e9sent\u00e9 par la Maison Blanche&nbsp;<a href=\"https:\/\/x.com\/WhiteHouse\/status\/1972736025597219278\" target=\"_blank\" rel=\"noreferrer noopener\">sur X(Nouvelle fen\u00eatre)<\/a>,&nbsp;<em>\u00ab\u00a0si les deux camps acceptent cette proposition, la guerre cessera imm\u00e9diatement\u00a0\u00bb&nbsp;<\/em>et&nbsp;<em>\u00ab\u00a0toutes les op\u00e9rations militaires (\u2026) seront suspendues\u00a0\u00bb<\/em>. Jeudi matin, l&rsquo;arm\u00e9e isra\u00e9lienne a cependant appel\u00e9 les habitants de l&rsquo;enclave palestinienne \u00e0 ne pas retourner dans le nord de la bande de Gaza, o\u00f9 elle poursuit ses op\u00e9rations militaires. La d\u00e9fense civile palestinienne, organisation de secours op\u00e9rant sous l&rsquo;autorit\u00e9 du Hamas, a fait \u00e9tat jeudi matin de&nbsp;<em>\u00ab\u00a0plusieurs explosions, notamment dans le nord de Gaza\u00a0\u00bb<\/em>, et de&nbsp;<em>\u00ab\u00a0frappes a\u00e9riennes intenses sur la ville de Gaza\u00a0\u00bb<\/em>.<\/p>\n\n\n\n<p class=\"\">Autre point cl\u00e9 des n\u00e9gociations du cessez-le-feu&nbsp;: la pr\u00e9sence de l&rsquo;arm\u00e9e isra\u00e9lienne dans la bande de Gaza.&nbsp;<em>\u00ab\u00a0Isra\u00ebl retirera ses troupes<\/em>&nbsp;[de Gaza]&nbsp;<em>jusqu&rsquo;\u00e0 la ligne convenue\u00a0\u00bb<\/em>, a affirm\u00e9 Donald Trump sur son compte Truth Social. Selon le plan d\u00e9voil\u00e9 par la Maison Blanche, l&rsquo;Etat h\u00e9breu doit retirer ses troupes d&rsquo;une partie de la bande de Gaza pour&nbsp;<em>\u00ab\u00a0pr\u00e9parer la lib\u00e9ration des otages\u00a0\u00bb<\/em>, avant un recul suppl\u00e9mentaire lorsqu&rsquo;une&nbsp;<em>\u00ab\u00a0force internationale de stabilisation\u00a0\u00bb<\/em>&nbsp;sera d\u00e9ploy\u00e9e dans le territoire, organis\u00e9e conjointement avec les Etats-Unis, les&nbsp;<em>\u00ab\u00a0partenaires arabes et internationaux\u00a0\u00bb<\/em>.<\/p>\n","protected":false},"excerpt":{"rendered":"<p>Les deux camps doivent notamment proc\u00e9der \u00e0 des \u00e9changes d&rsquo;otages isra\u00e9liens et de prisonniers gazaouis, avant un retrait progressif des troupes isra\u00e9liennes et un d\u00e9sarmement du Hamas. Mais le chemin est encore long.Pour Donald Trump, ce sont\u00a0\u00ab\u00a0les premi\u00e8res \u00e9tapes vers une paix solide, durable et \u00e9ternelle\u00a0\u00bb. Le pr\u00e9sident am\u00e9ricain a annonc\u00e9, dans la nuit du [&hellip;]<\/p>\n","protected":false},"author":2,"featured_media":38852,"comment_status":"open","ping_status":"open","sticky":false,"template":"","format":"standard","meta":{"_jetpack_memberships_contains_paid_content":false,"footnotes":"","jetpack_publicize_message":"","jetpack_publicize_feature_enabled":true,"jetpack_social_post_already_shared":true,"jetpack_social_options":{"image_generator_settings":{"template":"highway","default_image_id":0,"font":"","enabled":true,"token":"eyJpbWciOiJodHRwczpcL1wvd3d3LmljZWFnZXR2LmNvbVwvcmFkaW9zaXRlXC93cC1jb250ZW50XC91cGxvYWRzXC8yMDI1XC8xMFwvQ2FwdHVyZS1kZWNyYW4tMjAyNS0xMC0wOS0xMzI4NDgucG5nIiwidHh0IjoiUGxhbiBkZSBwYWl4IHBvdXIgR2F6YVx1MDBhMDogcXVlbGxlcyBzb250IGxlcyBwcm9jaGFpbmVzIFx1MDBlOXRhcGVzIGFwclx1MDBlOHMgbCYjODIxNzthbm5vbmNlIGQmIzgyMTc7dW4gYWNjb3JkIGVudHJlIElzcmFcdTAwZWJsIGV0IGxlIEhhbWFzXHUwMGEwPyIsInRlbXBsYXRlIjoiaGlnaHdheSIsImZvbnQiOiIiLCJibG9nX2lkIjoxMTEwMTY0NjF9.yrTjI1aOxXhF1XiVZe-nQr4L3sezlFQf2J9FYul6Dv8MQ"},"version":2},"_wpas_customize_per_network":false},"categories":[405],"tags":[],"class_list":["post-38851","post","type-post","status-publish","format-standard","has-post-thumbnail","hentry","category-actu-france-monde"],"jetpack_publicize_connections":[],"jetpack_featured_media_url":"https:\/\/i0.wp.com\/www.iceagetv.com\/radiosite\/wp-content\/uploads\/2025\/10\/Capture-decran-2025-10-09-132848.png?fit=920%2C482&ssl=1","jetpack_sharing_enabled":true,"_links":{"self":[{"href":"https:\/\/www.iceagetv.com\/radiosite\/wp-json\/wp\/v2\/posts\/38851","targetHints":{"allow":["GET"]}}],"collection":[{"href":"https:\/\/www.iceagetv.com\/radiosite\/wp-json\/wp\/v2\/posts"}],"about":[{"href":"https:\/\/www.iceagetv.com\/radiosite\/wp-json\/wp\/v2\/types\/post"}],"author":[{"embeddable":true,"href":"https:\/\/www.iceagetv.com\/radiosite\/wp-json\/wp\/v2\/users\/2"}],"replies":[{"embeddable":true,"href":"https:\/\/www.iceagetv.com\/radiosite\/wp-json\/wp\/v2\/comments?post=38851"}],"version-history":[{"count":1,"href":"https:\/\/www.iceagetv.com\/radiosite\/wp-json\/wp\/v2\/posts\/38851\/revisions"}],"predecessor-version":[{"id":38853,"href":"https:\/\/www.iceagetv.com\/radiosite\/wp-json\/wp\/v2\/posts\/38851\/revisions\/38853"}],"wp:featuredmedia":[{"embeddable":true,"href":"https:\/\/www.iceagetv.com\/radiosite\/wp-json\/wp\/v2\/media\/38852"}],"wp:attachment":[{"href":"https:\/\/www.iceagetv.com\/radiosite\/wp-json\/wp\/v2\/media?parent=38851"}],"wp:term":[{"taxonomy":"category","embeddable":true,"href":"https:\/\/www.iceagetv.com\/radiosite\/wp-json\/wp\/v2\/categories?post=38851"},{"taxonomy":"post_tag","embeddable":true,"href":"https:\/\/www.iceagetv.com\/radiosite\/wp-json\/wp\/v2\/tags?post=38851"}],"curies":[{"name":"wp","href":"https:\/\/api.w.org\/{rel}","templated":true}]}}