{"id":38858,"date":"2025-10-09T14:33:16","date_gmt":"2025-10-09T12:33:16","guid":{"rendered":"https:\/\/www.iceagetv.com\/radiosite\/?p=38858"},"modified":"2025-10-09T14:33:20","modified_gmt":"2025-10-09T12:33:20","slug":"ursula-von-der-leyen-echappe-a-la-censure-et-se-rassure","status":"publish","type":"post","link":"https:\/\/www.iceagetv.com\/radiosite\/ursula-von-der-leyen-echappe-a-la-censure-et-se-rassure\/","title":{"rendered":"Ursula von der Leyen \u00e9chappe \u00e0 la censure et se rassure"},"content":{"rendered":"\n<p class=\"\"><strong>Ursula von der Leyen a de nouveau \u00e9chapp\u00e9 largement \u00e0 la censure jeudi, se f\u00e9licitant du \u00ab\u00a0fort soutien\u00a0\u00bb du Parlement europ\u00e9en, m\u00eame si les critiques persistent contre la pr\u00e9sidente de la Commission.<\/strong>Les eurod\u00e9put\u00e9s, r\u00e9unis en session pl\u00e9ni\u00e8re \u00e0 Strasbourg ont nettement rejet\u00e9 deux motions de censure, l&rsquo;une venant de l&rsquo;extr\u00eame droite, l&rsquo;autre de la gauche radicale.<\/p>\n\n\n\n<p class=\"\">La premi\u00e8re, pr\u00e9sent\u00e9e par Les Patriotes pour l&rsquo;Europe (Pfe), groupe pr\u00e9sid\u00e9 par Jordan Bardella, a r\u00e9colt\u00e9 179 voix en sa faveur, 378 voix contre et 37 abstentions.<\/p>\n\n\n\n<p class=\"\">La seconde, venant du groupe de La Gauche, co pr\u00e9sid\u00e9 par Manon Aubry, a recueilli seulement 133 voix pour, 383 voix contre et 78 abstentions.&nbsp;<\/p>\n\n\n\n<p class=\"\">Apr\u00e8s ces r\u00e9sultats, meilleurs que ce que l&rsquo;ex\u00e9cutif redoutait, Ursula von der Leyen s&rsquo;est r\u00e9jouie du \u00ab\u00a0fort soutien\u00a0\u00bb du Parlement dans un message publi\u00e9 sur le r\u00e9seau social X.<\/p>\n\n\n\n<p class=\"\">Elle conforte ainsi sa coalition entre sociaux-d\u00e9mocrates, centre (Renew) et la droite (PPE) m\u00eame si le camp dit pro-europ\u00e9en exprime lui aussi ses critiques.<\/p>\n\n\n\n<p class=\"\">Les votes de jeudi avaient un air de d\u00e9j\u00e0-vu pour Ursula von der Leyen, apr\u00e8s une motion de censure en juillet initi\u00e9e par un eurod\u00e9put\u00e9 roumain d&rsquo;extr\u00eame droite, Gheorghe Piperea (ECR). Cette motion avait \u00e9t\u00e9 soutenue par 175 eurod\u00e9put\u00e9s, surtout d&rsquo;extr\u00eame droite, avec une douzaine de parlementaires de la gauche radicale. Elle avait \u00e9t\u00e9 rejet\u00e9e par 360 voix.<\/p>\n\n\n\n<p class=\"\">Depuis juillet, \u00ab\u00a0on ne peut pas dire qu&rsquo;on ait r\u00e9ellement fait de progr\u00e8s dans ce Parlement. La majorit\u00e9 pro-europ\u00e9enne qui vous a \u00e9lue fonctionne mal, toujours aussi mal\u00a0\u00bb, a d\u00e9plor\u00e9 la cheffe des centristes Val\u00e9rie Hayer lors d&rsquo;un d\u00e9bat lundi dans l&rsquo;h\u00e9micycle.<\/p>\n\n\n\n<p class=\"\">La gauche et le centre reprochent \u00e0 Ursula von der Leyen, et plus largement \u00e0 la droite dont elle est issue, de cultiver l&rsquo;ambigu\u00eft\u00e9 avec l&rsquo;extr\u00eame droite et de d\u00e9tricoter les lois environnementales.<\/p>\n\n\n\n<p class=\"\">&#8211; Ton plus conciliant &#8211;<\/p>\n\n\n\n<p class=\"\">\u00ab\u00a0Vous devez choisir entre vos alli\u00e9s et ceux qui ne sont pas nos amis\u00a0\u00bb, lui a lanc\u00e9 lundi la pr\u00e9sidente des sociaux-d\u00e9mocrates Iratxe Garcia.<\/p>\n\n\n\n<p class=\"\">Malgr\u00e9 des critiques, sociaux-d\u00e9mocrates et centristes continuent de soutenir Ursula von der Leyen.<\/p>\n\n\n\n<p class=\"\">Quant \u00e0 la droite, elle d\u00e9fend la pr\u00e9sidente de la Commission qui est issue de ses rangs.<\/p>\n\n\n\n<p class=\"\">Les Fran\u00e7ais Jordan Bardella&nbsp;(Patriotes pour l&rsquo;Europe) et Manon Aubry (La Gauche) avaient eux appel\u00e9 Ursula von der Leyen \u00e0 partir, d\u00e9posant deux motions distinctes.<\/p>\n\n\n\n<p class=\"\">Lundi, Manon Aubry l&rsquo;a accus\u00e9e d'\u00a0\u00bbinaction\u00a0\u00bb face au \u00ab\u00a0g\u00e9nocide\u00a0\u00bb \u00e0 Gaza tandis que Jordan Bardella a d\u00e9nonc\u00e9 une \u00ab\u00a0fuite en avant migratoire\u00a0\u00bb de l&rsquo;UE et une \u00ab\u00a0reddition commerciale\u00a0\u00bb dans l&rsquo;accord avec Donald Trump.<\/p>\n\n\n\n<p class=\"\">Ursula von der Leyen a r\u00e9pondu lundi \u00e0 ces attaques avec un ton plus conciliant qu&rsquo;en juillet, lorsqu&rsquo;elle avait tax\u00e9 les initiateurs de la motion de censure \u00ab\u00a0d&rsquo;extr\u00e9mistes\u00a0\u00bb, \u00ab\u00a0antivaccins\u00a0\u00bb et admirateurs \u00ab\u00a0de Poutine\u00a0\u00bb.<\/p>\n\n\n\n<p class=\"\">Elle a appel\u00e9 \u00e0 l&rsquo;unit\u00e9 et averti que toute division serait \u00ab\u00a0exploit\u00e9e\u00a0\u00bb par les adversaires de l&rsquo;Union europ\u00e9enne, mentionnant la Russie.<\/p>\n\n\n\n<p class=\"\">Une motion de censure peut \u00eatre pr\u00e9sent\u00e9e par un dixi\u00e8me des eurod\u00e9put\u00e9s, soit 72 parlementaires. Pour \u00eatre adopt\u00e9e, elle doit recueillir la majorit\u00e9 des deux tiers des suffrages exprim\u00e9s, repr\u00e9sentant la majorit\u00e9 des eurod\u00e9put\u00e9s.<\/p>\n\n\n\n<p class=\"\">Le Parlement europ\u00e9en n&rsquo;a jamais renvers\u00e9 une Commission.&nbsp;<\/p>\n\n\n\n<p class=\"\">Avec un cas particulier en 1999: avant un vote perdu d&rsquo;avance, la Commission europ\u00e9enne de l&rsquo;\u00e9poque, pr\u00e9sid\u00e9e par le Luxembourgeois Jacques Santer, avait d\u00e9missionn\u00e9 \u00e0 la suite d&rsquo;un rapport accablant sur sa \u00ab\u00a0lourde responsabilit\u00e9\u00a0\u00bb dans des affaires de fraude.<\/p>\n","protected":false},"excerpt":{"rendered":"<p>Ursula von der Leyen a de nouveau \u00e9chapp\u00e9 largement \u00e0 la censure jeudi, se f\u00e9licitant du \u00ab\u00a0fort soutien\u00a0\u00bb du Parlement europ\u00e9en, m\u00eame si les critiques persistent contre la pr\u00e9sidente de la Commission.Les eurod\u00e9put\u00e9s, r\u00e9unis en session pl\u00e9ni\u00e8re \u00e0 Strasbourg ont nettement rejet\u00e9 deux motions de censure, l&rsquo;une venant de l&rsquo;extr\u00eame droite, l&rsquo;autre de la gauche [&hellip;]<\/p>\n","protected":false},"author":2,"featured_media":38859,"comment_status":"open","ping_status":"open","sticky":false,"template":"","format":"standard","meta":{"_jetpack_memberships_contains_paid_content":false,"footnotes":"","jetpack_publicize_message":"","jetpack_publicize_feature_enabled":true,"jetpack_social_post_already_shared":true,"jetpack_social_options":{"image_generator_settings":{"template":"highway","default_image_id":0,"font":"","enabled":true,"token":"eyJpbWciOiJodHRwczpcL1wvd3d3LmljZWFnZXR2LmNvbVwvcmFkaW9zaXRlXC93cC1jb250ZW50XC91cGxvYWRzXC8yMDI1XC8xMFwvQ2FwdHVyZS1kZWNyYW4tMjAyNS0xMC0wOS0xNDMyMzEtMTAyNHg0ODYucG5nIiwidHh0IjoiVXJzdWxhIHZvbiBkZXIgTGV5ZW4gXHUwMGU5Y2hhcHBlIFx1MDBlMCBsYSBjZW5zdXJlIGV0IHNlIHJhc3N1cmUiLCJ0ZW1wbGF0ZSI6ImhpZ2h3YXkiLCJmb250IjoiIiwiYmxvZ19pZCI6MTExMDE2NDYxfQ.o9lqprBXNrLH7bVWNxdrLdTWhpzLIsT3WQ2I-VMOnoMMQ"},"version":2},"_wpas_customize_per_network":false},"categories":[405],"tags":[],"class_list":["post-38858","post","type-post","status-publish","format-standard","has-post-thumbnail","hentry","category-actu-france-monde"],"jetpack_publicize_connections":[],"jetpack_featured_media_url":"https:\/\/i0.wp.com\/www.iceagetv.com\/radiosite\/wp-content\/uploads\/2025\/10\/Capture-decran-2025-10-09-143231.png?fit=1057%2C502&ssl=1","jetpack_sharing_enabled":true,"_links":{"self":[{"href":"https:\/\/www.iceagetv.com\/radiosite\/wp-json\/wp\/v2\/posts\/38858","targetHints":{"allow":["GET"]}}],"collection":[{"href":"https:\/\/www.iceagetv.com\/radiosite\/wp-json\/wp\/v2\/posts"}],"about":[{"href":"https:\/\/www.iceagetv.com\/radiosite\/wp-json\/wp\/v2\/types\/post"}],"author":[{"embeddable":true,"href":"https:\/\/www.iceagetv.com\/radiosite\/wp-json\/wp\/v2\/users\/2"}],"replies":[{"embeddable":true,"href":"https:\/\/www.iceagetv.com\/radiosite\/wp-json\/wp\/v2\/comments?post=38858"}],"version-history":[{"count":1,"href":"https:\/\/www.iceagetv.com\/radiosite\/wp-json\/wp\/v2\/posts\/38858\/revisions"}],"predecessor-version":[{"id":38860,"href":"https:\/\/www.iceagetv.com\/radiosite\/wp-json\/wp\/v2\/posts\/38858\/revisions\/38860"}],"wp:featuredmedia":[{"embeddable":true,"href":"https:\/\/www.iceagetv.com\/radiosite\/wp-json\/wp\/v2\/media\/38859"}],"wp:attachment":[{"href":"https:\/\/www.iceagetv.com\/radiosite\/wp-json\/wp\/v2\/media?parent=38858"}],"wp:term":[{"taxonomy":"category","embeddable":true,"href":"https:\/\/www.iceagetv.com\/radiosite\/wp-json\/wp\/v2\/categories?post=38858"},{"taxonomy":"post_tag","embeddable":true,"href":"https:\/\/www.iceagetv.com\/radiosite\/wp-json\/wp\/v2\/tags?post=38858"}],"curies":[{"name":"wp","href":"https:\/\/api.w.org\/{rel}","templated":true}]}}