{"id":38884,"date":"2025-10-10T08:39:03","date_gmt":"2025-10-10T06:39:03","guid":{"rendered":"https:\/\/www.iceagetv.com\/radiosite\/?p=38884"},"modified":"2025-10-10T08:39:10","modified_gmt":"2025-10-10T06:39:10","slug":"un-projet-dattentat-jihadiste-visant-le-premier-ministre-belge-a-ete-dejoue-a-bruxelles-ou-trois-jeunes-hommes-soupconnes-davoir-voulu-utiliser-un-drone-piege-ont-ete-arretes","status":"publish","type":"post","link":"https:\/\/www.iceagetv.com\/radiosite\/un-projet-dattentat-jihadiste-visant-le-premier-ministre-belge-a-ete-dejoue-a-bruxelles-ou-trois-jeunes-hommes-soupconnes-davoir-voulu-utiliser-un-drone-piege-ont-ete-arretes\/","title":{"rendered":"Un projet d\u2019attentat jihadiste visant le Premier ministre belge a \u00e9t\u00e9 d\u00e9jou\u00e9 \u00e0 Bruxelles o\u00f9 trois jeunes hommes, soup\u00e7onn\u00e9s d\u2019avoir voulu utiliser un drone pi\u00e9g\u00e9, ont \u00e9t\u00e9 arr\u00eat\u00e9s"},"content":{"rendered":"\n<p class=\"\">Un projet d\u2019attentat jihadiste visant le Premier ministre belge Bart De Wever a \u00e9t\u00e9 d\u00e9jou\u00e9 \u00e0 Bruxelles o\u00f9 trois jeunes hommes, soup\u00e7onn\u00e9s d\u2019avoir voulu utiliser un drone pi\u00e9g\u00e9, ont \u00e9t\u00e9 arr\u00eat\u00e9s. \u00abLa nouvelle d\u2019un projet d\u2019attentat visant le Premier ministre Bart De Wever est profond\u00e9ment choquante\u00bb, a ainsi d\u00e9clar\u00e9 sur X le ministre belge des Affaires \u00e9trang\u00e8res Maxime Pr\u00e9vot, qui a apport\u00e9 son soutien au chef du gouvernement, tout comme son coll\u00e8gue de la D\u00e9fense Th\u00e9o Francken. \u00abTout notre soutien \u00e0 vous et \u00e0 votre famille\u00bb, a-t-il d\u00e9clar\u00e9 sur X.<\/p>\n\n\n\n<p class=\"\">Il a \u00e9galement remerci\u00e9 les services de s\u00e9curit\u00e9 belges, tout comme M. Pr\u00e9vot. Trois jeunes adultes ont \u00e9t\u00e9 arr\u00eat\u00e9s jeudi \u00e0 Anvers pour des soup\u00e7ons de pr\u00e9paration d&rsquo;\u00abattentat terroriste d&rsquo;inspiration jihadiste \u00e0 l&rsquo;encontre d&rsquo;hommes politiques\u00bb \u00e0 l&rsquo;aide d&rsquo;un drone, avait annonc\u00e9 plus t\u00f4t la justice belge.<\/p>\n\n\n\n<p class=\"\">Ces arrestations s&rsquo;inscrivent dans le cadre d&rsquo;une enqu\u00eate pour \u00abtentative d&rsquo;assassinat terroriste et participation aux activit\u00e9s d&rsquo;un groupe terroriste\u00bb, a expliqu\u00e9 la cheffe du parquet f\u00e9d\u00e9ral Ann Fransen au cours d&rsquo;une conf\u00e9rence de presse \u00e0 Bruxelles. \u00abCertains \u00e9l\u00e9ments indiquent que l&rsquo;intention \u00e9tait de perp\u00e9trer un attentat terroriste d&rsquo;inspiration jihadiste \u00e0 l&rsquo;encontre d&rsquo;hommes politiques\u00bb, a-t-elle poursuivi.<\/p>\n\n\n\n<p class=\"\">\u00abIl y a \u00e9galement des indications que le but des suspects \u00e9tait de fabriquer un drone auquel une cargaison devait \u00eatre attach\u00e9e\u00bb, a ajout\u00e9 Mme Fransen. Selon la presse, la police a fouill\u00e9 une maison \u00e0 quelques centaines de m\u00e8tres du domicile du chef du gouvernement \u00e0 Anvers.<\/p>\n\n\n\n<p class=\"\">\u00abLors de la perquisition au domicile d&rsquo;un des suspects\u00bb, un engin improvis\u00e9, potentiellement explosif mais pas encore op\u00e9rationnel, a \u00e9t\u00e9 trouv\u00e9 ainsi qu&rsquo;un sac contenant des billes de m\u00e9tal. Chez un deuxi\u00e8me suspect, la police a d\u00e9couvert une imprimante 3D \u00abdont on peut soup\u00e7onner qu&rsquo;elle devait servir \u00e0 fabriquer des pi\u00e8ces utiles \u00e0 la commission d&rsquo;un attentat\u00bb, a d\u00e9clar\u00e9 Ann Fransen. Les suspects sont des adultes n\u00e9s en 2001, 2002 et 2007.<\/p>\n\n\n\n<p class=\"\">Deux d&rsquo;entre eux \u00e9taient auditionn\u00e9s par la police judiciaire et compara\u00eetront devant un juge d&rsquo;instruction vendredi. Le troisi\u00e8me suspect a \u00e9t\u00e9 lib\u00e9r\u00e9.<\/p>\n","protected":false},"excerpt":{"rendered":"<p>Un projet d\u2019attentat jihadiste visant le Premier ministre belge Bart De Wever a \u00e9t\u00e9 d\u00e9jou\u00e9 \u00e0 Bruxelles o\u00f9 trois jeunes hommes, soup\u00e7onn\u00e9s d\u2019avoir voulu utiliser un drone pi\u00e9g\u00e9, ont \u00e9t\u00e9 arr\u00eat\u00e9s. \u00abLa nouvelle d\u2019un projet d\u2019attentat visant le Premier ministre Bart De Wever est profond\u00e9ment choquante\u00bb, a ainsi d\u00e9clar\u00e9 sur X le ministre belge des [&hellip;]<\/p>\n","protected":false},"author":2,"featured_media":38885,"comment_status":"open","ping_status":"open","sticky":false,"template":"","format":"standard","meta":{"_jetpack_memberships_contains_paid_content":false,"footnotes":"","jetpack_publicize_message":"","jetpack_publicize_feature_enabled":true,"jetpack_social_post_already_shared":true,"jetpack_social_options":{"image_generator_settings":{"template":"highway","default_image_id":0,"font":"","enabled":true,"token":"eyJpbWciOiJodHRwczpcL1wvd3d3LmljZWFnZXR2LmNvbVwvcmFkaW9zaXRlXC93cC1jb250ZW50XC91cGxvYWRzXC8yMDI1XC8xMFwvQ2FwdHVyZS1kZWNyYW4tMjAyNS0xMC0xMC0wODM4MjYucG5nIiwidHh0IjoiVW4gcHJvamV0IGRcdTIwMTlhdHRlbnRhdCBqaWhhZGlzdGUgdmlzYW50IGxlIFByZW1pZXIgbWluaXN0cmUgYmVsZ2UgYSBcdTAwZTl0XHUwMGU5IGRcdTAwZTlqb3VcdTAwZTkgXHUwMGUwIEJydXhlbGxlcyBvXHUwMGY5IHRyb2lzIGpldW5lcyBob21tZXMsIHNvdXBcdTAwZTdvbm5cdTAwZTlzIGRcdTIwMTlhdm9pciB2b3VsdSB1dGlsaXNlciB1biBkcm9uZSBwaVx1MDBlOWdcdTAwZTksIG9udCBcdTAwZTl0XHUwMGU5IGFyclx1MDBlYXRcdTAwZTlzIiwidGVtcGxhdGUiOiJoaWdod2F5IiwiZm9udCI6IiIsImJsb2dfaWQiOjExMTAxNjQ2MX0.w-Od6pdhFKSvD2-cuXQA13AfL2yAJtqO8m6Hhr8lZGEMQ"},"version":2},"_wpas_customize_per_network":false},"categories":[405],"tags":[],"class_list":["post-38884","post","type-post","status-publish","format-standard","has-post-thumbnail","hentry","category-actu-france-monde"],"jetpack_publicize_connections":[],"jetpack_featured_media_url":"https:\/\/i0.wp.com\/www.iceagetv.com\/radiosite\/wp-content\/uploads\/2025\/10\/Capture-decran-2025-10-10-083826.png?fit=717%2C263&ssl=1","jetpack_sharing_enabled":true,"_links":{"self":[{"href":"https:\/\/www.iceagetv.com\/radiosite\/wp-json\/wp\/v2\/posts\/38884","targetHints":{"allow":["GET"]}}],"collection":[{"href":"https:\/\/www.iceagetv.com\/radiosite\/wp-json\/wp\/v2\/posts"}],"about":[{"href":"https:\/\/www.iceagetv.com\/radiosite\/wp-json\/wp\/v2\/types\/post"}],"author":[{"embeddable":true,"href":"https:\/\/www.iceagetv.com\/radiosite\/wp-json\/wp\/v2\/users\/2"}],"replies":[{"embeddable":true,"href":"https:\/\/www.iceagetv.com\/radiosite\/wp-json\/wp\/v2\/comments?post=38884"}],"version-history":[{"count":1,"href":"https:\/\/www.iceagetv.com\/radiosite\/wp-json\/wp\/v2\/posts\/38884\/revisions"}],"predecessor-version":[{"id":38886,"href":"https:\/\/www.iceagetv.com\/radiosite\/wp-json\/wp\/v2\/posts\/38884\/revisions\/38886"}],"wp:featuredmedia":[{"embeddable":true,"href":"https:\/\/www.iceagetv.com\/radiosite\/wp-json\/wp\/v2\/media\/38885"}],"wp:attachment":[{"href":"https:\/\/www.iceagetv.com\/radiosite\/wp-json\/wp\/v2\/media?parent=38884"}],"wp:term":[{"taxonomy":"category","embeddable":true,"href":"https:\/\/www.iceagetv.com\/radiosite\/wp-json\/wp\/v2\/categories?post=38884"},{"taxonomy":"post_tag","embeddable":true,"href":"https:\/\/www.iceagetv.com\/radiosite\/wp-json\/wp\/v2\/tags?post=38884"}],"curies":[{"name":"wp","href":"https:\/\/api.w.org\/{rel}","templated":true}]}}