{"id":3889,"date":"2016-02-05T12:36:22","date_gmt":"2016-02-05T12:36:22","guid":{"rendered":"http:\/\/www.iceagetv.com\/radiosite\/?p=3889"},"modified":"2016-02-05T12:36:22","modified_gmt":"2016-02-05T12:36:22","slug":"manuel-valls-un-projet-terroriste-dejoue-a-tours-grace-a-letat-durgence","status":"publish","type":"post","link":"https:\/\/www.iceagetv.com\/radiosite\/manuel-valls-un-projet-terroriste-dejoue-a-tours-grace-a-letat-durgence\/","title":{"rendered":"Manuel Valls : un \u00ab\u00a0projet terroriste d\u00e9jou\u00e9\u00a0\u00bb \u00e0 Tours gr\u00e2ce \u00e0 l&rsquo;\u00e9tat d&rsquo;urgence"},"content":{"rendered":"<p>\n\tD&#39;apr&egrave;s le Premier ministre, l&#39;&eacute;tat d&#39;urgence a permis de d&eacute;jouer un &quot;projet terroriste&quot; &agrave; Tours. En faisant r&eacute;f&eacute;rence &agrave; l&#39;arrestation d&#39;un Tch&eacute;tch&egrave;ne dans le quartier du Sanitas en d&eacute;cembre.\n<\/p>\n<p>\n\tPour d&eacute;fendre&nbsp;son projet d&#39;inscription de l&#39;&eacute;tat d&#39;urgence et de la d&eacute;ch&eacute;ance de nationalit&eacute; dans la Constitution, ce vendredi matin &agrave; l&#39;Assembl&eacute;e nationale,&nbsp;Manuel Valls&nbsp;a fait r&eacute;f&eacute;rence &agrave; un &laquo;&nbsp;projet terroriste d&eacute;jou&eacute; &raquo;&nbsp;&agrave;&nbsp;Tours&nbsp;en d&eacute;cembre.S&#39;il n&#39;a pas pr&eacute;cis&eacute; &agrave; la tribune &agrave; quelle affaire il faisait r&eacute;f&eacute;rence, plusieurs sources concordantes ont indiqu&eacute; &agrave; l&#39;AFP que le Premier ministre&nbsp;visait&nbsp; l&#39;arrestation en d&eacute;cembre dans le quartier du Sanitas &agrave; Tours&nbsp;d&#39;Issa Khassief, un Tch&eacute;tch&egrave;ne de 27 ans.\n<\/p>\n<p>\n\tAssign&eacute; &agrave; r&eacute;sidence apr&egrave;s les attentats du 13 novembre &agrave; Paris, il a &eacute;t&eacute;&nbsp;mis en examen et plac&eacute; en d&eacute;tention provisoire&nbsp;le 18 d&eacute;cembre pour &laquo;&nbsp;association de malfaiteurs en lien avec une entreprise terroriste&nbsp;&raquo;.\n<\/p>\n<p>\n\tAu cours d&#39;une perquisition administrative &agrave; son domicile, les policiers avaient retrouv&eacute; une vid&eacute;o o&ugrave; il faisait all&eacute;geance &agrave; l&#39;Etat islamique (EI), et une autre o&ugrave; il mena&ccedil;ait des policiers.\n<\/p>\n<p>\n\t&laquo; Il avait manifestement l&#39;intention de passer &agrave; l&#39;acte &raquo;, a pr&eacute;cis&eacute; une source gouvernementale &agrave; l&#39;AFP.&nbsp;Lors de sa garde &agrave; vue, il a pourtant assur&eacute; le contraire aux enqu&ecirc;teurs, mais n&#39;a pas contest&eacute; avoir mis en ligne ces vid&eacute;os.<\/p>\n","protected":false},"excerpt":{"rendered":"<p>D&#39;apr&egrave;s le Premier ministre, l&#39;&eacute;tat d&#39;urgence a permis de d&eacute;jouer un &quot;projet terroriste&quot; &agrave; Tours. En faisant r&eacute;f&eacute;rence &agrave; l&#39;arrestation d&#39;un Tch&eacute;tch&egrave;ne dans le quartier du Sanitas en d&eacute;cembre. Pour d&eacute;fendre&nbsp;son projet d&#39;inscription de l&#39;&eacute;tat d&#39;urgence et de la d&eacute;ch&eacute;ance de nationalit&eacute; dans la Constitution, ce vendredi matin &agrave; l&#39;Assembl&eacute;e nationale,&nbsp;Manuel Valls&nbsp;a fait r&eacute;f&eacute;rence &agrave; [&hellip;]<\/p>\n","protected":false},"author":2,"featured_media":3890,"comment_status":"open","ping_status":"open","sticky":false,"template":"","format":"standard","meta":{"_jetpack_memberships_contains_paid_content":false,"footnotes":"","jetpack_publicize_message":"","jetpack_publicize_feature_enabled":true,"jetpack_social_post_already_shared":false,"jetpack_social_options":{"image_generator_settings":{"template":"highway","default_image_id":0,"font":"","enabled":false},"version":2},"_wpas_customize_per_network":false},"categories":[405],"tags":[581],"class_list":["post-3889","post","type-post","status-publish","format-standard","has-post-thumbnail","hentry","category-actu-france-monde","tag-manuel-valls"],"jetpack_publicize_connections":[],"jetpack_featured_media_url":"https:\/\/i0.wp.com\/www.iceagetv.com\/radiosite\/wp-content\/uploads\/2016\/02\/Manuel-Valls.jpg?fit=640%2C426&ssl=1","jetpack_sharing_enabled":true,"_links":{"self":[{"href":"https:\/\/www.iceagetv.com\/radiosite\/wp-json\/wp\/v2\/posts\/3889","targetHints":{"allow":["GET"]}}],"collection":[{"href":"https:\/\/www.iceagetv.com\/radiosite\/wp-json\/wp\/v2\/posts"}],"about":[{"href":"https:\/\/www.iceagetv.com\/radiosite\/wp-json\/wp\/v2\/types\/post"}],"author":[{"embeddable":true,"href":"https:\/\/www.iceagetv.com\/radiosite\/wp-json\/wp\/v2\/users\/2"}],"replies":[{"embeddable":true,"href":"https:\/\/www.iceagetv.com\/radiosite\/wp-json\/wp\/v2\/comments?post=3889"}],"version-history":[{"count":1,"href":"https:\/\/www.iceagetv.com\/radiosite\/wp-json\/wp\/v2\/posts\/3889\/revisions"}],"predecessor-version":[{"id":3891,"href":"https:\/\/www.iceagetv.com\/radiosite\/wp-json\/wp\/v2\/posts\/3889\/revisions\/3891"}],"wp:featuredmedia":[{"embeddable":true,"href":"https:\/\/www.iceagetv.com\/radiosite\/wp-json\/wp\/v2\/media\/3890"}],"wp:attachment":[{"href":"https:\/\/www.iceagetv.com\/radiosite\/wp-json\/wp\/v2\/media?parent=3889"}],"wp:term":[{"taxonomy":"category","embeddable":true,"href":"https:\/\/www.iceagetv.com\/radiosite\/wp-json\/wp\/v2\/categories?post=3889"},{"taxonomy":"post_tag","embeddable":true,"href":"https:\/\/www.iceagetv.com\/radiosite\/wp-json\/wp\/v2\/tags?post=3889"}],"curies":[{"name":"wp","href":"https:\/\/api.w.org\/{rel}","templated":true}]}}