{"id":38907,"date":"2025-10-10T13:27:42","date_gmt":"2025-10-10T11:27:42","guid":{"rendered":"https:\/\/www.iceagetv.com\/radiosite\/?p=38907"},"modified":"2025-10-10T13:27:46","modified_gmt":"2025-10-10T11:27:46","slug":"alerte-enlevement-dans-le-var-maelle-4-ans-retrouvee-saine-et-sauve-le-pere-interpelle-en-region-parisienne","status":"publish","type":"post","link":"https:\/\/www.iceagetv.com\/radiosite\/alerte-enlevement-dans-le-var-maelle-4-ans-retrouvee-saine-et-sauve-le-pere-interpelle-en-region-parisienne\/","title":{"rendered":"Alerte enl\u00e8vement dans le Var\u00a0: Ma\u00eblle, 4 ans, retrouv\u00e9e saine et sauve, le p\u00e8re interpell\u00e9 en r\u00e9gion parisienne"},"content":{"rendered":"\n<p class=\"\"><strong>La petite fille avait \u00e9t\u00e9 enlev\u00e9e dans des circonstances \u00abtr\u00e8s inqui\u00e9tantes\u00bb avant d\u2019\u00eatre retrouv\u00e9e. Le dispositif alerte enl\u00e8vement avait \u00e9t\u00e9 bri\u00e8vement d\u00e9clench\u00e9 puis suspendu par le procureur de la R\u00e9publique de Toulon.<\/strong>Ma\u00eblle, quatre ans, a \u00e9t\u00e9 retrouv\u00e9e saine et sauve. Bri\u00e8vement port\u00e9e disparue ce vendredi matin, la petite fille a \u00e9t\u00e9 sauv\u00e9e par les forces de l\u2019ordre peu avant midi alors qu\u2019elle se trouvait \u00e0 \u00c9pinay-sur-Seine (Seine-Saint-Denis) avec son p\u00e8re. Ce dernier a \u00e9t\u00e9 interpell\u00e9 par les services de police.Le d\u00e9clenchement du dispositif\u00a0<a href=\"http:\/\/www.lefigaro.fr\/faits-divers\/disparition-dans-l-orne-la-fillette-retrouvee-saine-et-sauve-le-pere-interpelle-par-le-raid-et-la-bri-20251008\">alerte enl\u00e8vement<\/a>\u00a0a donc \u00e9t\u00e9 suspendu aux alentours de 10 heures par le procureur de la R\u00e9publique de Toulon, Rapha\u00ebl Balland. Ma\u00eblle avait \u00e9t\u00e9 enlev\u00e9e par son p\u00e8re dans des circonstances\u00a0<em>\u00abtr\u00e8s inqui\u00e9tantes\u00bb<\/em>.\u00a0Comme initialement r\u00e9v\u00e9l\u00e9 par\u00a0<a href=\"https:\/\/www.leparisien.fr\/faits-divers\/var-lalerte-enlevement-declenchee-pour-une-fillette-de-quatre-ans-10-10-2025-R6R24QGJ2VDC3LT5K5N7RHMXMA.php\" target=\"_blank\" rel=\"noreferrer noopener\"><em>Le Parisien<\/em><\/a>, son p\u00e8re a \u00e9t\u00e9 plac\u00e9 en garde \u00e0 vue pour des faits d\u2019\u00abenl\u00e8vement\u00bb et de \u00abmenaces de mort\u00bb. L\u2019homme n\u2019avait pas rapport\u00e9 l\u2019enfant \u00e0 sa m\u00e8re alors qu\u2019il devait le faire depuis mercredi en raison de leur s\u00e9paration.P\u00e8re connu de la justice et SDF<\/p>\n\n\n\n<p class=\"\"><em>\u00abLes principales inqui\u00e9tudes r\u00e9sultaient du fait qu\u2019il avait menac\u00e9 par messages \u00e9lectroniques la m\u00e8re dans la matin\u00e9e de mercredi de tuer l\u2019enfant et qu\u2019ils avaient ensuite tous les deux disparu en coupant m\u00eame toute possibilit\u00e9 de les tracer t\u00e9l\u00e9phoniquement. P\u00e8re connu de la Justice et qui \u00e9tait r\u00e9cemment devenu SDF\u00bb<\/em>, indique le procureur.<\/p>\n\n\n\n<p class=\"\">Selon le procureur, les enqu\u00eateurs ont obtenu dans la matin\u00e9e des&nbsp;<em>\u00abinformations d\u00e9terminantes\u00bb&nbsp;<\/em>permettant de localiser le p\u00e8re et l\u2019enfant. Cette derni\u00e8re a \u00e9t\u00e9 retrouv\u00e9e&nbsp;<em>\u00aben bonne sant\u00e9\u00bb<\/em>&nbsp;et va \u00eatre remise \u00e0 sa m\u00e8re dans la journ\u00e9e.&nbsp;<em>\u00abCe sont des informations d\u00e9terminantes recueillies au moment du d\u00e9clenchement de l\u2019alerte enl\u00e8vement, qui ont finalement permis de faire progresser rapidement les investigations\u00bb<\/em>, a ajout\u00e9 Rapha\u00ebl Balland, soulignant le travail des enqu\u00eateurs de la direction interd\u00e9partementale de police nationale du Var (DIPN 83).<\/p>\n","protected":false},"excerpt":{"rendered":"<p>La petite fille avait \u00e9t\u00e9 enlev\u00e9e dans des circonstances \u00abtr\u00e8s inqui\u00e9tantes\u00bb avant d\u2019\u00eatre retrouv\u00e9e. Le dispositif alerte enl\u00e8vement avait \u00e9t\u00e9 bri\u00e8vement d\u00e9clench\u00e9 puis suspendu par le procureur de la R\u00e9publique de Toulon.Ma\u00eblle, quatre ans, a \u00e9t\u00e9 retrouv\u00e9e saine et sauve. Bri\u00e8vement port\u00e9e disparue ce vendredi matin, la petite fille a \u00e9t\u00e9 sauv\u00e9e par les forces [&hellip;]<\/p>\n","protected":false},"author":2,"featured_media":38909,"comment_status":"open","ping_status":"open","sticky":false,"template":"","format":"standard","meta":{"_jetpack_memberships_contains_paid_content":false,"footnotes":"","jetpack_publicize_message":"","jetpack_publicize_feature_enabled":true,"jetpack_social_post_already_shared":true,"jetpack_social_options":{"image_generator_settings":{"template":"highway","default_image_id":0,"font":"","enabled":true,"token":"eyJpbWciOiJodHRwczpcL1wvd3d3LmljZWFnZXR2LmNvbVwvcmFkaW9zaXRlXC93cC1jb250ZW50XC91cGxvYWRzXC8yMDI1XC8xMFwvQ2FwdHVyZS1kZWNyYW4tMjAyNS0xMC0xMC0xMzI3MDEucG5nIiwidHh0IjoiQWxlcnRlIGVubFx1MDBlOHZlbWVudCBkYW5zIGxlIFZhclx1MDBhMDogTWFcdTAwZWJsbGUsIDQgYW5zLCByZXRyb3V2XHUwMGU5ZSBzYWluZSBldCBzYXV2ZSwgbGUgcFx1MDBlOHJlIGludGVycGVsbFx1MDBlOSBlbiByXHUwMGU5Z2lvbiBwYXJpc2llbm5lIiwidGVtcGxhdGUiOiJoaWdod2F5IiwiZm9udCI6IiIsImJsb2dfaWQiOjExMTAxNjQ2MX0.oSh73gO0vsqieP7SHHJXErRKTrAcN7mDh3d7vC8orCYMQ"},"version":2},"_wpas_customize_per_network":false},"categories":[405],"tags":[],"class_list":["post-38907","post","type-post","status-publish","format-standard","has-post-thumbnail","hentry","category-actu-france-monde"],"jetpack_publicize_connections":[],"jetpack_featured_media_url":"https:\/\/i0.wp.com\/www.iceagetv.com\/radiosite\/wp-content\/uploads\/2025\/10\/Capture-decran-2025-10-10-132701.png?fit=663%2C276&ssl=1","jetpack_sharing_enabled":true,"_links":{"self":[{"href":"https:\/\/www.iceagetv.com\/radiosite\/wp-json\/wp\/v2\/posts\/38907","targetHints":{"allow":["GET"]}}],"collection":[{"href":"https:\/\/www.iceagetv.com\/radiosite\/wp-json\/wp\/v2\/posts"}],"about":[{"href":"https:\/\/www.iceagetv.com\/radiosite\/wp-json\/wp\/v2\/types\/post"}],"author":[{"embeddable":true,"href":"https:\/\/www.iceagetv.com\/radiosite\/wp-json\/wp\/v2\/users\/2"}],"replies":[{"embeddable":true,"href":"https:\/\/www.iceagetv.com\/radiosite\/wp-json\/wp\/v2\/comments?post=38907"}],"version-history":[{"count":1,"href":"https:\/\/www.iceagetv.com\/radiosite\/wp-json\/wp\/v2\/posts\/38907\/revisions"}],"predecessor-version":[{"id":38910,"href":"https:\/\/www.iceagetv.com\/radiosite\/wp-json\/wp\/v2\/posts\/38907\/revisions\/38910"}],"wp:featuredmedia":[{"embeddable":true,"href":"https:\/\/www.iceagetv.com\/radiosite\/wp-json\/wp\/v2\/media\/38909"}],"wp:attachment":[{"href":"https:\/\/www.iceagetv.com\/radiosite\/wp-json\/wp\/v2\/media?parent=38907"}],"wp:term":[{"taxonomy":"category","embeddable":true,"href":"https:\/\/www.iceagetv.com\/radiosite\/wp-json\/wp\/v2\/categories?post=38907"},{"taxonomy":"post_tag","embeddable":true,"href":"https:\/\/www.iceagetv.com\/radiosite\/wp-json\/wp\/v2\/tags?post=38907"}],"curies":[{"name":"wp","href":"https:\/\/api.w.org\/{rel}","templated":true}]}}