{"id":38953,"date":"2025-10-11T15:06:57","date_gmt":"2025-10-11T13:06:57","guid":{"rendered":"https:\/\/www.iceagetv.com\/radiosite\/?p=38953"},"modified":"2025-10-11T15:07:01","modified_gmt":"2025-10-11T13:07:01","slug":"une-lettre-de-menaces-annoncant-un-carnage-ce-week-end-a-notre-dame-de-paris-decouverte-dans-la-cathedrale-des-couteaux-ont-ete-caches-par-des-visiteurs","status":"publish","type":"post","link":"https:\/\/www.iceagetv.com\/radiosite\/une-lettre-de-menaces-annoncant-un-carnage-ce-week-end-a-notre-dame-de-paris-decouverte-dans-la-cathedrale-des-couteaux-ont-ete-caches-par-des-visiteurs\/","title":{"rendered":"Une lettre de menaces annon\u00e7ant \u00ab\u00a0un carnage ce week-end\u00a0\u00bb \u00e0 Notre-Dame de Paris, d\u00e9couverte dans la cath\u00e9drale : \u00ab\u00a0Des couteaux ont \u00e9t\u00e9 cach\u00e9s par des visiteurs"},"content":{"rendered":"\n<p class=\"\">Une lettre anonyme affirmant qu\u2019un attentat allait \u00eatre commis dans la cath\u00e9drale Notre-Dame durant ce week-end du 11 et 12 octobre a \u00e9t\u00e9 retrouv\u00e9e vendredi apr\u00e8s-midi par une sacristaine, a appris Le Figaro de source polici\u00e8re.<\/p>\n\n\n\n<p class=\"\">Le message, dactylographi\u00e9, \u00e9tait pos\u00e9 pr\u00e8s des cierges et indiquait : \u00abN\u2019ouvrez pas la cath\u00e9drale le 11 et 12 octobre il y aura des visiteurs \u00e9trangers qui, gr\u00e2ce \u00e0 l\u2019aide d\u2019autres visiteurs, ont d\u00e9j\u00e0 cach\u00e9 des couteaux dans la cath\u00e9drale ces derniers jours, ils feront un carnage. N\u2019ouvrez pas la cath\u00e9drale SVP.\u00bb<\/p>\n\n\n\n<p class=\"\">Le service de s\u00e9curit\u00e9 du site a imm\u00e9diatement \u00e9t\u00e9 alert\u00e9. S\u2019il n\u2019a pas \u00e9vacu\u00e9 l\u2019\u00e9difice religieux, il a proc\u00e9d\u00e9 \u00e0 des v\u00e9rifications afin d\u2019\u00e9carter toute menace. \u00abLes fouilles ont permis une lev\u00e9e de doute\u00bb d\u00e8s vendredi soir, indique la pr\u00e9fecture de police de Paris (PP).<\/p>\n\n\n\n<p class=\"\">Et d\u2019ajouter : \u00abAvant la r\u00e9ouverture de la cath\u00e9drale au public ce samedi matin, une inspection de s\u00e9curit\u00e9 r\u00e9alis\u00e9e conjointement par les services de s\u00e9curit\u00e9 de la cath\u00e9drale et les effectifs de la Direction de l\u2019ordre public et de la circulation de la PP a permis d\u2019\u00e9carter tout risque.\u00bb<\/p>\n","protected":false},"excerpt":{"rendered":"<p>Une lettre anonyme affirmant qu\u2019un attentat allait \u00eatre commis dans la cath\u00e9drale Notre-Dame durant ce week-end du 11 et 12 octobre a \u00e9t\u00e9 retrouv\u00e9e vendredi apr\u00e8s-midi par une sacristaine, a appris Le Figaro de source polici\u00e8re. Le message, dactylographi\u00e9, \u00e9tait pos\u00e9 pr\u00e8s des cierges et indiquait : \u00abN\u2019ouvrez pas la cath\u00e9drale le 11 et 12 [&hellip;]<\/p>\n","protected":false},"author":2,"featured_media":38954,"comment_status":"open","ping_status":"open","sticky":false,"template":"","format":"standard","meta":{"_jetpack_memberships_contains_paid_content":false,"footnotes":"","jetpack_publicize_message":"","jetpack_publicize_feature_enabled":true,"jetpack_social_post_already_shared":true,"jetpack_social_options":{"image_generator_settings":{"template":"highway","default_image_id":0,"font":"","enabled":true,"token":"eyJpbWciOiJodHRwczpcL1wvd3d3LmljZWFnZXR2LmNvbVwvcmFkaW9zaXRlXC93cC1jb250ZW50XC91cGxvYWRzXC8yMDI1XC8xMFwvQ2FwdHVyZS1kZWNyYW4tMjAyNS0xMC0xMS0xNTA2MTcucG5nIiwidHh0IjoiVW5lIGxldHRyZSBkZSBtZW5hY2VzIGFubm9uXHUwMGU3YW50ICYjODIyMDt1biBjYXJuYWdlIGNlIHdlZWstZW5kJiM4MjIxOyBcdTAwZTAgTm90cmUtRGFtZSBkZSBQYXJpcywgZFx1MDBlOWNvdXZlcnRlIGRhbnMgbGEgY2F0aFx1MDBlOWRyYWxlIDogJiM4MjIwO0RlcyBjb3V0ZWF1eCBvbnQgXHUwMGU5dFx1MDBlOSBjYWNoXHUwMGU5cyBwYXIgZGVzIHZpc2l0ZXVycyIsInRlbXBsYXRlIjoiaGlnaHdheSIsImZvbnQiOiIiLCJibG9nX2lkIjoxMTEwMTY0NjF9.y-F3PKVUcikAZbg-ognyu_Uv7vwJYpqCjC2JmybARpEMQ"},"version":2},"_wpas_customize_per_network":false},"categories":[405],"tags":[],"class_list":["post-38953","post","type-post","status-publish","format-standard","has-post-thumbnail","hentry","category-actu-france-monde"],"jetpack_publicize_connections":[],"jetpack_featured_media_url":"https:\/\/i0.wp.com\/www.iceagetv.com\/radiosite\/wp-content\/uploads\/2025\/10\/Capture-decran-2025-10-11-150617.png?fit=685%2C262&ssl=1","jetpack_sharing_enabled":true,"_links":{"self":[{"href":"https:\/\/www.iceagetv.com\/radiosite\/wp-json\/wp\/v2\/posts\/38953","targetHints":{"allow":["GET"]}}],"collection":[{"href":"https:\/\/www.iceagetv.com\/radiosite\/wp-json\/wp\/v2\/posts"}],"about":[{"href":"https:\/\/www.iceagetv.com\/radiosite\/wp-json\/wp\/v2\/types\/post"}],"author":[{"embeddable":true,"href":"https:\/\/www.iceagetv.com\/radiosite\/wp-json\/wp\/v2\/users\/2"}],"replies":[{"embeddable":true,"href":"https:\/\/www.iceagetv.com\/radiosite\/wp-json\/wp\/v2\/comments?post=38953"}],"version-history":[{"count":1,"href":"https:\/\/www.iceagetv.com\/radiosite\/wp-json\/wp\/v2\/posts\/38953\/revisions"}],"predecessor-version":[{"id":38955,"href":"https:\/\/www.iceagetv.com\/radiosite\/wp-json\/wp\/v2\/posts\/38953\/revisions\/38955"}],"wp:featuredmedia":[{"embeddable":true,"href":"https:\/\/www.iceagetv.com\/radiosite\/wp-json\/wp\/v2\/media\/38954"}],"wp:attachment":[{"href":"https:\/\/www.iceagetv.com\/radiosite\/wp-json\/wp\/v2\/media?parent=38953"}],"wp:term":[{"taxonomy":"category","embeddable":true,"href":"https:\/\/www.iceagetv.com\/radiosite\/wp-json\/wp\/v2\/categories?post=38953"},{"taxonomy":"post_tag","embeddable":true,"href":"https:\/\/www.iceagetv.com\/radiosite\/wp-json\/wp\/v2\/tags?post=38953"}],"curies":[{"name":"wp","href":"https:\/\/api.w.org\/{rel}","templated":true}]}}