{"id":3898,"date":"2016-02-06T09:30:03","date_gmt":"2016-02-06T09:30:03","guid":{"rendered":"http:\/\/www.iceagetv.com\/radiosite\/?p=3898"},"modified":"2016-02-06T09:30:03","modified_gmt":"2016-02-06T09:30:03","slug":"t","status":"publish","type":"post","link":"https:\/\/www.iceagetv.com\/radiosite\/t\/","title":{"rendered":"Agriculteurs : p\u00e9age gratuit \u00e0 Dozul\u00e9, actions contre les supermarch\u00e9s dans l&rsquo;Est"},"content":{"rendered":"<p>\n\tAlors que les agriculteurs normands ont men&eacute; pendant la nuit une op&eacute;ration p&eacute;age gratuit &agrave; Dozul&eacute; (Calvados) sur l&#39;A13, plusieurs centaines d&#39;agriculteurs de Haute-Sa&ocirc;ne visent, depuis vendredi soir,&nbsp;une vingtaine d&#39;enseignes de la grande distribution&nbsp;pour d&eacute;noncer la &laquo;pression des prix et des charges&raquo;.\n<\/p>\n<p>\n\tAvec plus d&#39;une centaine de tracteurs, les producteurs ont d&eacute;vers&eacute; des gravats, du fumier et de la terre devant les entr&eacute;es et les quais de d&eacute;chargement de marchandises de 21 supermarch&eacute;s r&eacute;partis sur 11 sites du d&eacute;partement comme &agrave; Vesoul, Port-sur-Sa&ocirc;ne et Gray.&nbsp;<\/p>\n<p>\tParmi les magasins vis&eacute;s figurent notamment les enseignes allemandes low cost Lidl et Aldi mais aussi ceux de la cha&icirc;ne belge Colruyt. Selon les agriculteurs, ces magasins s&#39;approvisionnent &laquo;de mani&egrave;re cons&eacute;quente en viande &eacute;trang&egrave;re notamment irlandaise.&raquo; D&#39;autres enseignes ont &eacute;t&eacute; cibl&eacute;es pour avoir d&eacute;r&eacute;f&eacute;renc&eacute; les produits r&eacute;gionaux. De&nbsp;nouvelles actions devraient se poursuivre&nbsp;dans la journ&eacute;e en Normandie sur l&#39;A13 au p&eacute;age de Dozul&eacute; peut-&ecirc;tre jusqu&#39;&agrave; 16 heures et en Haute-Sa&ocirc;ne. Les producteurs ont d&eacute;j&agrave; promis des&nbsp;actions&nbsp;pendant le salon de l&#39;agriculture&nbsp;dans trois semaines. Dans le Morbihan, la FDSEA a envoy&eacute; une lettre ouverte &agrave; Manuel Valls. &laquo;Les diff&eacute;rentes actions men&eacute;es ces derni&egrave;res semaines, qui visaient la grande distribution, n&rsquo;ont qu&rsquo;un seul objectif : une juste r&eacute;partition des marges pour une r&eacute;elle revalorisation des prix &agrave; la production&raquo;, explique Franck Gu&eacute;hennec, pr&eacute;sident du syndicat dans le Morbihan dans le T&eacute;l&eacute;gramme en ajoutant : &laquo;Plusieurs leviers permettront cette juste r&eacute;partition: un &eacute;tiquetage obligatoire des produits agricoles frais et transform&eacute;s , des n&eacute;gociations commerciales orient&eacute;es &agrave; la hausse avec des annonces claires et affich&eacute;es des grandes centrales d&rsquo;achat , la mise en place d&rsquo;un syst&egrave;me permettant une indexation des n&eacute;gociations commerciales aux co&ucirc;ts de production afin de rendre impossible des prix &agrave; la production inf&eacute;rieurs aux co&ucirc;ts de production.&raquo;\n<\/p>\n<p>\n\t<br \/>\n\tUn appel qui sera peut-&ecirc;tre entendu par le Premier ministre. Manuel Valls va recevoir lundi &agrave; 10 heures les dirigeants du secteur de la grande distribution pour &laquo;un point sur la crise agricole&raquo;. En principe, des dirigeants d&#39;Auchan, de Carrefour, de Casino, Lidl ou encore Syst&egrave;me U seront aussi pr&eacute;sents.<\/p>\n","protected":false},"excerpt":{"rendered":"<p>Alors que les agriculteurs normands ont men&eacute; pendant la nuit une op&eacute;ration p&eacute;age gratuit &agrave; Dozul&eacute; (Calvados) sur l&#39;A13, plusieurs centaines d&#39;agriculteurs de Haute-Sa&ocirc;ne visent, depuis vendredi soir,&nbsp;une vingtaine d&#39;enseignes de la grande distribution&nbsp;pour d&eacute;noncer la &laquo;pression des prix et des charges&raquo;. Avec plus d&#39;une centaine de tracteurs, les producteurs ont d&eacute;vers&eacute; des gravats, du [&hellip;]<\/p>\n","protected":false},"author":2,"featured_media":3899,"comment_status":"open","ping_status":"open","sticky":false,"template":"","format":"standard","meta":{"_jetpack_memberships_contains_paid_content":false,"footnotes":"","jetpack_publicize_message":"","jetpack_publicize_feature_enabled":true,"jetpack_social_post_already_shared":false,"jetpack_social_options":{"image_generator_settings":{"template":"highway","default_image_id":0,"font":"","enabled":false},"version":2},"_wpas_customize_per_network":false},"categories":[405],"tags":[895],"class_list":["post-3898","post","type-post","status-publish","format-standard","has-post-thumbnail","hentry","category-actu-france-monde","tag-agriculteurs"],"jetpack_publicize_connections":[],"jetpack_featured_media_url":"https:\/\/i0.wp.com\/www.iceagetv.com\/radiosite\/wp-content\/uploads\/2016\/02\/Agriculteurs.jpg?fit=545%2C362&ssl=1","jetpack_sharing_enabled":true,"_links":{"self":[{"href":"https:\/\/www.iceagetv.com\/radiosite\/wp-json\/wp\/v2\/posts\/3898","targetHints":{"allow":["GET"]}}],"collection":[{"href":"https:\/\/www.iceagetv.com\/radiosite\/wp-json\/wp\/v2\/posts"}],"about":[{"href":"https:\/\/www.iceagetv.com\/radiosite\/wp-json\/wp\/v2\/types\/post"}],"author":[{"embeddable":true,"href":"https:\/\/www.iceagetv.com\/radiosite\/wp-json\/wp\/v2\/users\/2"}],"replies":[{"embeddable":true,"href":"https:\/\/www.iceagetv.com\/radiosite\/wp-json\/wp\/v2\/comments?post=3898"}],"version-history":[{"count":1,"href":"https:\/\/www.iceagetv.com\/radiosite\/wp-json\/wp\/v2\/posts\/3898\/revisions"}],"predecessor-version":[{"id":3900,"href":"https:\/\/www.iceagetv.com\/radiosite\/wp-json\/wp\/v2\/posts\/3898\/revisions\/3900"}],"wp:featuredmedia":[{"embeddable":true,"href":"https:\/\/www.iceagetv.com\/radiosite\/wp-json\/wp\/v2\/media\/3899"}],"wp:attachment":[{"href":"https:\/\/www.iceagetv.com\/radiosite\/wp-json\/wp\/v2\/media?parent=3898"}],"wp:term":[{"taxonomy":"category","embeddable":true,"href":"https:\/\/www.iceagetv.com\/radiosite\/wp-json\/wp\/v2\/categories?post=3898"},{"taxonomy":"post_tag","embeddable":true,"href":"https:\/\/www.iceagetv.com\/radiosite\/wp-json\/wp\/v2\/tags?post=3898"}],"curies":[{"name":"wp","href":"https:\/\/api.w.org\/{rel}","templated":true}]}}