{"id":38991,"date":"2025-10-12T08:35:13","date_gmt":"2025-10-12T06:35:13","guid":{"rendered":"https:\/\/www.iceagetv.com\/radiosite\/?p=38991"},"modified":"2025-10-12T08:35:17","modified_gmt":"2025-10-12T06:35:17","slug":"gaza-le-hamas-ne-sera-pas-present-a-la-signature-officielle-de-laccord-de-cessez-le-feu","status":"publish","type":"post","link":"https:\/\/www.iceagetv.com\/radiosite\/gaza-le-hamas-ne-sera-pas-present-a-la-signature-officielle-de-laccord-de-cessez-le-feu\/","title":{"rendered":"Gaza: le Hamas ne sera pas pr\u00e9sent \u00e0 la signature officielle de l&rsquo;accord de cessez-le-feu"},"content":{"rendered":"\n<p class=\"\">Hossam Badran, un membre du bureau politique du Hamas, a affirm\u00e9 que la d\u00e9l\u00e9gation du mouvement ne sera pas pr\u00e9sente pour la signature de l&rsquo;accord de cessez-le-feu.<\/p>\n\n\n\n<p class=\"\">La&nbsp;<a href=\"https:\/\/www.bfmtv.com\/international\/moyen-orient\/israel\/gaza-le-gouvernement-israelien-approuve-l-accord-de-liberation-des-otages_AD-202510090997.html\">d\u00e9l\u00e9gation du Hamas<\/a>&nbsp;ne participera pas \u00e0 la signature d&rsquo;un accord de cessez-le-feu \u00e0 Gaza, a affirm\u00e9, Hossam Badran, un membre de son bureau politique \u00e0 l&rsquo;AFP, ce samedi 11 octobre.<\/p>\n\n\n\n<p class=\"\">\u00ab\u00a0Concernant la\u00a0<a href=\"https:\/\/www.bfmtv.com\/international\/amerique-nord\/etats-unis\/donald-trump\/nous-allons-essayer-de-nous-y-rendre-donald-trump-evoque-un-deplacement-en-egypte-pour-la-signature-de-l-accord-sur-gaza_AD-202510090776.html\">signature officielle<\/a>, nous ne serons pas pr\u00e9sents\u00a0\u00bb, a-t-il dit en soulignant que le mouvement islamiste palestinien agissait \u00ab\u00a0par l&rsquo;interm\u00e9diaire des m\u00e9diateurs qataris et \u00e9gyptiens\u00a0\u00bb.Il a \u00e9galement indiqu\u00e9 que l&rsquo;id\u00e9e&nbsp;<a href=\"https:\/\/www.bfmtv.com\/international\/moyen-orient\/palestine\/liberation-des-otages-demantelement-du-hamas-quelles-etapes-a-gaza-apres-l-annonce-d-un-accord-de-paix-entre-israel-et-le-hamas_AV-202510090884.html\">d&rsquo;expulser les membres du Hamas de Gaza<\/a>, pr\u00e9vue dans&nbsp;<a href=\"https:\/\/rmc.bfmtv.com\/actualites\/international\/une-paix-solide-durable-et-eternelle-donald-trump-annonce-un-accord-de-paix-entre-israel-et-gaza_AV-202510090086.html\">le plan de paix du pr\u00e9sident am\u00e9ricain Donald Trump<\/a>&nbsp;pour mettre fin \u00e0 la guerre dans le territoire palestinien, est \u00ab\u00a0absurde\u00a0\u00bb.<\/p>\n\n\n\n<h2 class=\"wp-block-heading\" id=\"cufsh\">\u00ab\u00a0Absurder et insens\u00e9\u00a0\u00bb<\/h2>\n\n\n\n<blockquote class=\"wp-block-quote is-layout-flow wp-block-quote-is-layout-flow\">\n<p class=\"\">\u00ab\u00a0Les dirigeants du Hamas pr\u00e9sents dans la bande de Gaza se trouvent sur leur terre, celle o\u00f9 ils ont v\u00e9cu, parmi leur famille et leur peuple. Il est donc naturel qu&rsquo;ils y restent\u00a0\u00bb, a-t-il affirm\u00e9. \u00ab\u00a0Parler d&rsquo;expulser les Palestiniens, qu&rsquo;ils soient membres du Hamas ou non, de leur terre est absurde et insens\u00e9\u00a0\u00bb, a-t-il ajout\u00e9.<\/p>\n<\/blockquote>\n\n\n\n<p class=\"\">Par ailleurs, il a estim\u00e9 que les n\u00e9gociations pour la deuxi\u00e8me phase du plan seront \u00ab\u00a0plus complexes\u00a0\u00bb.<\/p>\n\n\n\n<p class=\"\">\u00ab\u00a0La deuxi\u00e8me phase des n\u00e9gociations n\u00e9cessite des discussions plus complexes et ne sera pas aussi facile que la premi\u00e8re phase [&#8230;] il y a beaucoup de complications et de difficult\u00e9s, ce qui n\u00e9cessite des n\u00e9gociations peut-\u00eatre plus longues\u00a0\u00bb, a-t-il ajout\u00e9.<\/p>\n","protected":false},"excerpt":{"rendered":"<p>Hossam Badran, un membre du bureau politique du Hamas, a affirm\u00e9 que la d\u00e9l\u00e9gation du mouvement ne sera pas pr\u00e9sente pour la signature de l&rsquo;accord de cessez-le-feu. La&nbsp;d\u00e9l\u00e9gation du Hamas&nbsp;ne participera pas \u00e0 la signature d&rsquo;un accord de cessez-le-feu \u00e0 Gaza, a affirm\u00e9, Hossam Badran, un membre de son bureau politique \u00e0 l&rsquo;AFP, ce samedi [&hellip;]<\/p>\n","protected":false},"author":2,"featured_media":38993,"comment_status":"open","ping_status":"open","sticky":false,"template":"","format":"standard","meta":{"_jetpack_memberships_contains_paid_content":false,"footnotes":"","jetpack_publicize_message":"","jetpack_publicize_feature_enabled":true,"jetpack_social_post_already_shared":true,"jetpack_social_options":{"image_generator_settings":{"template":"highway","default_image_id":0,"font":"","enabled":true,"token":"eyJpbWciOiJodHRwczpcL1wvd3d3LmljZWFnZXR2LmNvbVwvcmFkaW9zaXRlXC93cC1jb250ZW50XC91cGxvYWRzXC8yMDI1XC8xMFwvQ2FwdHVyZS1kZWNyYW4tMjAyNS0xMC0xMi0wODM0MjkucG5nIiwidHh0IjoiR2F6YTogbGUgSGFtYXMgbmUgc2VyYSBwYXMgcHJcdTAwZTlzZW50IFx1MDBlMCBsYSBzaWduYXR1cmUgb2ZmaWNpZWxsZSBkZSBsJiM4MjE3O2FjY29yZCBkZSBjZXNzZXotbGUtZmV1IiwidGVtcGxhdGUiOiJoaWdod2F5IiwiZm9udCI6IiIsImJsb2dfaWQiOjExMTAxNjQ2MX0.9VWLxlmwOsEQKyOd7oTDAR0uGF2MlAznFcXsce2ozVcMQ"},"version":2},"_wpas_customize_per_network":false},"categories":[405],"tags":[],"class_list":["post-38991","post","type-post","status-publish","format-standard","has-post-thumbnail","hentry","category-actu-france-monde"],"jetpack_publicize_connections":[],"jetpack_featured_media_url":"https:\/\/i0.wp.com\/www.iceagetv.com\/radiosite\/wp-content\/uploads\/2025\/10\/Capture-decran-2025-10-12-083429.png?fit=653%2C342&ssl=1","jetpack_sharing_enabled":true,"_links":{"self":[{"href":"https:\/\/www.iceagetv.com\/radiosite\/wp-json\/wp\/v2\/posts\/38991","targetHints":{"allow":["GET"]}}],"collection":[{"href":"https:\/\/www.iceagetv.com\/radiosite\/wp-json\/wp\/v2\/posts"}],"about":[{"href":"https:\/\/www.iceagetv.com\/radiosite\/wp-json\/wp\/v2\/types\/post"}],"author":[{"embeddable":true,"href":"https:\/\/www.iceagetv.com\/radiosite\/wp-json\/wp\/v2\/users\/2"}],"replies":[{"embeddable":true,"href":"https:\/\/www.iceagetv.com\/radiosite\/wp-json\/wp\/v2\/comments?post=38991"}],"version-history":[{"count":1,"href":"https:\/\/www.iceagetv.com\/radiosite\/wp-json\/wp\/v2\/posts\/38991\/revisions"}],"predecessor-version":[{"id":38994,"href":"https:\/\/www.iceagetv.com\/radiosite\/wp-json\/wp\/v2\/posts\/38991\/revisions\/38994"}],"wp:featuredmedia":[{"embeddable":true,"href":"https:\/\/www.iceagetv.com\/radiosite\/wp-json\/wp\/v2\/media\/38993"}],"wp:attachment":[{"href":"https:\/\/www.iceagetv.com\/radiosite\/wp-json\/wp\/v2\/media?parent=38991"}],"wp:term":[{"taxonomy":"category","embeddable":true,"href":"https:\/\/www.iceagetv.com\/radiosite\/wp-json\/wp\/v2\/categories?post=38991"},{"taxonomy":"post_tag","embeddable":true,"href":"https:\/\/www.iceagetv.com\/radiosite\/wp-json\/wp\/v2\/tags?post=38991"}],"curies":[{"name":"wp","href":"https:\/\/api.w.org\/{rel}","templated":true}]}}