{"id":39011,"date":"2025-10-12T18:09:53","date_gmt":"2025-10-12T16:09:53","guid":{"rendered":"https:\/\/www.iceagetv.com\/radiosite\/?p=39011"},"modified":"2025-10-12T18:09:57","modified_gmt":"2025-10-12T16:09:57","slug":"crise-a-madagascar-air-france-suspend-ses-vols-entre-paris-charles-de-gaulle-et-antananarivo","status":"publish","type":"post","link":"https:\/\/www.iceagetv.com\/radiosite\/crise-a-madagascar-air-france-suspend-ses-vols-entre-paris-charles-de-gaulle-et-antananarivo\/","title":{"rendered":"Crise \u00e0 Madagascar : Air France suspend ses vols entre Paris Charles-de-Gaulle et Antananarivo"},"content":{"rendered":"\n<p class=\"\">Depuis plusieurs jours, l&rsquo;\u00eele de Madagascar est agit\u00e9e par des manifestations antigouvernementales. La compagnie Air France a d\u00e9cid\u00e9 de suspendre ses liaisons depuis Paris.La\u00a0<strong>r\u00e9bellion<\/strong>\u00a0s\u2019accentue \u00e0\u00a0<strong>Madagascar<\/strong>. Alors que des soldats ont affirm\u00e9 ce dimanche 12 octobre 2025\u00a0<strong>s\u2019emparer de l\u2019arm\u00e9e<\/strong>, et que le pr\u00e9sident a d\u00e9nonc\u00e9 une \u00ab\u00a0tentative de prise de pouvoir ill\u00e9gale\u00a0\u00bb, la compagnie a\u00e9rienne\u00a0<a href=\"https:\/\/actu.fr\/tag\/air-france\">Air France<\/a>\u00a0a fait savoir \u00e0 l\u2019Agence France-Presse (AFP) que les liaisons entre\u00a0<a href=\"https:\/\/actu.fr\/tag\/aeroport-roissy-charles-de-gaulle\">Paris Charles-de-Gaulle<\/a>\u00a0et Antananarivo, la capitale malgache, \u00e9taient\u00a0<strong>suspendus<\/strong>\u00a0jusqu\u2019\u00e0 ce lundi 13 octobre 2025, inclus.\u00a0Mouvement de contestation de la jeunesse<\/p>\n\n\n\n<p class=\"\">Le g\u00e9ant a\u00e9rien fran\u00e7ais invoque la \u00ab&nbsp;<strong>situation s\u00e9curitaire<\/strong>&nbsp;\u00bb pour justifier sa d\u00e9cision. Dimanche, le Corps d\u2019arm\u00e9e des personnels et des services administratifs (CAPSAT), qui affirme avoir pris en main l\u2019arm\u00e9e, a indiqu\u00e9 que les ordres seraient de leur ressort. Une mutinerie qui s\u2019ins\u00e8re dans un&nbsp;<strong>contexte politique et social<\/strong>&nbsp;particuli\u00e8rement&nbsp;<strong>tendu<\/strong>&nbsp;dans l\u2019\u00eele africaine situ\u00e9e dans l\u2019oc\u00e9an Indien.&nbsp;&nbsp;<\/p>\n\n\n\n<p class=\"\">Depuis plusieurs semaines, les jeunes Malgaches, r\u00e9unis sous l\u2019appellation&nbsp;<a href=\"https:\/\/actu.fr\/monde\/maroc-madagascar-nepal-pourquoi-la-gen-z-se-souleve-t-elle-partout-dans-le-monde_63252393.html\">Gen Z<\/a>&nbsp;\u2013 \u00e0 l\u2019instar de ce qu\u2019il se passe au&nbsp;<strong>Maroc<\/strong>, aux&nbsp;<strong>Philippines<\/strong>&nbsp;ou encore au&nbsp;<strong>N\u00e9pal<\/strong>-, se ruent dans l\u2019espace public pour d\u00e9noncer les responsables politiques, \u00e0 commencer par le pr\u00e9sident Andry Raojelina. Une r\u00e9bellion qui a pris racine dans les coupures d\u2019eau et d\u2019\u00e9lectricit\u00e9 survenues dans le pays.&nbsp;<\/p>\n\n\n\n<p class=\"\">Le mouvement rencontre une f\u00e9roce&nbsp;<strong>r\u00e9pression<\/strong>. Au moins&nbsp;<strong>22 personnes<\/strong>&nbsp;ont \u00e9t\u00e9 tu\u00e9es depuis le d\u00e9but des manifestations et plus d\u2019une centaine bless\u00e9es, d\u2019apr\u00e8s un&nbsp;<a href=\"https:\/\/madagascar.un.org\/fr\/302449-madagascar-le-haut-commissaire-des-nations-unies-aux-droits-de-l%E2%80%99homme-choqu%C3%A9-par-la-r%C3%A9ponse\">bilan<\/a>&nbsp;de l\u2019Organisation des Nations unies (ONU). Le Haut-Commissaire des Nations Unies aux droits de l\u2019homme, Volker T\u00fcrk, s\u2019\u00e9tait dit \u00ab&nbsp;choqu\u00e9&nbsp;\u00bb par la r\u00e9ponse des forces de l\u2019ordre.&nbsp;<\/p>\n","protected":false},"excerpt":{"rendered":"<p>Depuis plusieurs jours, l&rsquo;\u00eele de Madagascar est agit\u00e9e par des manifestations antigouvernementales. La compagnie Air France a d\u00e9cid\u00e9 de suspendre ses liaisons depuis Paris.La\u00a0r\u00e9bellion\u00a0s\u2019accentue \u00e0\u00a0Madagascar. Alors que des soldats ont affirm\u00e9 ce dimanche 12 octobre 2025\u00a0s\u2019emparer de l\u2019arm\u00e9e, et que le pr\u00e9sident a d\u00e9nonc\u00e9 une \u00ab\u00a0tentative de prise de pouvoir ill\u00e9gale\u00a0\u00bb, la compagnie a\u00e9rienne\u00a0Air France\u00a0a [&hellip;]<\/p>\n","protected":false},"author":2,"featured_media":39012,"comment_status":"open","ping_status":"open","sticky":false,"template":"","format":"standard","meta":{"_jetpack_memberships_contains_paid_content":false,"footnotes":"","jetpack_publicize_message":"","jetpack_publicize_feature_enabled":true,"jetpack_social_post_already_shared":true,"jetpack_social_options":{"image_generator_settings":{"template":"highway","default_image_id":0,"font":"","enabled":true,"token":"eyJpbWciOiJodHRwczpcL1wvd3d3LmljZWFnZXR2LmNvbVwvcmFkaW9zaXRlXC93cC1jb250ZW50XC91cGxvYWRzXC8yMDI1XC8xMFwvQ2FwdHVyZS1kZWNyYW4tMjAyNS0xMC0xMi0xODA5MTkucG5nIiwidHh0IjoiQ3Jpc2UgXHUwMGUwIE1hZGFnYXNjYXIgOiBBaXIgRnJhbmNlIHN1c3BlbmQgc2VzIHZvbHMgZW50cmUgUGFyaXMgQ2hhcmxlcy1kZS1HYXVsbGUgZXQgQW50YW5hbmFyaXZvIiwidGVtcGxhdGUiOiJoaWdod2F5IiwiZm9udCI6IiIsImJsb2dfaWQiOjExMTAxNjQ2MX0.2kGHzfRSVvsr_QbiAIfQkR3uDzcZELnPaaNAvUOTxlcMQ"},"version":2},"_wpas_customize_per_network":false},"categories":[405],"tags":[],"class_list":["post-39011","post","type-post","status-publish","format-standard","has-post-thumbnail","hentry","category-actu-france-monde"],"jetpack_publicize_connections":[],"jetpack_featured_media_url":"https:\/\/i0.wp.com\/www.iceagetv.com\/radiosite\/wp-content\/uploads\/2025\/10\/Capture-decran-2025-10-12-180919.png?fit=841%2C447&ssl=1","jetpack_sharing_enabled":true,"_links":{"self":[{"href":"https:\/\/www.iceagetv.com\/radiosite\/wp-json\/wp\/v2\/posts\/39011","targetHints":{"allow":["GET"]}}],"collection":[{"href":"https:\/\/www.iceagetv.com\/radiosite\/wp-json\/wp\/v2\/posts"}],"about":[{"href":"https:\/\/www.iceagetv.com\/radiosite\/wp-json\/wp\/v2\/types\/post"}],"author":[{"embeddable":true,"href":"https:\/\/www.iceagetv.com\/radiosite\/wp-json\/wp\/v2\/users\/2"}],"replies":[{"embeddable":true,"href":"https:\/\/www.iceagetv.com\/radiosite\/wp-json\/wp\/v2\/comments?post=39011"}],"version-history":[{"count":1,"href":"https:\/\/www.iceagetv.com\/radiosite\/wp-json\/wp\/v2\/posts\/39011\/revisions"}],"predecessor-version":[{"id":39013,"href":"https:\/\/www.iceagetv.com\/radiosite\/wp-json\/wp\/v2\/posts\/39011\/revisions\/39013"}],"wp:featuredmedia":[{"embeddable":true,"href":"https:\/\/www.iceagetv.com\/radiosite\/wp-json\/wp\/v2\/media\/39012"}],"wp:attachment":[{"href":"https:\/\/www.iceagetv.com\/radiosite\/wp-json\/wp\/v2\/media?parent=39011"}],"wp:term":[{"taxonomy":"category","embeddable":true,"href":"https:\/\/www.iceagetv.com\/radiosite\/wp-json\/wp\/v2\/categories?post=39011"},{"taxonomy":"post_tag","embeddable":true,"href":"https:\/\/www.iceagetv.com\/radiosite\/wp-json\/wp\/v2\/tags?post=39011"}],"curies":[{"name":"wp","href":"https:\/\/api.w.org\/{rel}","templated":true}]}}