{"id":39019,"date":"2025-10-13T06:43:48","date_gmt":"2025-10-13T04:43:48","guid":{"rendered":"https:\/\/www.iceagetv.com\/radiosite\/?p=39019"},"modified":"2025-10-13T06:43:52","modified_gmt":"2025-10-13T04:43:52","slug":"34-ministres-confirmation-de-gerald-darmanin-et-entree-de-laurent-nunez-departs-de-manuel-valls-ou-encore-de-elisabeth-borne-les-republicains-excluent-les-6-ministres-lr-qui-sont-au-gouvernement","status":"publish","type":"post","link":"https:\/\/www.iceagetv.com\/radiosite\/34-ministres-confirmation-de-gerald-darmanin-et-entree-de-laurent-nunez-departs-de-manuel-valls-ou-encore-de-elisabeth-borne-les-republicains-excluent-les-6-ministres-lr-qui-sont-au-gouvernement\/","title":{"rendered":"34 ministres : Confirmation de G\u00e9rald Darmanin et entr\u00e9e de Laurent Nunez- D\u00e9parts de Manuel Valls ou encore de Elisabeth Borne &#8211; Les R\u00e9publicains excluent les 6 Ministres LR qui sont au gouvernement dont Rachida Dati et Vincent Jeanbrun"},"content":{"rendered":"\n<p class=\"\"><strong>Voici (enfin) le communiqu\u00e9 officiel :<\/strong><\/p>\n\n\n\n<p class=\"\"><strong>.<\/strong><\/p>\n\n\n\n<p class=\"\">M. Laurent NUNEZ, ministre de l\u2019int\u00e9rieur ;<\/p>\n\n\n\n<p class=\"\">Mme Catherine VAUTRIN, ministre des arm\u00e9es et des anciens combattants ;<\/p>\n\n\n\n<p class=\"\">M. Jean-Pierre FARANDOU, ministre du travail et des solidarit\u00e9s ;<\/p>\n\n\n\n<p class=\"\">Mme Monique BARBUT, ministre de la transition \u00e9cologique, de la biodiversit\u00e9 et des n\u00e9gociations internationales sur le climat et la nature ;<\/p>\n\n\n\n<p class=\"\">M. G\u00e9rald DARMANIN, garde des sceaux, ministre de la justice;<\/p>\n\n\n\n<p class=\"\">M. Roland LESCURE, ministre de l\u2019\u00e9conomie, des finances et de la souverainet\u00e9 industrielle,\u00e9nerg\u00e9tique et num\u00e9rique ;<\/p>\n\n\n\n<p class=\"\">M. Serge PAPIN, ministre des petites et moyennes entreprises, du commerce, de l\u2019artisanat, du tourisme et du pouvoir d\u2019achat;<\/p>\n\n\n\n<p class=\"\">Mme Annie GENEVARD, ministre de l&rsquo;agriculture, de l\u2019agro-alimentaire et de la souverainet\u00e9 alimentaire ;<\/p>\n\n\n\n<p class=\"\">M. Edouard GEFFRAY, ministre de l\u2019\u00e9ducation nationale ;M. Jean-No\u00ebl BARROT, ministre de l\u2019Europe et des affaires \u00e9trang\u00e8res ;<\/p>\n\n\n\n<p class=\"\">Mme Rachida DATI, ministre de la culture ;<\/p>\n\n\n\n<p class=\"\">Mme St\u00e9phanie RIST, ministre de la sant\u00e9, des familles, de l\u2019autonomie et des personnes handicap\u00e9es ;<\/p>\n\n\n\n<p class=\"\">Mme Na\u00efma MOUTCHOU, ministre des outre-mer ;<\/p>\n\n\n\n<p class=\"\">Mme Fran\u00e7oise GATEL, ministre de l\u2019am\u00e9nagement du territoire et de la d\u00e9centralisation ;<\/p>\n\n\n\n<p class=\"\">Mme Am\u00e9lie de MONTCHALIN, ministre de l\u2019action et des comptes publics ;<\/p>\n\n\n\n<p class=\"\">M. Philippe BAPTISTE, ministre de l\u2019enseignement sup\u00e9rieur, de la recherche et de l\u2019espace ;<\/p>\n\n\n\n<p class=\"\">Mme Marina FERRARI, ministre des sports, de la jeunesse et de la vie associative ;<\/p>\n\n\n\n<p class=\"\">M. Philippe TABAROT, ministre des transports ;<\/p>\n\n\n\n<p class=\"\">M. Vincent JEANBRUN, ministre de la ville et du logement.<\/p>\n","protected":false},"excerpt":{"rendered":"<p>Voici (enfin) le communiqu\u00e9 officiel : . M. Laurent NUNEZ, ministre de l\u2019int\u00e9rieur ; Mme Catherine VAUTRIN, ministre des arm\u00e9es et des anciens combattants ; M. Jean-Pierre FARANDOU, ministre du travail et des solidarit\u00e9s ; Mme Monique BARBUT, ministre de la transition \u00e9cologique, de la biodiversit\u00e9 et des n\u00e9gociations internationales sur le climat et la [&hellip;]<\/p>\n","protected":false},"author":2,"featured_media":39020,"comment_status":"open","ping_status":"open","sticky":false,"template":"","format":"standard","meta":{"_jetpack_memberships_contains_paid_content":false,"footnotes":"","jetpack_publicize_message":"","jetpack_publicize_feature_enabled":true,"jetpack_social_post_already_shared":true,"jetpack_social_options":{"image_generator_settings":{"template":"highway","default_image_id":0,"font":"","enabled":true,"token":"eyJpbWciOiJodHRwczpcL1wvd3d3LmljZWFnZXR2LmNvbVwvcmFkaW9zaXRlXC93cC1jb250ZW50XC91cGxvYWRzXC8yMDI1XC8xMFwvU2NyZWVuc2hvdF8yMDI1MTAxM18wNjQwNTkuanBnIiwidHh0IjoiMzQgbWluaXN0cmVzIDogQ29uZmlybWF0aW9uIGRlIEdcdTAwZTlyYWxkIERhcm1hbmluIGV0IGVudHJcdTAwZTllIGRlIExhdXJlbnQgTnVuZXotIERcdTAwZTlwYXJ0cyBkZSBNYW51ZWwgVmFsbHMgb3UgZW5jb3JlIGRlIEVsaXNhYmV0aCBCb3JuZSAmIzgyMTE7IExlcyBSXHUwMGU5cHVibGljYWlucyBleGNsdWVudCBsZXMgNiBNaW5pc3RyZXMgTFIgcXVpIHNvbnQgYXUgZ291dmVybmVtZW50IGRvbnQgUmFjaGlkYSBEYXRpIGV0IFZpbmNlbnQgSmVhbmJydW4iLCJ0ZW1wbGF0ZSI6ImhpZ2h3YXkiLCJmb250IjoiIiwiYmxvZ19pZCI6MTExMDE2NDYxfQ.0-jnuMKslKTo9bBjZOK0zb6h0eaGWf3XmjjaDl79Al0MQ"},"version":2},"_wpas_customize_per_network":false},"categories":[405],"tags":[],"class_list":["post-39019","post","type-post","status-publish","format-standard","has-post-thumbnail","hentry","category-actu-france-monde"],"jetpack_publicize_connections":[],"jetpack_featured_media_url":"https:\/\/i0.wp.com\/www.iceagetv.com\/radiosite\/wp-content\/uploads\/2025\/10\/Screenshot_20251013_064059.jpg?fit=767%2C431&ssl=1","jetpack_sharing_enabled":true,"_links":{"self":[{"href":"https:\/\/www.iceagetv.com\/radiosite\/wp-json\/wp\/v2\/posts\/39019","targetHints":{"allow":["GET"]}}],"collection":[{"href":"https:\/\/www.iceagetv.com\/radiosite\/wp-json\/wp\/v2\/posts"}],"about":[{"href":"https:\/\/www.iceagetv.com\/radiosite\/wp-json\/wp\/v2\/types\/post"}],"author":[{"embeddable":true,"href":"https:\/\/www.iceagetv.com\/radiosite\/wp-json\/wp\/v2\/users\/2"}],"replies":[{"embeddable":true,"href":"https:\/\/www.iceagetv.com\/radiosite\/wp-json\/wp\/v2\/comments?post=39019"}],"version-history":[{"count":1,"href":"https:\/\/www.iceagetv.com\/radiosite\/wp-json\/wp\/v2\/posts\/39019\/revisions"}],"predecessor-version":[{"id":39021,"href":"https:\/\/www.iceagetv.com\/radiosite\/wp-json\/wp\/v2\/posts\/39019\/revisions\/39021"}],"wp:featuredmedia":[{"embeddable":true,"href":"https:\/\/www.iceagetv.com\/radiosite\/wp-json\/wp\/v2\/media\/39020"}],"wp:attachment":[{"href":"https:\/\/www.iceagetv.com\/radiosite\/wp-json\/wp\/v2\/media?parent=39019"}],"wp:term":[{"taxonomy":"category","embeddable":true,"href":"https:\/\/www.iceagetv.com\/radiosite\/wp-json\/wp\/v2\/categories?post=39019"},{"taxonomy":"post_tag","embeddable":true,"href":"https:\/\/www.iceagetv.com\/radiosite\/wp-json\/wp\/v2\/tags?post=39019"}],"curies":[{"name":"wp","href":"https:\/\/api.w.org\/{rel}","templated":true}]}}