{"id":39023,"date":"2025-10-13T10:52:34","date_gmt":"2025-10-13T08:52:34","guid":{"rendered":"https:\/\/www.iceagetv.com\/radiosite\/?p=39023"},"modified":"2025-10-13T10:52:38","modified_gmt":"2025-10-13T08:52:38","slug":"cop30-pesticides-decarbonation-ces-dossiers-qui-attendent-monique-barbut-la-nouvelle-ministre-de-la-transition-ecologique","status":"publish","type":"post","link":"https:\/\/www.iceagetv.com\/radiosite\/cop30-pesticides-decarbonation-ces-dossiers-qui-attendent-monique-barbut-la-nouvelle-ministre-de-la-transition-ecologique\/","title":{"rendered":"COP30, pesticides, d\u00e9carbonation&#8230; Ces dossiers qui attendent Monique Barbut, la nouvelle ministre de la Transition \u00e9cologique"},"content":{"rendered":"\n<p class=\"\">Cette \u00e9conomiste de formation, \u00e2g\u00e9e de 69 ans, est entr\u00e9e dans le nouveau gouvernement de S\u00e9bastien Lecornu, dimanche. Elle a consacr\u00e9 une grande partie de sa carri\u00e8re \u00e0 l&rsquo;environnement, notamment dans plusieurs organisations internationales ou ONG, comme le WWF France.Au minist\u00e8re de la Transition \u00e9cologique,\u00a0<a href=\"https:\/\/www.franceinfo.fr\/politique\/gouvernement-de-sebastien-lecornu\/gouvernement-lecornu-ii-catherine-chabaud-serge-papin-jean-pierre-farandou-edouard-geffray-monique-barbut-le-retour-de-la-societe-civile_7548412.html\">Monique Barbut<\/a>\u00a0remplace Agn\u00e8s Pannier-Runacher\u00a0<a href=\"https:\/\/www.franceinfo.fr\/politique\/gouvernement-de-sebastien-lecornu\/des-profils-techniques-des-personnalites-lr-malgre-les-consignes-du-parti-ce-qu-il-faut-retenir-du-nouveau-gouvernement-de-sebastien-lecornu_7548397.html\">dans le nouveau gouvernement<\/a>\u00a0de S\u00e9bastien Lecornu, d\u00e9voil\u00e9 dimanche 12 octobre. \u00c0 69 ans, cette haute fonctionnaire a consacr\u00e9 une grande partie de sa carri\u00e8re \u00e0 l&rsquo;environnement. \u00c9conomiste de formation, Monique Barbut s&rsquo;est vite sp\u00e9cialis\u00e9e dans la d\u00e9fense de l&rsquo;environnement au niveau international.C&rsquo;est elle qui, en 1992, participe \u00e0 la cr\u00e9ation du Fonds mondial pour l&rsquo;environnement, qu&rsquo;elle sera amen\u00e9e ensuite \u00e0 diriger. Un dispositif destin\u00e9 \u00e0 financer des projets de protection de la biodiversit\u00e9 et de lutte contre le r\u00e9chauffement climatique.&nbsp;<\/p>\n\n\n\n<h2 class=\"wp-block-heading\">D\u00e9j\u00e0 des \u00e9ch\u00e9ances<\/h2>\n\n\n\n<p class=\"\">Apr\u00e8s avoir occup\u00e9 plusieurs postes \u00e0 l&rsquo;Agence fran\u00e7aise pour le d\u00e9veloppement, Monique Barbut est nomm\u00e9e secr\u00e9taire ex\u00e9cutive de la Convention des Nations unies sur la lutte contre la d\u00e9sertification.&nbsp;Puis en 2021, elle se tourne vers le monde militant, elle devient pr\u00e9sidente du WWF France, l&rsquo;ONG de d\u00e9fense de la biodiversit\u00e9. Elle y reste jusqu&rsquo;en 2024, avant d&rsquo;\u00eatre nomm\u00e9e envoy\u00e9e sp\u00e9ciale du pr\u00e9sident de la R\u00e9publique sur le climat. C&rsquo;est donc un profil d&rsquo;experte des dossiers techniques et diplomatiques.&nbsp;<\/p>\n\n\n\n<p class=\"\">\u00c0 peine arriv\u00e9e, Monique Barbut aura justement \u00e0 mener des n\u00e9gociations au niveau international, c&rsquo;est d&rsquo;ailleurs dans l&rsquo;intitul\u00e9 de son minist\u00e8re. Il y a, le 10 novembre, le d\u00e9but de la COP30, la conf\u00e9rence des Nations unies sur le climat, qui aura lieu au Br\u00e9sil dix ans apr\u00e8s l&rsquo;accord historique de Paris.<\/p>\n\n\n\n<h2 class=\"wp-block-heading\">Des r\u00e9sistances de la part d&rsquo;autres minist\u00e8res<\/h2>\n\n\n\n<p class=\"\">Et puis au niveau national, la ministre sera attendue sur les moyens d&rsquo;acc\u00e9l\u00e9rer la transition vers une \u00e9conomie d\u00e9carbon\u00e9e.&nbsp;<em>\u00ab\u00a0Je dois dire aussi que je suis un peu troubl\u00e9e par votre fa\u00e7on de pr\u00e9senter les choses, celle de dire que la transition \u00e9cologique est un co\u00fbt,&nbsp;<\/em>disait-elle en 2022, lors d&rsquo;un d\u00e9bat sur l&rsquo;environnement et l&rsquo;\u00e9conomie.<em>&nbsp;Non, ce n&rsquo;est pas un co\u00fbt, c&rsquo;est un investissement. Aujourd&rsquo;hui quand on voit le co\u00fbt des inondations, parlez-en avec un certain nombre d&rsquo;assureurs, le co\u00fbt est li\u00e9 au changement climatique. Bien entendu, il faut arriver \u00e0 amener l&rsquo;ensemble de l&rsquo;\u00e9conomie dans cette perspective.\u00a0\u00bb&nbsp;<\/em><\/p>\n\n\n\n<p class=\"\">Mais Monique Barbut va aussi devoir affronter un certain nombre de r\u00e9sistances provenant parfois d&rsquo;autres minist\u00e8res. On pense notamment aux d\u00e9bats autour de la r\u00e9introduction de certains pesticides ou de la suspension provisoire d&rsquo;aides \u00e0 la transition, comme le dispositif MaPrimeR\u00e9nov&rsquo;.&nbsp;<\/p>\n\n\n\n<p class=\"\">Sa pr\u00e9d\u00e9cesseure, Agn\u00e8s Pannier-Runacher, n&rsquo;avait pas manqu\u00e9 ces derniers mois de d\u00e9noncer des reculades en mati\u00e8re environnementale.<\/p>\n","protected":false},"excerpt":{"rendered":"<p>Cette \u00e9conomiste de formation, \u00e2g\u00e9e de 69 ans, est entr\u00e9e dans le nouveau gouvernement de S\u00e9bastien Lecornu, dimanche. Elle a consacr\u00e9 une grande partie de sa carri\u00e8re \u00e0 l&rsquo;environnement, notamment dans plusieurs organisations internationales ou ONG, comme le WWF France.Au minist\u00e8re de la Transition \u00e9cologique,\u00a0Monique Barbut\u00a0remplace Agn\u00e8s Pannier-Runacher\u00a0dans le nouveau gouvernement\u00a0de S\u00e9bastien Lecornu, d\u00e9voil\u00e9 dimanche [&hellip;]<\/p>\n","protected":false},"author":2,"featured_media":39024,"comment_status":"open","ping_status":"open","sticky":false,"template":"","format":"standard","meta":{"_jetpack_memberships_contains_paid_content":false,"footnotes":"","jetpack_publicize_message":"","jetpack_publicize_feature_enabled":true,"jetpack_social_post_already_shared":true,"jetpack_social_options":{"image_generator_settings":{"template":"highway","default_image_id":0,"font":"","enabled":true,"token":"eyJpbWciOiJodHRwczpcL1wvd3d3LmljZWFnZXR2LmNvbVwvcmFkaW9zaXRlXC93cC1jb250ZW50XC91cGxvYWRzXC8yMDI1XC8xMFwvQ2FwdHVyZS1kZWNyYW4tMjAyNS0xMC0xMy0xMDUxNDgucG5nIiwidHh0IjoiQ09QMzAsIHBlc3RpY2lkZXMsIGRcdTAwZTljYXJib25hdGlvbiYjODIzMDsgQ2VzIGRvc3NpZXJzIHF1aSBhdHRlbmRlbnQgTW9uaXF1ZSBCYXJidXQsIGxhIG5vdXZlbGxlIG1pbmlzdHJlIGRlIGxhIFRyYW5zaXRpb24gXHUwMGU5Y29sb2dpcXVlIiwidGVtcGxhdGUiOiJoaWdod2F5IiwiZm9udCI6IiIsImJsb2dfaWQiOjExMTAxNjQ2MX0.5WNJoPzrvUh0AAN4U0vad20gRZ2YFMJSrkfGTkStBsEMQ"},"version":2},"_wpas_customize_per_network":false},"categories":[405],"tags":[],"class_list":["post-39023","post","type-post","status-publish","format-standard","has-post-thumbnail","hentry","category-actu-france-monde"],"jetpack_publicize_connections":[],"jetpack_featured_media_url":"https:\/\/i0.wp.com\/www.iceagetv.com\/radiosite\/wp-content\/uploads\/2025\/10\/Capture-decran-2025-10-13-105148.png?fit=973%2C456&ssl=1","jetpack_sharing_enabled":true,"_links":{"self":[{"href":"https:\/\/www.iceagetv.com\/radiosite\/wp-json\/wp\/v2\/posts\/39023","targetHints":{"allow":["GET"]}}],"collection":[{"href":"https:\/\/www.iceagetv.com\/radiosite\/wp-json\/wp\/v2\/posts"}],"about":[{"href":"https:\/\/www.iceagetv.com\/radiosite\/wp-json\/wp\/v2\/types\/post"}],"author":[{"embeddable":true,"href":"https:\/\/www.iceagetv.com\/radiosite\/wp-json\/wp\/v2\/users\/2"}],"replies":[{"embeddable":true,"href":"https:\/\/www.iceagetv.com\/radiosite\/wp-json\/wp\/v2\/comments?post=39023"}],"version-history":[{"count":1,"href":"https:\/\/www.iceagetv.com\/radiosite\/wp-json\/wp\/v2\/posts\/39023\/revisions"}],"predecessor-version":[{"id":39025,"href":"https:\/\/www.iceagetv.com\/radiosite\/wp-json\/wp\/v2\/posts\/39023\/revisions\/39025"}],"wp:featuredmedia":[{"embeddable":true,"href":"https:\/\/www.iceagetv.com\/radiosite\/wp-json\/wp\/v2\/media\/39024"}],"wp:attachment":[{"href":"https:\/\/www.iceagetv.com\/radiosite\/wp-json\/wp\/v2\/media?parent=39023"}],"wp:term":[{"taxonomy":"category","embeddable":true,"href":"https:\/\/www.iceagetv.com\/radiosite\/wp-json\/wp\/v2\/categories?post=39023"},{"taxonomy":"post_tag","embeddable":true,"href":"https:\/\/www.iceagetv.com\/radiosite\/wp-json\/wp\/v2\/tags?post=39023"}],"curies":[{"name":"wp","href":"https:\/\/api.w.org\/{rel}","templated":true}]}}