{"id":39039,"date":"2025-10-14T15:43:32","date_gmt":"2025-10-14T13:43:32","guid":{"rendered":"https:\/\/www.iceagetv.com\/radiosite\/?p=39039"},"modified":"2025-10-14T15:43:35","modified_gmt":"2025-10-14T13:43:35","slug":"madagascar-air-france-prolonge-la-suspension-de-ses-liaisons-entre-laeroport-paris-charles-de-gaulle-et-antananarivo-au-moins-jusqua-vendredi-inclus-en-raison-de-la-situation-secu","status":"publish","type":"post","link":"https:\/\/www.iceagetv.com\/radiosite\/madagascar-air-france-prolonge-la-suspension-de-ses-liaisons-entre-laeroport-paris-charles-de-gaulle-et-antananarivo-au-moins-jusqua-vendredi-inclus-en-raison-de-la-situation-secu\/","title":{"rendered":"Madagascar: Air France prolonge la suspension de ses liaisons entre l\u2019a\u00e9roport Paris-Charles de Gaulle et Antananarivo au moins jusqu\u2019\u00e0 vendredi inclus \u00ab\u00a0en raison de la situation s\u00e9curitaire\u00a0\u00bb"},"content":{"rendered":"\n<p class=\"\">Air France a annonc\u00e9 mardi prolonger la suspension de ses liaisons entre l\u2019a\u00e9roport Paris-Charles de Gaulle et Antananarivo au moins jusqu\u2019\u00e0 vendredi 17 octobre inclus \u00ab&nbsp;en raison de la situation s\u00e9curitaire \u00e0 destination&nbsp;\u00bb.<\/p>\n\n\n\n<p class=\"\">\u00ab&nbsp;La reprise des op\u00e9rations restera soumise \u00e0 une \u00e9valuation quotidienne de la situation sur place&nbsp;\u00bb, a ajout\u00e9 la compagnie a\u00e9rienne fran\u00e7aise dans un message transmis \u00e0 l\u2019AFP, alors que le pays est en proie \u00e0 une contestation populaire du pouvoir du pr\u00e9sident Andry Rajoelina.<\/p>\n\n\n\n<p class=\"\">Air France a suspendu la desserte de Madagascar samedi dernier, initialement jusqu\u2019\u00e0 lundi inclus. \u00ab&nbsp;Les clients dont le vol est annul\u00e9 seront avis\u00e9s individuellement et des solutions de report ou de remboursement leur seront propos\u00e9es&nbsp;\u00bb, a ajout\u00e9 la compagnie mardi, en rappelant que \u00ab&nbsp;la s\u00e9curit\u00e9 de ses clients et membres d\u2019\u00e9quipages est sa priorit\u00e9 absolue&nbsp;\u00bb.<\/p>\n\n\n\n<p class=\"\">Contact\u00e9e par l\u2019AFP, Air Austral, autre compagnie fran\u00e7aise desservant Madagascar et bas\u00e9e \u00e0 La R\u00e9union, a indiqu\u00e9 maintenir ses vols pour l\u2019instant et continuer \u00e0 surveiller la situation.<\/p>\n\n\n\n<p class=\"\">Le pr\u00e9sident Rajoelina a \u00e9cart\u00e9 lundi soir toute d\u00e9mission en appelant \u00e0 \u00ab&nbsp;respecter la Constitution&nbsp;\u00bb, dans sa premi\u00e8re prise de parole depuis un lieu inconnu, apr\u00e8s le ralliement ce weekend des militaires \u00e0 la contestation qui agite le pays.<\/p>\n\n\n\n<p class=\"\">Mardi, il a sign\u00e9 un d\u00e9cret dissolvant l\u2019Assembl\u00e9e nationale avant un vote le visant pour abandon de poste.<\/p>\n","protected":false},"excerpt":{"rendered":"<p>Air France a annonc\u00e9 mardi prolonger la suspension de ses liaisons entre l\u2019a\u00e9roport Paris-Charles de Gaulle et Antananarivo au moins jusqu\u2019\u00e0 vendredi 17 octobre inclus \u00ab&nbsp;en raison de la situation s\u00e9curitaire \u00e0 destination&nbsp;\u00bb. \u00ab&nbsp;La reprise des op\u00e9rations restera soumise \u00e0 une \u00e9valuation quotidienne de la situation sur place&nbsp;\u00bb, a ajout\u00e9 la compagnie a\u00e9rienne fran\u00e7aise dans [&hellip;]<\/p>\n","protected":false},"author":2,"featured_media":39040,"comment_status":"open","ping_status":"open","sticky":false,"template":"","format":"standard","meta":{"_jetpack_memberships_contains_paid_content":false,"footnotes":"","jetpack_publicize_message":"","jetpack_publicize_feature_enabled":true,"jetpack_social_post_already_shared":true,"jetpack_social_options":{"image_generator_settings":{"template":"highway","default_image_id":0,"font":"","enabled":true,"token":"eyJpbWciOiJodHRwczpcL1wvd3d3LmljZWFnZXR2LmNvbVwvcmFkaW9zaXRlXC93cC1jb250ZW50XC91cGxvYWRzXC8yMDI1XC8xMFwvQ2FwdHVyZS1kZWNyYW4tMjAyNS0xMC0xNC0xNTQyNTYucG5nIiwidHh0IjoiTWFkYWdhc2NhcjogQWlyIEZyYW5jZSBwcm9sb25nZSBsYSBzdXNwZW5zaW9uIGRlIHNlcyBsaWFpc29ucyBlbnRyZSBsXHUyMDE5YVx1MDBlOXJvcG9ydCBQYXJpcy1DaGFybGVzIGRlIEdhdWxsZSBldCBBbnRhbmFuYXJpdm8gYXUgbW9pbnMganVzcXVcdTIwMTlcdTAwZTAgdmVuZHJlZGkgaW5jbHVzICYjODIyMDtlbiByYWlzb24gZGUgbGEgc2l0dWF0aW9uIHNcdTAwZTljdXJpdGFpcmUmIzgyMjE7IiwidGVtcGxhdGUiOiJoaWdod2F5IiwiZm9udCI6IiIsImJsb2dfaWQiOjExMTAxNjQ2MX0.gYdNOaMrSUVOyKkeQUIjY-w_1hMP7cnoVHWxTuy54NcMQ"},"version":2},"_wpas_customize_per_network":false},"categories":[405],"tags":[],"class_list":["post-39039","post","type-post","status-publish","format-standard","has-post-thumbnail","hentry","category-actu-france-monde"],"jetpack_publicize_connections":[],"jetpack_featured_media_url":"https:\/\/i0.wp.com\/www.iceagetv.com\/radiosite\/wp-content\/uploads\/2025\/10\/Capture-decran-2025-10-14-154256.png?fit=713%2C281&ssl=1","jetpack_sharing_enabled":true,"_links":{"self":[{"href":"https:\/\/www.iceagetv.com\/radiosite\/wp-json\/wp\/v2\/posts\/39039","targetHints":{"allow":["GET"]}}],"collection":[{"href":"https:\/\/www.iceagetv.com\/radiosite\/wp-json\/wp\/v2\/posts"}],"about":[{"href":"https:\/\/www.iceagetv.com\/radiosite\/wp-json\/wp\/v2\/types\/post"}],"author":[{"embeddable":true,"href":"https:\/\/www.iceagetv.com\/radiosite\/wp-json\/wp\/v2\/users\/2"}],"replies":[{"embeddable":true,"href":"https:\/\/www.iceagetv.com\/radiosite\/wp-json\/wp\/v2\/comments?post=39039"}],"version-history":[{"count":1,"href":"https:\/\/www.iceagetv.com\/radiosite\/wp-json\/wp\/v2\/posts\/39039\/revisions"}],"predecessor-version":[{"id":39041,"href":"https:\/\/www.iceagetv.com\/radiosite\/wp-json\/wp\/v2\/posts\/39039\/revisions\/39041"}],"wp:featuredmedia":[{"embeddable":true,"href":"https:\/\/www.iceagetv.com\/radiosite\/wp-json\/wp\/v2\/media\/39040"}],"wp:attachment":[{"href":"https:\/\/www.iceagetv.com\/radiosite\/wp-json\/wp\/v2\/media?parent=39039"}],"wp:term":[{"taxonomy":"category","embeddable":true,"href":"https:\/\/www.iceagetv.com\/radiosite\/wp-json\/wp\/v2\/categories?post=39039"},{"taxonomy":"post_tag","embeddable":true,"href":"https:\/\/www.iceagetv.com\/radiosite\/wp-json\/wp\/v2\/tags?post=39039"}],"curies":[{"name":"wp","href":"https:\/\/api.w.org\/{rel}","templated":true}]}}