{"id":39042,"date":"2025-10-14T18:02:47","date_gmt":"2025-10-14T16:02:47","guid":{"rendered":"https:\/\/www.iceagetv.com\/radiosite\/?p=39042"},"modified":"2025-10-14T18:02:51","modified_gmt":"2025-10-14T16:02:51","slug":"discours-de-politique-generale-un-dirigeant-socialiste-estime-que-la-suspension-de-la-reforme-des-retraites-est-une-premiere-victoire","status":"publish","type":"post","link":"https:\/\/www.iceagetv.com\/radiosite\/discours-de-politique-generale-un-dirigeant-socialiste-estime-que-la-suspension-de-la-reforme-des-retraites-est-une-premiere-victoire\/","title":{"rendered":"\u00a0Discours de politique g\u00e9n\u00e9rale: un dirigeant socialiste estime que la suspension de la r\u00e9forme des retraites est \u00ab\u00a0une premi\u00e8re victoire\u00a0\u00bb"},"content":{"rendered":"\n<h2 class=\"wp-block-heading\">Les socialistes \u00ab\u00a0ne voteront pas de motion de censure\u00a0\u00bb<\/h2>\n\n\n\n<p class=\"\">Le d\u00e9put\u00e9 PS Laurent Baumel annonce au micro de BFMTV que les socialistes \u00ab\u00a0ne voteront pas de motion de censure\u00a0\u00bb.<\/p>\n\n\n\n<p class=\"\">L&rsquo;\u00e9lu issu de l&rsquo;aile gauche pr\u00e9cise ainsi la position des socialistes alors que Boris Vallaud s&rsquo;est seulement dit pr\u00eat \u00e0 faire le \u00ab\u00a0pari\u00a0\u00bb du d\u00e9bat budg\u00e9taire.Sans pr\u00e9ciser que le PS ne votera pas la motion de censure, Boris Vallaud se dit pr\u00eat au \u00ab\u00a0pari\u00a0\u00bb avec S\u00e9bastien Lecornu<\/p>\n\n\n\n<p class=\"\">Le pr\u00e9sident des d\u00e9put\u00e9s Boris Vallaud n&rsquo;a pas pr\u00e9cis\u00e9 \u00e0 la tribune si ses troupes voteront ou non la censure \u00e0 l&rsquo;encontre de S\u00e9bastien Lecornu.<\/p>\n\n\n\n<p class=\"\">Mais le d\u00e9put\u00e9 se dit pr\u00eat \u00e0 faire \u00ab\u00a0le pari\u00a0\u00bb du d\u00e9bat dans l&rsquo;h\u00e9micycle, semblant placer le Premier ministre sous surveillance.Gel des pensions des retraites, doublement des franchises m\u00e9dicales&#8230; Boris Vallaud d\u00e9nonce \u00ab\u00a0un budget insupportable\u00a0\u00bb<\/p>\n\n\n\n<p class=\"\">\u00ab\u00a0Ce budget est insupportable et insuffisant\u00a0\u00bb, d\u00e9nonce le pr\u00e9sident des d\u00e9put\u00e9s socialistes Boris Vallaud.<\/p>\n\n\n\n<p class=\"\">Le d\u00e9put\u00e9 des Landes cite notamment le gel des pensions de retraite et des prestations sociales et le doublement des franchises m\u00e9dicales.Gel des pensions des retraites, doublement des franchises m\u00e9dicales&#8230; Boris Vallaud d\u00e9nonce \u00ab\u00a0un budget insupportable\u00a0\u00bb<\/p>\n\n\n\n<p class=\"\">\u00ab\u00a0Ce budget est insupportable et insuffisant\u00a0\u00bb, d\u00e9nonce le pr\u00e9sident des d\u00e9put\u00e9s socialistes Boris Vallaud.<\/p>\n\n\n\n<p class=\"\">Le d\u00e9put\u00e9 des Landes cite notamment le gel des pensions de retraite et des prestations sociales et le doublement des franchises m\u00e9dicales.Apr\u00e8s l&rsquo;annonce de la suspension des retraites, Boris Vallaud salue \u00ab\u00a0une victoire\u00a0\u00bb et \u00ab\u00a0un premier pas\u00a0\u00bb<\/p>\n\n\n\n<p class=\"\">Le pr\u00e9sident des d\u00e9put\u00e9s PS se f\u00e9licite d&rsquo;avoir obtenu \u00ab\u00a0assur\u00e9ment une victoire\u00a0\u00bb apr\u00e8s l&rsquo;annonce de la suspension de la retraite \u00e0 64 ans.<\/p>\n\n\n\n<p class=\"\">\u00ab\u00a0C&rsquo;est la reconnaissance du combat men\u00e9 par les organisations syndicales\u00a0\u00bb, salue encore Boris Vallaud. \u00ab\u00a0C&rsquo;est un premier pas\u00a0\u00bb, avance encore l&rsquo;\u00e9lu des Landes, ouvrant la porte \u00e0 \u00ab\u00a0une \u00e9ventuelle abrogation\u00a0\u00bb apr\u00e8s la pr\u00e9sidentielle de 2027.Suspension de la r\u00e9forme des retraites: tr\u00e8s attendu, Boris Vallaud monte \u00e0 la tribune<\/p>\n\n\n\n<p class=\"\">Boris Vallaud commence sa prise de parole. La parole du pr\u00e9sident des d\u00e9put\u00e9s PS est tr\u00e8s attendue apr\u00e8s l&rsquo;annonce de la suspension de la r\u00e9forme des retraites.<\/p>\n\n\n\n<p class=\"\">Censurera? Censurera pas? Les socialistes se sont r\u00e9unis apr\u00e8s le discours du Premier ministre pour trancher. Pour l&rsquo;instant, rien n&rsquo;est sorti de cette r\u00e9union.Votre pr\u00e9sence est un affront\u00a0\u00bb: Mathilde Panot juge que \u00ab\u00a0plus personne ne croit\u00a0\u00bb en S\u00e9bastien Lecornu<\/p>\n\n\n\n<p class=\"\">C&rsquo;est maintenant au tour de la pr\u00e9sidente des d\u00e9put\u00e9s La France insoumise de monter \u00e0 la tribune.<\/p>\n\n\n\n<p class=\"\">\u00ab\u00a0Le peuple ne veut plus de votre politique\u00a0\u00bb, lance Mathilde Panot, qui accuse le Premier ministre d&rsquo;avoir \u00ab\u00a0fait du peuple son ennemi\u00a0\u00bb.<\/p>\n\n\n\n<p class=\"\">\u00ab\u00a0Plus personne ne vous croit\u00a0\u00bb, regrette encore la d\u00e9put\u00e9e LFI, jugeant que sa pr\u00e9sence \u00e0 Matignon est \u00ab\u00a0un affront\u00a0\u00bb.La franchise des bo\u00eetes des m\u00e9dicaments et des soins va doubler en 2026<\/p>\n\n\n\n<p class=\"\">Selon un document que BFM Business a pu consulter, le gouvernement a d\u00e9cid\u00e9 de doubler le montant pour les soins et les m\u00e9dicaments dans le budget 2026.Budget 2026: Gabriel Attal est \u00ab\u00a0pr\u00eat \u00e0 faire des compromis\u00a0\u00bb<\/p>\n\n\n\n<p class=\"\">\u00ab\u00a0Nous voulons que le gouvernement r\u00e9ussisse, qu&rsquo;un budget soit vot\u00e9 d&rsquo;ici la fin de l&rsquo;ann\u00e9e, et nous sommes pr\u00eats \u00e0 faire des compromis pour y arriver\u00a0\u00bb, explique \u00e0 la tribune le pr\u00e9sident des d\u00e9put\u00e9s Renaissance Gabriel Attal.<\/p>\n\n\n\n<p class=\"\">Plusieurs piliers de la macronie ont pourtant fait savoir leurs r\u00e9ticences \u00e0 la suspension de la r\u00e9forme des retraites.Nous ne sommes pas n\u00e9gociables\u00a0\u00bb: S\u00e9bastien Chenu accuse les LR et le PS de se \u00ab\u00a0coucher\u00a0\u00bb devant S\u00e9bastien Lecornu<\/p>\n\n\n\n<p class=\"\">\u00ab\u00a0Qui de LR ou du PS se couchera le premier?\u00a0\u00bb, se demande le d\u00e9put\u00e9 RN S\u00e9bastien Chenu, accusant la droite et les socialistes de \u00ab\u00a0se vendre pour pas grand-chose\u00a0\u00bb \u00e0 S\u00e9bastien Lecornu.<\/p>\n\n\n\n<p class=\"\">\u00ab\u00a0Nous, nous ne sommes pas n\u00e9gociables\u00a0\u00bb, a encore lanc\u00e9 le vice-pr\u00e9sident de l&rsquo;Assembl\u00e9e nationale, sous les vifs applaudissements des d\u00e9put\u00e9s de Marine Le Pen.<\/p>\n","protected":false},"excerpt":{"rendered":"<p>Les socialistes \u00ab\u00a0ne voteront pas de motion de censure\u00a0\u00bb Le d\u00e9put\u00e9 PS Laurent Baumel annonce au micro de BFMTV que les socialistes \u00ab\u00a0ne voteront pas de motion de censure\u00a0\u00bb. L&rsquo;\u00e9lu issu de l&rsquo;aile gauche pr\u00e9cise ainsi la position des socialistes alors que Boris Vallaud s&rsquo;est seulement dit pr\u00eat \u00e0 faire le \u00ab\u00a0pari\u00a0\u00bb du d\u00e9bat budg\u00e9taire.Sans [&hellip;]<\/p>\n","protected":false},"author":2,"featured_media":39043,"comment_status":"open","ping_status":"open","sticky":false,"template":"","format":"standard","meta":{"_jetpack_memberships_contains_paid_content":false,"footnotes":"","jetpack_publicize_message":"","jetpack_publicize_feature_enabled":true,"jetpack_social_post_already_shared":true,"jetpack_social_options":{"image_generator_settings":{"template":"highway","default_image_id":0,"font":"","enabled":true,"token":"eyJpbWciOiJodHRwczpcL1wvd3d3LmljZWFnZXR2LmNvbVwvcmFkaW9zaXRlXC93cC1jb250ZW50XC91cGxvYWRzXC8yMDI1XC8xMFwvQ2FwdHVyZS1kZWNyYW4tMjAyNS0xMC0xNC0xODAyMTAucG5nIiwidHh0IjoiXHUwMGEwRGlzY291cnMgZGUgcG9saXRpcXVlIGdcdTAwZTluXHUwMGU5cmFsZTogdW4gZGlyaWdlYW50IHNvY2lhbGlzdGUgZXN0aW1lIHF1ZSBsYSBzdXNwZW5zaW9uIGRlIGxhIHJcdTAwZTlmb3JtZSBkZXMgcmV0cmFpdGVzIGVzdCAmIzgyMjA7dW5lIHByZW1pXHUwMGU4cmUgdmljdG9pcmUmIzgyMjE7IiwidGVtcGxhdGUiOiJoaWdod2F5IiwiZm9udCI6IiIsImJsb2dfaWQiOjExMTAxNjQ2MX0.pBVtjwuZcbW_h69u9Hy4kV2iTQaqN26lU4hp6yAwYd8MQ"},"version":2},"_wpas_customize_per_network":false},"categories":[405],"tags":[],"class_list":["post-39042","post","type-post","status-publish","format-standard","has-post-thumbnail","hentry","category-actu-france-monde"],"jetpack_publicize_connections":[],"jetpack_featured_media_url":"https:\/\/i0.wp.com\/www.iceagetv.com\/radiosite\/wp-content\/uploads\/2025\/10\/Capture-decran-2025-10-14-180210.png?fit=607%2C322&ssl=1","jetpack_sharing_enabled":true,"_links":{"self":[{"href":"https:\/\/www.iceagetv.com\/radiosite\/wp-json\/wp\/v2\/posts\/39042","targetHints":{"allow":["GET"]}}],"collection":[{"href":"https:\/\/www.iceagetv.com\/radiosite\/wp-json\/wp\/v2\/posts"}],"about":[{"href":"https:\/\/www.iceagetv.com\/radiosite\/wp-json\/wp\/v2\/types\/post"}],"author":[{"embeddable":true,"href":"https:\/\/www.iceagetv.com\/radiosite\/wp-json\/wp\/v2\/users\/2"}],"replies":[{"embeddable":true,"href":"https:\/\/www.iceagetv.com\/radiosite\/wp-json\/wp\/v2\/comments?post=39042"}],"version-history":[{"count":1,"href":"https:\/\/www.iceagetv.com\/radiosite\/wp-json\/wp\/v2\/posts\/39042\/revisions"}],"predecessor-version":[{"id":39044,"href":"https:\/\/www.iceagetv.com\/radiosite\/wp-json\/wp\/v2\/posts\/39042\/revisions\/39044"}],"wp:featuredmedia":[{"embeddable":true,"href":"https:\/\/www.iceagetv.com\/radiosite\/wp-json\/wp\/v2\/media\/39043"}],"wp:attachment":[{"href":"https:\/\/www.iceagetv.com\/radiosite\/wp-json\/wp\/v2\/media?parent=39042"}],"wp:term":[{"taxonomy":"category","embeddable":true,"href":"https:\/\/www.iceagetv.com\/radiosite\/wp-json\/wp\/v2\/categories?post=39042"},{"taxonomy":"post_tag","embeddable":true,"href":"https:\/\/www.iceagetv.com\/radiosite\/wp-json\/wp\/v2\/tags?post=39042"}],"curies":[{"name":"wp","href":"https:\/\/api.w.org\/{rel}","templated":true}]}}