{"id":39047,"date":"2025-10-15T08:34:21","date_gmt":"2025-10-15T06:34:21","guid":{"rendered":"https:\/\/www.iceagetv.com\/radiosite\/?p=39047"},"modified":"2025-10-15T08:34:24","modified_gmt":"2025-10-15T06:34:24","slug":"voici-les-4-points-clefs-a-retenir-du-discours-de-politique-generale-de-sebastien-lecornu-qui-etait-menace-de-censure-a-lassemblee-nationale","status":"publish","type":"post","link":"https:\/\/www.iceagetv.com\/radiosite\/voici-les-4-points-clefs-a-retenir-du-discours-de-politique-generale-de-sebastien-lecornu-qui-etait-menace-de-censure-a-lassemblee-nationale\/","title":{"rendered":"Voici les 4 points clefs \u00e0 retenir du discours de politique g\u00e9n\u00e9rale de S\u00e9bastien Lecornu qui \u00e9tait menac\u00e9 de censure, \u00e0 l&rsquo;Assembl\u00e9e nationale\u00a0"},"content":{"rendered":"\n<p class=\"\">Voici les 4 points clefs \u00e0 retenir du discours de politique g\u00e9n\u00e9ral de S\u00e9bastien Lecornu qui \u00e9tait menac\u00e9 de censure, \u00e0 l&rsquo;Assembl\u00e9e nationale.<\/p>\n\n\n\n<p class=\"\"><strong>1. Suspension de la r\u00e9forme des retraites<\/strong><\/p>\n\n\n\n<p class=\"\">S\u00e9bastien Lecornu a annonc\u00e9 la r\u00e9forme des retraites, condition exig\u00e9e par les socialistes pour \u00e9pargner la censure au gouvernement, et repousser ainsi la dissolution. \u00ab\u00a0Je proposerai au Parlement d\u00e8s cet automne que nous suspendions la r\u00e9forme de 2023 sur les retraites jusqu&rsquo;\u00e0 l&rsquo;\u00e9lection pr\u00e9sidentielle\u00a0\u00bb, a annonc\u00e9 le Premier ministre, mettant un terme \u00e0 plusieurs semaines de suspense. \u00ab\u00a0Aucun rel\u00e8vement de l&rsquo;\u00e2ge n&rsquo;interviendra \u00e0 partir de maintenant jusqu&rsquo;\u00e0 janvier 2028, comme l&rsquo;avait pr\u00e9cis\u00e9ment demand\u00e9 la CFDT. En compl\u00e9ment, la dur\u00e9e d&rsquo;assurance sera elle aussi suspendue et restera \u00e0 170 trimestres jusqu&rsquo;\u00e0 janvier 2028\u00a0\u00bb, a-t-il pr\u00e9cis\u00e9.<\/p>\n\n\n\n<p class=\"\"><strong>2. Pas d&rsquo;utilisation du 49.3<\/strong><\/p>\n\n\n\n<p class=\"\">S\u00e9bastien Lecornu a \u00e9galement confirm\u00e9 l&rsquo;abandon de l&rsquo;utilisation de l&rsquo;article 49.3 de la Constitution, qui permet l&rsquo;adoption d&rsquo;un texte sans vote. \u00ab\u00a0C&rsquo;est la garantie pour l&rsquo;Assembl\u00e9e nationale que le d\u00e9bat, notamment budg\u00e9taire mais pas seulement, dans tous les domaines, vivra, ira jusqu&rsquo;au bout, jusqu&rsquo;au vote\u00a0\u00bb, a-t-il ajout\u00e9.<\/p>\n\n\n\n<p class=\"\"><strong>3. D\u00e9ficit \u00e0 moins de 5 %<\/strong><\/p>\n\n\n\n<p class=\"\">Le projet de budget de l&rsquo;\u00c9tat, qui devrait \u00eatre largement modifi\u00e9 par le Parlement, propose un effort d&rsquo;une trentaine de milliards d&rsquo;euros et repose sur des hypoth\u00e8ses \u00ab\u00a0optimistes\u00a0\u00bb de croissance en 2026, selon le Haut conseil des finances publiques. Le d\u00e9ficit devra \u00ab\u00a0dans tous les cas de figure \u00eatre \u00e0 moins de 5 % \u00e0 la fin de la discussion\u00a0\u00bb parlementaire, a pr\u00e9cis\u00e9 S\u00e9bastien Lecornu, apr\u00e8s avoir pr\u00e9sent\u00e9 un projet de budget avec un d\u00e9ficit de 4,7 %.<\/p>\n\n\n\n<p class=\"\"><strong>4. Taxer les plus riches<\/strong><\/p>\n\n\n\n<p class=\"\">Le Premier ministre a par ailleurs reconnu \u00ab\u00a0des anomalies\u00a0\u00bb dans la fiscalit\u00e9 des tr\u00e8s grandes fortunes, souhaitant \u00ab\u00a0une contribution exceptionnelles\u00a0\u00bb des plus riches dans le prochain budget. \u00ab\u00a0Nous demanderons \u00e0 cr\u00e9er une contribution exceptionnelle des grandes fortunes que nous proposons d&rsquo;affecter au financement des investissements du futur qui touchent \u00e0 notre souverainet\u00e9, pour les infrastructures, la transition \u00e9cologique ou la D\u00e9fense\u00a0\u00bb, a-t-il indiqu\u00e9.<\/p>\n\n\n\n<p class=\"\"><strong>5.Nouvelle-Cal\u00e9donie<\/strong><\/p>\n\n\n\n<p class=\"\">Le Premier ministre va demander au Parlement de se positionner \u00ab\u00a0avant la fin de l&rsquo;ann\u00e9e\u00a0\u00bb pour transcrire l&rsquo;accord de Bougival sur l&rsquo;avenir institutionnel de la Nouvelle-Cal\u00e9donie dans la Constitution. Sign\u00e9 le 12 juillet, cet accord pr\u00e9voit entre autres la cr\u00e9ation d&rsquo;un \u00ab\u00a0\u00c9tat de la Nouvelle-Cal\u00e9donie\u00a0\u00bb inscrit dans la Constitution.<\/p>\n","protected":false},"excerpt":{"rendered":"<p>Voici les 4 points clefs \u00e0 retenir du discours de politique g\u00e9n\u00e9ral de S\u00e9bastien Lecornu qui \u00e9tait menac\u00e9 de censure, \u00e0 l&rsquo;Assembl\u00e9e nationale. 1. Suspension de la r\u00e9forme des retraites S\u00e9bastien Lecornu a annonc\u00e9 la r\u00e9forme des retraites, condition exig\u00e9e par les socialistes pour \u00e9pargner la censure au gouvernement, et repousser ainsi la dissolution. \u00ab\u00a0Je [&hellip;]<\/p>\n","protected":false},"author":2,"featured_media":39048,"comment_status":"open","ping_status":"open","sticky":false,"template":"","format":"standard","meta":{"_jetpack_memberships_contains_paid_content":false,"footnotes":"","jetpack_publicize_message":"","jetpack_publicize_feature_enabled":true,"jetpack_social_post_already_shared":true,"jetpack_social_options":{"image_generator_settings":{"template":"highway","default_image_id":0,"font":"","enabled":true,"token":"eyJpbWciOiJodHRwczpcL1wvd3d3LmljZWFnZXR2LmNvbVwvcmFkaW9zaXRlXC93cC1jb250ZW50XC91cGxvYWRzXC8yMDI1XC8xMFwvQ2FwdHVyZS1kZWNyYW4tMjAyNS0xMC0xNS0wODMzNDIucG5nIiwidHh0IjoiVm9pY2kgbGVzIDQgcG9pbnRzIGNsZWZzIFx1MDBlMCByZXRlbmlyIGR1IGRpc2NvdXJzIGRlIHBvbGl0aXF1ZSBnXHUwMGU5blx1MDBlOXJhbGUgZGUgU1x1MDBlOWJhc3RpZW4gTGVjb3JudSBxdWkgXHUwMGU5dGFpdCBtZW5hY1x1MDBlOSBkZSBjZW5zdXJlLCBcdTAwZTAgbCYjODIxNztBc3NlbWJsXHUwMGU5ZSBuYXRpb25hbGVcdTAwYTAiLCJ0ZW1wbGF0ZSI6ImhpZ2h3YXkiLCJmb250IjoiIiwiYmxvZ19pZCI6MTExMDE2NDYxfQ.FPW0sQx3oJRmoRSlyaIi_p3cHBhVZoMFqNKskewyXr0MQ"},"version":2},"_wpas_customize_per_network":false},"categories":[405],"tags":[],"class_list":["post-39047","post","type-post","status-publish","format-standard","has-post-thumbnail","hentry","category-actu-france-monde"],"jetpack_publicize_connections":[],"jetpack_featured_media_url":"https:\/\/i0.wp.com\/www.iceagetv.com\/radiosite\/wp-content\/uploads\/2025\/10\/Capture-decran-2025-10-15-083342.png?fit=742%2C292&ssl=1","jetpack_sharing_enabled":true,"_links":{"self":[{"href":"https:\/\/www.iceagetv.com\/radiosite\/wp-json\/wp\/v2\/posts\/39047","targetHints":{"allow":["GET"]}}],"collection":[{"href":"https:\/\/www.iceagetv.com\/radiosite\/wp-json\/wp\/v2\/posts"}],"about":[{"href":"https:\/\/www.iceagetv.com\/radiosite\/wp-json\/wp\/v2\/types\/post"}],"author":[{"embeddable":true,"href":"https:\/\/www.iceagetv.com\/radiosite\/wp-json\/wp\/v2\/users\/2"}],"replies":[{"embeddable":true,"href":"https:\/\/www.iceagetv.com\/radiosite\/wp-json\/wp\/v2\/comments?post=39047"}],"version-history":[{"count":1,"href":"https:\/\/www.iceagetv.com\/radiosite\/wp-json\/wp\/v2\/posts\/39047\/revisions"}],"predecessor-version":[{"id":39049,"href":"https:\/\/www.iceagetv.com\/radiosite\/wp-json\/wp\/v2\/posts\/39047\/revisions\/39049"}],"wp:featuredmedia":[{"embeddable":true,"href":"https:\/\/www.iceagetv.com\/radiosite\/wp-json\/wp\/v2\/media\/39048"}],"wp:attachment":[{"href":"https:\/\/www.iceagetv.com\/radiosite\/wp-json\/wp\/v2\/media?parent=39047"}],"wp:term":[{"taxonomy":"category","embeddable":true,"href":"https:\/\/www.iceagetv.com\/radiosite\/wp-json\/wp\/v2\/categories?post=39047"},{"taxonomy":"post_tag","embeddable":true,"href":"https:\/\/www.iceagetv.com\/radiosite\/wp-json\/wp\/v2\/tags?post=39047"}],"curies":[{"name":"wp","href":"https:\/\/api.w.org\/{rel}","templated":true}]}}