{"id":39054,"date":"2025-10-15T18:20:26","date_gmt":"2025-10-15T16:20:26","guid":{"rendered":"https:\/\/www.iceagetv.com\/radiosite\/?p=39054"},"modified":"2025-10-15T18:20:30","modified_gmt":"2025-10-15T16:20:30","slug":"le-journaliste-sportif-jean-rene-godart-voix-emblematique-du-tour-de-france-sur-france-televisions-est-decede-a-lage-de-74-ans","status":"publish","type":"post","link":"https:\/\/www.iceagetv.com\/radiosite\/le-journaliste-sportif-jean-rene-godart-voix-emblematique-du-tour-de-france-sur-france-televisions-est-decede-a-lage-de-74-ans\/","title":{"rendered":"Le journaliste sportif Jean-Ren\u00e9 Godart, voix embl\u00e9matique du Tour de France sur France T\u00e9l\u00e9visions, est d\u00e9c\u00e9d\u00e9 \u00e0 l&rsquo;\u00e2ge de 74 ans"},"content":{"rendered":"\n<p class=\"\">Le journaliste sportif Jean-Ren\u00e9 Godart, figure embl\u00e9matique de France T\u00e9l\u00e9visions et voix du Tour de France, est d\u00e9c\u00e9d\u00e9 \u00e0 l&rsquo;\u00e2ge de 74 ans. C&rsquo;est une annonce faite par le site de&nbsp;<a href=\"https:\/\/www.franceinfo.fr\/sports\/cyclisme\/le-journaliste-jean-rene-godart-figure-du-service-des-sports-de-france-televisions-est-mort-a-74-ans_7554115.html\" target=\"_blank\" rel=\"noreferrer noopener\">Franceinfo<\/a>.<\/p>\n\n\n\n<p class=\"\">N\u00e9 le 10 d\u00e9cembre 1950, il s\u2019\u00e9tait impos\u00e9 comme l\u2019une des grandes voix du sport \u00e0 la radio puis \u00e0 la t\u00e9l\u00e9vision. Son ton pos\u00e9, sa pr\u00e9cision et son amour sinc\u00e8re du cyclisme avaient conquis des millions de t\u00e9l\u00e9spectateurs. Il d\u00e9bute sa carri\u00e8re \u00e0 Europe 1, o\u00f9 il couvre les plus grandes comp\u00e9titions d\u00e8s les ann\u00e9es 1970.<\/p>\n\n\n\n<p class=\"\">Rapidement, il devient une r\u00e9f\u00e9rence dans le suivi du Tour de France, racontant les exploits des plus grands champions avec une \u00e9motion et une impartialit\u00e9 salu\u00e9es par tous. Apr\u00e8s vingt ans de radio, il rejoint France T\u00e9l\u00e9visions en 1994 et devient l\u2019un des piliers du service des sports. Sur France 2 et France 3, Jean-Ren\u00e9 Godart commente non seulement le Tour de France, mais aussi Roland-Garros, les Jeux olympiques et de nombreuses \u00e9preuves de ski ou d\u2019athl\u00e9tisme.<\/p>\n\n\n\n<p class=\"\">Son professionnalisme et sa connaissance du terrain lui valent un profond respect de ses confr\u00e8res et des sportifs qu\u2019il interviewe. Il a couvert plus de trente \u00e9ditions du Tour de France, treize Jeux olympiques et quinze Roland-Garros. Ces chiffres traduisent une long\u00e9vit\u00e9 rare et une passion in\u00e9branlable.<\/p>\n\n\n\n<p class=\"\">Toujours \u00e9l\u00e9gant, toujours pr\u00e9cis, il incarnait une g\u00e9n\u00e9ration de journalistes pour qui la discr\u00e9tion et la rigueur primaient sur la mise en sc\u00e8ne.<\/p>\n\n\n\n<p class=\"\">En 2018, affaibli par des ennuis de sant\u00e9, il d\u00e9cide de quitter France T\u00e9l\u00e9visions. Il \u00e9voquait alors avec pudeur des probl\u00e8mes de voix et de circulation, qui rendaient son m\u00e9tier plus difficile. Son d\u00e9part avait \u00e9mu le monde du sport et de l\u2019audiovisuel, tant son nom \u00e9tait associ\u00e9 \u00e0 des souvenirs forts de retransmissions.<\/p>\n\n\n\n<p class=\"\">Jean-Ren\u00e9 Godart restera comme un grand t\u00e9moin du sport fran\u00e7ais, un journaliste \u00e0 la fois passionn\u00e9 et mesur\u00e9, aimant profond\u00e9ment les athl\u00e8tes et les \u00e9motions du direct. Son d\u00e9c\u00e8s marque la disparition d\u2019une voix unique, d\u2019un regard bienveillant et d\u2019une figure respect\u00e9e de plusieurs g\u00e9n\u00e9rations de t\u00e9l\u00e9spectateurs.<\/p>\n","protected":false},"excerpt":{"rendered":"<p>Le journaliste sportif Jean-Ren\u00e9 Godart, figure embl\u00e9matique de France T\u00e9l\u00e9visions et voix du Tour de France, est d\u00e9c\u00e9d\u00e9 \u00e0 l&rsquo;\u00e2ge de 74 ans. C&rsquo;est une annonce faite par le site de&nbsp;Franceinfo. N\u00e9 le 10 d\u00e9cembre 1950, il s\u2019\u00e9tait impos\u00e9 comme l\u2019une des grandes voix du sport \u00e0 la radio puis \u00e0 la t\u00e9l\u00e9vision. Son ton [&hellip;]<\/p>\n","protected":false},"author":2,"featured_media":39055,"comment_status":"open","ping_status":"open","sticky":false,"template":"","format":"standard","meta":{"_jetpack_memberships_contains_paid_content":false,"footnotes":"","jetpack_publicize_message":"","jetpack_publicize_feature_enabled":true,"jetpack_social_post_already_shared":true,"jetpack_social_options":{"image_generator_settings":{"template":"highway","default_image_id":0,"font":"","enabled":true,"token":"eyJpbWciOiJodHRwczpcL1wvd3d3LmljZWFnZXR2LmNvbVwvcmFkaW9zaXRlXC93cC1jb250ZW50XC91cGxvYWRzXC8yMDI1XC8xMFwvQ2FwdHVyZS1kZWNyYW4tMjAyNS0xMC0xNS0xODE5NDIucG5nIiwidHh0IjoiTGUgam91cm5hbGlzdGUgc3BvcnRpZiBKZWFuLVJlblx1MDBlOSBHb2RhcnQsIHZvaXggZW1ibFx1MDBlOW1hdGlxdWUgZHUgVG91ciBkZSBGcmFuY2Ugc3VyIEZyYW5jZSBUXHUwMGU5bFx1MDBlOXZpc2lvbnMsIGVzdCBkXHUwMGU5Y1x1MDBlOWRcdTAwZTkgXHUwMGUwIGwmIzgyMTc7XHUwMGUyZ2UgZGUgNzQgYW5zIiwidGVtcGxhdGUiOiJoaWdod2F5IiwiZm9udCI6IiIsImJsb2dfaWQiOjExMTAxNjQ2MX0.0M0c_guVjP-IMH6YAKCMyRS_zDb3zIQlayihVjXHsvQMQ"},"version":2},"_wpas_customize_per_network":false},"categories":[68],"tags":[],"class_list":["post-39054","post","type-post","status-publish","format-standard","has-post-thumbnail","hentry","category-actu-culturelle"],"jetpack_publicize_connections":[],"jetpack_featured_media_url":"https:\/\/i0.wp.com\/www.iceagetv.com\/radiosite\/wp-content\/uploads\/2025\/10\/Capture-decran-2025-10-15-181942.png?fit=693%2C272&ssl=1","jetpack_sharing_enabled":true,"_links":{"self":[{"href":"https:\/\/www.iceagetv.com\/radiosite\/wp-json\/wp\/v2\/posts\/39054","targetHints":{"allow":["GET"]}}],"collection":[{"href":"https:\/\/www.iceagetv.com\/radiosite\/wp-json\/wp\/v2\/posts"}],"about":[{"href":"https:\/\/www.iceagetv.com\/radiosite\/wp-json\/wp\/v2\/types\/post"}],"author":[{"embeddable":true,"href":"https:\/\/www.iceagetv.com\/radiosite\/wp-json\/wp\/v2\/users\/2"}],"replies":[{"embeddable":true,"href":"https:\/\/www.iceagetv.com\/radiosite\/wp-json\/wp\/v2\/comments?post=39054"}],"version-history":[{"count":1,"href":"https:\/\/www.iceagetv.com\/radiosite\/wp-json\/wp\/v2\/posts\/39054\/revisions"}],"predecessor-version":[{"id":39056,"href":"https:\/\/www.iceagetv.com\/radiosite\/wp-json\/wp\/v2\/posts\/39054\/revisions\/39056"}],"wp:featuredmedia":[{"embeddable":true,"href":"https:\/\/www.iceagetv.com\/radiosite\/wp-json\/wp\/v2\/media\/39055"}],"wp:attachment":[{"href":"https:\/\/www.iceagetv.com\/radiosite\/wp-json\/wp\/v2\/media?parent=39054"}],"wp:term":[{"taxonomy":"category","embeddable":true,"href":"https:\/\/www.iceagetv.com\/radiosite\/wp-json\/wp\/v2\/categories?post=39054"},{"taxonomy":"post_tag","embeddable":true,"href":"https:\/\/www.iceagetv.com\/radiosite\/wp-json\/wp\/v2\/tags?post=39054"}],"curies":[{"name":"wp","href":"https:\/\/api.w.org\/{rel}","templated":true}]}}