{"id":39137,"date":"2025-10-18T07:07:42","date_gmt":"2025-10-18T05:07:42","guid":{"rendered":"https:\/\/www.iceagetv.com\/radiosite\/?p=39137"},"modified":"2025-10-18T07:07:44","modified_gmt":"2025-10-18T05:07:44","slug":"lagence-sp-abaisse-la-note-souveraine-de-la-france-de-aa-a-a-incertitude-elevee-sur-les-finances-publiques","status":"publish","type":"post","link":"https:\/\/www.iceagetv.com\/radiosite\/lagence-sp-abaisse-la-note-souveraine-de-la-france-de-aa-a-a-incertitude-elevee-sur-les-finances-publiques\/","title":{"rendered":"L&rsquo;agence S&amp;P abaisse la note souveraine de la France de AA- \u00e0 A+, incertitude \u00ab\u00a0\u00e9lev\u00e9e\u00a0\u00bb sur les finances publiques"},"content":{"rendered":"\n<p class=\"\">L&rsquo;agence maintient une perspective stable mais estime que, sans mesures suppl\u00e9mentaires pour r\u00e9duire le d\u00e9ficit, le rythme de consolidation pourrait \u00eatre plus lent que pr\u00e9vu.S&amp;P Global Ratings a abaiss\u00e9 vendredi 17 octobre la note de cr\u00e9dit de la France \u00e0 \u00ab\u00a0A+\u00a0\u00bb, contre \u00ab\u00a0AA-\u00a0\u00bb auparavant, estimant que \u00ab\u00a0malgr\u00e9 la pr\u00e9sentation cette semaine du projet de budget 2026, l&rsquo;incertitude sur les finances publiques fran\u00e7aises demeure \u00e9lev\u00e9e\u00a0\u00bb.L&rsquo;agence maintient une perspective stable mais estime que, sans mesures suppl\u00e9mentaires pour r\u00e9duire le d\u00e9ficit, le rythme de consolidation pourrait \u00eatre plus lent que pr\u00e9vu. S&amp;P anticipe une dette brute des administrations publiques atteignant 121,00% du PIB en 2028 et des d\u00e9ficits \u00e9lev\u00e9s sur les trois prochaines ann\u00e9es.L&rsquo;agence souligne que l&rsquo;incertitude politique pourrait peser sur l&rsquo;\u00e9conomie fran\u00e7aise en freinant l&rsquo;investissement, la consommation priv\u00e9e et la croissance, malgr\u00e9 la pr\u00e9sentation du projet de budget 2026 au Parlement.Le gouvernement d\u00e9termin\u00e9 \u00ab\u00a0\u00e0 tenir l&rsquo;objectif\u00a0\u00bb de d\u00e9ficit 2025Dans un communiqu\u00e9, le ministre de l&rsquo;\u00c9conomie et des Finances Roland Lescure \u00ab\u00a0prend acte\u00a0\u00bb de la d\u00e9cision de S&amp;P.\u00a0\u00bbLe gouvernement confirme sa d\u00e9termination \u00e0 tenir l&rsquo;objectif de d\u00e9ficit de 5,4% du PIB pour 2025. Pour 2026, le gouvernement a d\u00e9pos\u00e9 ce mardi 14 octobre un projet de budget qui vise \u00e0 acc\u00e9l\u00e9rer la r\u00e9duction du d\u00e9ficit public \u00e0 4,7% du PIB tout en pr\u00e9servant la croissance\u00a0\u00bb, explique-t-il.\u00a0\u00bbIl s&rsquo;agit d&rsquo;une \u00e9tape clef qui nous permettra de respecter l&rsquo;engagement de la France \u00e0 ramener le d\u00e9ficit public sous 3 % du PIB en 2029&Prime;, ajoute encore le ministre.<\/p>\n","protected":false},"excerpt":{"rendered":"<p>L&rsquo;agence maintient une perspective stable mais estime que, sans mesures suppl\u00e9mentaires pour r\u00e9duire le d\u00e9ficit, le rythme de consolidation pourrait \u00eatre plus lent que pr\u00e9vu.S&amp;P Global Ratings a abaiss\u00e9 vendredi 17 octobre la note de cr\u00e9dit de la France \u00e0 \u00ab\u00a0A+\u00a0\u00bb, contre \u00ab\u00a0AA-\u00a0\u00bb auparavant, estimant que \u00ab\u00a0malgr\u00e9 la pr\u00e9sentation cette semaine du projet de budget [&hellip;]<\/p>\n","protected":false},"author":2,"featured_media":39138,"comment_status":"open","ping_status":"open","sticky":false,"template":"","format":"standard","meta":{"_jetpack_memberships_contains_paid_content":false,"footnotes":"","jetpack_publicize_message":"","jetpack_publicize_feature_enabled":true,"jetpack_social_post_already_shared":true,"jetpack_social_options":{"image_generator_settings":{"template":"highway","default_image_id":0,"font":"","enabled":true,"token":"eyJpbWciOiJodHRwczpcL1wvd3d3LmljZWFnZXR2LmNvbVwvcmFkaW9zaXRlXC93cC1jb250ZW50XC91cGxvYWRzXC8yMDI1XC8xMFwvTC1pbmZsdWVudGUtYWdlbmNlLWRlLW5vdGF0aW9uLVMtYW5kLVAtR2xvYmFsLVJhdGluZ3MtZG9pdC1kaXJlLXNpLWVsbGUtYWJhaXNzZS1vdS1wYXMtbGEtbm90ZS1maW5hbmNpZXJlLWRlLWxhLUZyYW5jZS0xNzU5MzExLmpwZyIsInR4dCI6IkwmIzgyMTc7YWdlbmNlIFMmYW1wO1AgYWJhaXNzZSBsYSBub3RlIHNvdXZlcmFpbmUgZGUgbGEgRnJhbmNlIGRlIEFBLSBcdTAwZTAgQSssIGluY2VydGl0dWRlICYjODIyMDtcdTAwZTlsZXZcdTAwZTllJiM4MjIxOyBzdXIgbGVzIGZpbmFuY2VzIHB1YmxpcXVlcyIsInRlbXBsYXRlIjoiaGlnaHdheSIsImZvbnQiOiIiLCJibG9nX2lkIjoxMTEwMTY0NjF9.um4mUmft3rnelW-kA8UDuNric6Rp0-4OzCL-qdBxkbMMQ"},"version":2},"_wpas_customize_per_network":false},"categories":[405],"tags":[],"class_list":["post-39137","post","type-post","status-publish","format-standard","has-post-thumbnail","hentry","category-actu-france-monde"],"jetpack_publicize_connections":[],"jetpack_featured_media_url":"https:\/\/i0.wp.com\/www.iceagetv.com\/radiosite\/wp-content\/uploads\/2025\/10\/L-influente-agence-de-notation-S-and-P-Global-Ratings-doit-dire-si-elle-abaisse-ou-pas-la-note-financiere-de-la-France-1759311.jpg?fit=736%2C414&ssl=1","jetpack_sharing_enabled":true,"_links":{"self":[{"href":"https:\/\/www.iceagetv.com\/radiosite\/wp-json\/wp\/v2\/posts\/39137","targetHints":{"allow":["GET"]}}],"collection":[{"href":"https:\/\/www.iceagetv.com\/radiosite\/wp-json\/wp\/v2\/posts"}],"about":[{"href":"https:\/\/www.iceagetv.com\/radiosite\/wp-json\/wp\/v2\/types\/post"}],"author":[{"embeddable":true,"href":"https:\/\/www.iceagetv.com\/radiosite\/wp-json\/wp\/v2\/users\/2"}],"replies":[{"embeddable":true,"href":"https:\/\/www.iceagetv.com\/radiosite\/wp-json\/wp\/v2\/comments?post=39137"}],"version-history":[{"count":1,"href":"https:\/\/www.iceagetv.com\/radiosite\/wp-json\/wp\/v2\/posts\/39137\/revisions"}],"predecessor-version":[{"id":39139,"href":"https:\/\/www.iceagetv.com\/radiosite\/wp-json\/wp\/v2\/posts\/39137\/revisions\/39139"}],"wp:featuredmedia":[{"embeddable":true,"href":"https:\/\/www.iceagetv.com\/radiosite\/wp-json\/wp\/v2\/media\/39138"}],"wp:attachment":[{"href":"https:\/\/www.iceagetv.com\/radiosite\/wp-json\/wp\/v2\/media?parent=39137"}],"wp:term":[{"taxonomy":"category","embeddable":true,"href":"https:\/\/www.iceagetv.com\/radiosite\/wp-json\/wp\/v2\/categories?post=39137"},{"taxonomy":"post_tag","embeddable":true,"href":"https:\/\/www.iceagetv.com\/radiosite\/wp-json\/wp\/v2\/tags?post=39137"}],"curies":[{"name":"wp","href":"https:\/\/api.w.org\/{rel}","templated":true}]}}