{"id":39142,"date":"2025-10-18T11:07:32","date_gmt":"2025-10-18T09:07:32","guid":{"rendered":"https:\/\/www.iceagetv.com\/radiosite\/?p=39142"},"modified":"2025-10-18T11:07:33","modified_gmt":"2025-10-18T09:07:33","slug":"madagascar-maroc-nepal-pourquoi-la-generation-z-sembrase-aux-quatre-coins-de-la-planete","status":"publish","type":"post","link":"https:\/\/www.iceagetv.com\/radiosite\/madagascar-maroc-nepal-pourquoi-la-generation-z-sembrase-aux-quatre-coins-de-la-planete\/","title":{"rendered":"Madagascar, Maroc, N\u00e9pal&#8230; Pourquoi la g\u00e9n\u00e9ration Z s&#8217;embrase aux quatre coins de la plan\u00e8te"},"content":{"rendered":"\n<p class=\"\">Plusieurs pays d&rsquo;Asie, d&rsquo;Afrique et d&rsquo;Am\u00e9rique du Sud sont secou\u00e9s par des manifestations de la \u00ab\u00a0G\u00e9n\u00e9ration Z\u00a0\u00bb, qui font descendre dans la rue des milliers de jeunes \u00e2g\u00e9s de 18 \u00e0 30 ans. Organis\u00e9s sur les r\u00e9seaux sociaux, ils se battent contre les in\u00e9galit\u00e9s et la d\u00e9connexion des \u00e9lites.<\/p>\n\n\n\n<p class=\"\">Une g\u00e9n\u00e9ration qui entend prendre son destin en main. Le<a href=\"https:\/\/www.bfmtv.com\/international\/afrique\/tout-comprendre-manifestations-prise-du-pouvoir-par-l-armee-president-dechu-que-se-passe-t-il-a-madagascar_AN-202510150697.html\">&nbsp;pr\u00e9sident malgache Andry Rajoelina a \u00e9t\u00e9 renvers\u00e9<\/a>&nbsp;cette semaine,&nbsp;<a href=\"https:\/\/www.bfmtv.com\/international\/le-president-dechu-de-madagascar-andry-rajoelina-confirme-sa-fuite-a-l-etranger-un-colonel-va-etre-investi-vendredi_AD-202510160634.html\">contraint \u00e0 fuir le pays<\/a>&nbsp;apr\u00e8s des semaines de manifestations de la \u00ab\u00a0Gen Z\u00a0\u00bb, un mouvement compos\u00e9 de jeunes protestataires.<\/p>\n\n\n\n<p class=\"\">Si la chute du pr\u00e9sident s&rsquo;est\u00a0<a href=\"https:\/\/www.bfmtv.com\/international\/afrique\/revolte-a-madagascar-qui-est-le-colonel-michael-randrianirina-nouveau-president-de-l-ile_AN-202510170495.html\">sold\u00e9e par un putsch<\/a>, les militaires qui ont pris le pouvoir ont promis qu\u2019un premier ministre de consensus serait choisi \u00ab\u00a0en concertation avec la Gen\u00a0Z\u00a0\u00bb, signe du poids de la jeunesse dans l&rsquo;avenir politique du pays.La r\u00e9volte des jeunes Malgaches fait \u00e9cho \u00e0 d&rsquo;autres mouvements de col\u00e8re qui ont \u00e9clat\u00e9 dans le monde ces derniers mois. De l&rsquo;Indon\u00e9sie au N\u00e9pal, en passant par le P\u00e9rou et le Maroc,&nbsp;<a href=\"https:\/\/www.bfmtv.com\/tech\/actualites\/reseaux-sociaux\/je-ne-faisais-rien-juste-scroller-indefiniment-ces-jeunes-ont-arrete-radicalement-les-reseaux-sociaux-et-ca-a-change-leur-vie-mais-tous-y-sont-revenus_AV-202508030042.html\">la g\u00e9n\u00e9ration Z<\/a>&nbsp;&#8211; n\u00e9e entre la fin ann\u00e9es 90 et le d\u00e9but des ann\u00e9es 2010 &#8211; fait entendre sa voix contre les gouvernements. Jusqu&rsquo;\u00e0, parfois, les faire plier.<\/p>\n\n\n\n<h2 class=\"wp-block-heading\" id=\"f58t6\">Des contextes sociaux et politiques comparables<\/h2>\n\n\n\n<p class=\"\">Au N\u00e9pal, la pression de la rue \u00e9tait telle que&nbsp;<a href=\"https:\/\/www.bfmtv.com\/international\/19-morts-parlement-brule-demission-du-premier-ministre-pourquoi-le-nepal-est-en-proie-a-de-violentes-manifestations_AD-202509100913.html\">le Premier ministre n&rsquo;a eu d&rsquo;autre choix que de d\u00e9missionner<\/a>. La crise avait d\u00e9but\u00e9 le 8 septembre, lorsque la police a ouvert le feu dans la capitale sur un cort\u00e8ge de milliers de jeunes qui d\u00e9non\u00e7aient le blocage des r\u00e9seaux sociaux et la corruption des \u00e9lites du pays.<\/p>\n\n\n\n<p class=\"\">A Madagascar, les \u00ab\u00a0zoomers\u00a0\u00bb \u00e9taient d&rsquo;abord descendus dans la rue pour protester contre les coupures d&rsquo;eau et d&rsquo;\u00e9lectrict\u00e9, sur une \u00eele o\u00f9 les richesses naturelles ne profitent pas \u00e0 la population. Au Maroc, c&rsquo;est le d\u00e9c\u00e8s de huit femmes venues accoucher par c\u00e9sarienne dans un h\u00f4pital d&rsquo;Agadir, symbole des d\u00e9faillances du service de sant\u00e9 public, qui a mis le feu aux poudres cet \u00e9t\u00e9.Les pays concern\u00e9s font partie du Sud global (par opposition au pays du Nord occidentaux, NDLR) et ont une histoire ancienne de contestation coloniale puis post-coloniale\u00a0\u00bb, d\u00e9crypte pour BFMTV Paolo Stuppia, docteur en sciences politiques \u00e0 l\u2019universit\u00e9 Paris 1, enseignant \u00e0 Science Po et chercheur associ\u00e9 au Centre Europ\u00e9en de Sociologie et de Science Politique (CESSP).<\/p>\n\n\n\n<p class=\"\">\u00ab\u00a0Ces pays ont des caract\u00e9ristiques semblables, notamment au niveau d\u00e9mographique puisque la g\u00e9n\u00e9ration Z y repr\u00e9sente au moins un quart de la population\u00a0\u00bb, poursuit le chercheur, \u00e9voquant aussi \u00ab\u00a0un niveau d&rsquo;\u00e9ducation et une urbanisation qui augmentent\u00a0\u00bb.<\/p>\n\n\n\n<h2 class=\"wp-block-heading\" id=\"2rat9\">\u00ab\u00a0Elites corrompues et d\u00e9connect\u00e9es\u00a0\u00bb<\/h2>\n\n\n\n<p class=\"\">Les manifestants ont donc la particularit\u00e9 d&rsquo;\u00eatre jeunes, et de se revendiquer sous la banni\u00e8re de \u00ab\u00a0G\u00e9n\u00e9ration Z\u00a0\u00bb ou \u00ab\u00a0Gen Z\u00a0\u00bb. De l&rsquo;Afrique \u00e0 l&rsquo;Asie en passant par l&rsquo;Am\u00e9rique du Sud, leurs revendications sont similaires.<\/p>\n\n\n\n<p class=\"\">\u00ab\u00a0Il y a une volont\u00e9 de d\u00e9noncer la malgouvernance de ces pays dirig\u00e9s par des \u00e9lites politiques consid\u00e9r\u00e9es comme corrompues et d\u00e9connect\u00e9es du quotidien de la jeunesse\u00a0\u00bb, souligne Paolo Stuppia, co-auteur de&nbsp;<em>G\u00e9opolitique de la jeunesse &#8211; engagement et (d\u00e9)mobilisations<\/em>&nbsp;(avec Val\u00e9rie Becquet, Le Cavalier Bleu, 2024).<\/p>\n\n\n\n<p class=\"\">\u00ab\u00a0Ces jeunes, aujourd&rsquo;hui, agissent sur d&rsquo;autres revendications que des revendications purement politiques. Ils ont un besoin radical de coh\u00e9rence, d&rsquo;authenticit\u00e9. Ils veulent comparer, ils jugent tout, ils voient tout, parce qu&rsquo;ils ont acc\u00e8s constamment aux r\u00e9seaux sociaux\u00a0\u00bb, ajoute \u00c9lodie Gentina, professeur \u00e0 l\u2019IESEG School of Management sp\u00e9cialiste de le G\u00e9n\u00e9ration Z cit\u00e9e par&nbsp;<a href=\"https:\/\/www.rfi.fr\/fr\/monde\/20251002-g%C3%A9n%C3%A9ration-z-un-mouvement-de-contestation-exacerb%C3%A9-par-l-effet-miroir-des-r%C3%A9seaux-sociaux\" target=\"_blank\" rel=\"noreferrer noopener\">RFI<\/a>.<\/p>\n\n\n\n<p class=\"\">C&rsquo;est justement&nbsp;<a href=\"https:\/\/www.bfmtv.com\/tech\/comment-les-reseaux-sociaux-ont-declenche-et-faconne-la-revolution-au-nepal_AN-202509160052.html\">sur les r\u00e9seaux sociaux que les manifestations sont n\u00e9es<\/a>. Au N\u00e9pal, tout a commenc\u00e9 par la publication sur Instagram et TikTok de vid\u00e9os montrant la vie luxueuse des enfants des dirigeants politiques. Des hashtags tels que #NepoKids, dans un raccourci pour n\u00e9potisme, pointaient le contraste entre le quotidien des citoyens ordinaires et la vie de r\u00eave que les enfants de dirigeants politiques \u00e9talent sans complexe.<\/p>\n","protected":false},"excerpt":{"rendered":"<p>Plusieurs pays d&rsquo;Asie, d&rsquo;Afrique et d&rsquo;Am\u00e9rique du Sud sont secou\u00e9s par des manifestations de la \u00ab\u00a0G\u00e9n\u00e9ration Z\u00a0\u00bb, qui font descendre dans la rue des milliers de jeunes \u00e2g\u00e9s de 18 \u00e0 30 ans. Organis\u00e9s sur les r\u00e9seaux sociaux, ils se battent contre les in\u00e9galit\u00e9s et la d\u00e9connexion des \u00e9lites. Une g\u00e9n\u00e9ration qui entend prendre son [&hellip;]<\/p>\n","protected":false},"author":2,"featured_media":39143,"comment_status":"open","ping_status":"open","sticky":false,"template":"","format":"standard","meta":{"_jetpack_memberships_contains_paid_content":false,"footnotes":"","jetpack_publicize_message":"","jetpack_publicize_feature_enabled":true,"jetpack_social_post_already_shared":true,"jetpack_social_options":{"image_generator_settings":{"template":"highway","default_image_id":0,"font":"","enabled":true,"token":"eyJpbWciOiJodHRwczpcL1wvd3d3LmljZWFnZXR2LmNvbVwvcmFkaW9zaXRlXC93cC1jb250ZW50XC91cGxvYWRzXC8yMDI1XC8xMFwvQ2FwdHVyZS1kZWNyYW4tMjAyNS0xMC0xOC0xMTA2NTYucG5nIiwidHh0IjoiTWFkYWdhc2NhciwgTWFyb2MsIE5cdTAwZTlwYWwmIzgyMzA7IFBvdXJxdW9pIGxhIGdcdTAwZTluXHUwMGU5cmF0aW9uIFogcyYjODIxNztlbWJyYXNlIGF1eCBxdWF0cmUgY29pbnMgZGUgbGEgcGxhblx1MDBlOHRlIiwidGVtcGxhdGUiOiJoaWdod2F5IiwiZm9udCI6IiIsImJsb2dfaWQiOjExMTAxNjQ2MX0._RtWX1VesK7TQ3aJ8Reck2fY7K4Ho9dvXLF_FJ76Ek8MQ"},"version":2},"_wpas_customize_per_network":false},"categories":[405],"tags":[],"class_list":["post-39142","post","type-post","status-publish","format-standard","has-post-thumbnail","hentry","category-actu-france-monde"],"jetpack_publicize_connections":[],"jetpack_featured_media_url":"https:\/\/i0.wp.com\/www.iceagetv.com\/radiosite\/wp-content\/uploads\/2025\/10\/Capture-decran-2025-10-18-110656.png?fit=968%2C338&ssl=1","jetpack_sharing_enabled":true,"_links":{"self":[{"href":"https:\/\/www.iceagetv.com\/radiosite\/wp-json\/wp\/v2\/posts\/39142","targetHints":{"allow":["GET"]}}],"collection":[{"href":"https:\/\/www.iceagetv.com\/radiosite\/wp-json\/wp\/v2\/posts"}],"about":[{"href":"https:\/\/www.iceagetv.com\/radiosite\/wp-json\/wp\/v2\/types\/post"}],"author":[{"embeddable":true,"href":"https:\/\/www.iceagetv.com\/radiosite\/wp-json\/wp\/v2\/users\/2"}],"replies":[{"embeddable":true,"href":"https:\/\/www.iceagetv.com\/radiosite\/wp-json\/wp\/v2\/comments?post=39142"}],"version-history":[{"count":1,"href":"https:\/\/www.iceagetv.com\/radiosite\/wp-json\/wp\/v2\/posts\/39142\/revisions"}],"predecessor-version":[{"id":39144,"href":"https:\/\/www.iceagetv.com\/radiosite\/wp-json\/wp\/v2\/posts\/39142\/revisions\/39144"}],"wp:featuredmedia":[{"embeddable":true,"href":"https:\/\/www.iceagetv.com\/radiosite\/wp-json\/wp\/v2\/media\/39143"}],"wp:attachment":[{"href":"https:\/\/www.iceagetv.com\/radiosite\/wp-json\/wp\/v2\/media?parent=39142"}],"wp:term":[{"taxonomy":"category","embeddable":true,"href":"https:\/\/www.iceagetv.com\/radiosite\/wp-json\/wp\/v2\/categories?post=39142"},{"taxonomy":"post_tag","embeddable":true,"href":"https:\/\/www.iceagetv.com\/radiosite\/wp-json\/wp\/v2\/tags?post=39142"}],"curies":[{"name":"wp","href":"https:\/\/api.w.org\/{rel}","templated":true}]}}