{"id":39202,"date":"2025-10-20T13:08:54","date_gmt":"2025-10-20T11:08:54","guid":{"rendered":"https:\/\/www.iceagetv.com\/radiosite\/?p=39202"},"modified":"2025-10-20T13:08:56","modified_gmt":"2025-10-20T11:08:56","slug":"lyon-au-moins-4-morts-dans-un-violent-incendie-qui-a-touche-ce-matin-un-immeuble-de-10-etages-non-loin-de-la-gare-part-dieu-lincendie-sest-declare-au-sous-sol-indique-le-p","status":"publish","type":"post","link":"https:\/\/www.iceagetv.com\/radiosite\/lyon-au-moins-4-morts-dans-un-violent-incendie-qui-a-touche-ce-matin-un-immeuble-de-10-etages-non-loin-de-la-gare-part-dieu-lincendie-sest-declare-au-sous-sol-indique-le-p\/","title":{"rendered":"Lyon &#8211; Au moins 4 morts dans un violent incendie qui a touch\u00e9 ce matin, un immeuble de 10 \u00e9tages, non-loin de la gare Part-Dieu &#8211; \u00ab\u00a0L\u2019incendie s\u2019est d\u00e9clar\u00e9 au sous-sol\u00a0\u00bb, indique le pr\u00e9fet"},"content":{"rendered":"\n<p class=\"\"><strong>Le point sur ce que l&rsquo;on sait<\/strong><\/p>\n\n\n\n<p class=\"\">Deux femmes et deux hommes, probablement des squatteurs, sont d\u00e9c\u00e9d\u00e9s lundi dans un incendie au sous-sol d\u2019un immeuble de dix \u00e9tages du 3e arrondissement de Lyon, qui s\u2019est d\u00e9clench\u00e9 vers 5H00 du matin et a \u00e9t\u00e9 rapidement \u00e9teint.<\/p>\n\n\n\n<p class=\"\">Les personnes d\u00e9c\u00e9d\u00e9es ont \u00e9t\u00e9 victimes de la fum\u00e9e d\u00e9gag\u00e9e par le sinistre, a indiqu\u00e9 \u00e0 la presse le pr\u00e9fet Fabrice Rosay, secr\u00e9taire g\u00e9n\u00e9ral de la pr\u00e9fecture du Rh\u00f4ne, venu sur place. \u00ab&nbsp;Les fum\u00e9es sont a priori \u00e0 l\u2019origine du d\u00e9c\u00e8s (des victimes), elles n\u2019ont pas \u00e9t\u00e9 brul\u00e9es&nbsp;\u00bb, a-t-il pr\u00e9cis\u00e9.<\/p>\n\n\n\n<p class=\"\">A l\u2019arriv\u00e9e des secours elles \u00ab&nbsp;\u00e9taient en arr\u00eat cardio-respiratoire et malgr\u00e9 les secours qui ont \u00e9t\u00e9 \u00e9t\u00e9 prodigu\u00e9s elles n\u2019ont pas pu \u00eatre r\u00e9anim\u00e9es&nbsp;\u00bb, a-t-il ajout\u00e9, en indiquant qu\u2019elles seraient \u00e2g\u00e9es d\u2019une quarantaine d\u2019ann\u00e9es, selon les premiers \u00e9l\u00e9ments de l\u2019enqu\u00eate.<\/p>\n\n\n\n<p class=\"\">\u00ab&nbsp;L\u2019incendie s\u2019est d\u00e9clar\u00e9 au sous-sol et on ne sait pas si c\u2019\u00e9tait d\u00fb \u00e0 la pr\u00e9sence de ces personnes ou a un autre fait g\u00e9n\u00e9rateur&nbsp;\u00bb du feu, a indiqu\u00e9 le pr\u00e9fet. Le b\u00e2timent appartient \u00e0 un bailleur social.<\/p>\n\n\n\n<p class=\"\">Selon la maire du 3e arrondissement de Lyon, Marion Sessiecq, les victimes sont \u00ab\u00a0des gens qui, a priori, squattaient des caves de ce b\u00e2timent\u00a0\u00bb, a-t-elle indiqu\u00e9 sur place \u00e0 l\u2019AFP.<strong>&nbsp;<\/strong>Douze autres personnes ont fait l\u2019objet d\u2019examens par les secours et un gymnase a \u00e9t\u00e9 ouvert par la ville de Lyon pour accueillir les personnes impliqu\u00e9es, a pr\u00e9cis\u00e9 la pr\u00e9fecture.<\/p>\n\n\n\n<p class=\"\">\u00ab&nbsp;Les autres personnes qui logent dans le b\u00e2timent, on leur a demand\u00e9 de rester dans leur logement&nbsp;\u00bb, a pr\u00e9cis\u00e9 le pr\u00e9fet. Le parquet de Lyon s\u2019est \u00e9galement rendu sur les lieu du drame et une enqu\u00eate judiciaire a \u00e9t\u00e9 ouverte pour d\u00e9terminer les causes du sinistre.<\/p>\n\n\n\n<p class=\"\">Le maire de Lyon Gr\u00e9gory Doucet, qui s\u2019est rendu sur place, a salu\u00e9 la \u00ab&nbsp;mobilisation rapide et exemplaire&nbsp;\u00bb des pompiers, du Samu, de la police et des agents de la ville.<\/p>\n\n\n\n<p class=\"\"><strong>10h01:&nbsp;<\/strong>Interrog\u00e9 pour savoir si les victimes squattaient le sous-sol du b\u00e2timent, le pr\u00e9fet a r\u00e9pondu qu\u2019il ne savait pas \u00ab&nbsp;mais en tout cas ces quatre personnes \u00e9taient pr\u00e9sentes&nbsp;\u00bb \u00e0 cet endroit o\u00f9 il n\u2019y \u00ab&nbsp;pas de logements&nbsp;\u00bb, a-t-il expliqu\u00e9.<\/p>\n\n\n\n<p class=\"\">Le lieutenant-colonel Christophe Perret, en charge de secours, a d\u00e9clar\u00e9 que le feu s\u2019est d\u00e9clar\u00e9 dans un local d\u2019une vingtaine de m2 qui \u00e9tait \u00ab&nbsp;squatt\u00e9&nbsp;\u00bb, am\u00e9nag\u00e9 pour y vivre.<\/p>\n\n\n\n<p class=\"\">Le sinistre a \u00e9t\u00e9 \u00ab&nbsp;\u00e9teint rapidement&nbsp;\u00bb, vers 07H00, et \u00ab&nbsp;la difficult\u00e9 n\u2019\u00e9tait pas tant l\u2019incendie lui-m\u00eame que les fum\u00e9es&nbsp;\u00bb, selon Fabrice Rosay.<\/p>\n\n\n\n<p class=\"\">Un important dispositif a \u00e9t\u00e9 \u00ab&nbsp;rapidement d\u00e9ploy\u00e9&nbsp;\u00bb sur les lieux, dans le quartier du centre commercial de la Part-Dieu, avec 78 sapeurs-pompiers et 34 engins, ainsi que 4 \u00e9quipages du SAMU du Rh\u00f4ne, selon la pr\u00e9fecture.<\/p>\n\n\n\n<p class=\"\">Le feu ne s\u2019est pas propag\u00e9 au rez-de-chauss\u00e9e ni aux \u00e9tages sup\u00e9rieurs et aucune trace n\u2019\u00e9tait visible depuis l\u2019ext\u00e9rieur de l\u2019immeuble, a constat\u00e9 une journaliste de l\u2019AFP.Le maire de Lyon&nbsp;Gr\u00e9gory Doucet a r\u00e9agi. \u00ab\u00a0C\u2019est avec une profonde \u00e9motion que j\u2019ai appris la mort de quatre personnes, deux femmes et deux hommes, cette nuit \u00e0 la suite d\u2019un incendie dans un immeuble rue Andr\u00e9 Philip dans le 3e arrondissement\u00a0\u00bb, d\u00e9clare-t-il comme le rapporte&nbsp;<a href=\"https:\/\/www.lefigaro.fr\/lyon\/lyon-quatre-morts-dans-l-incendie-d-un-immeuble-20251020\" target=\"_blank\" rel=\"noreferrer noopener\">Le Figaro<\/a>.&nbsp;<\/p>\n\n\n\n<p class=\"\">Et d&rsquo;ajouter : \u00ab\u00a0Mes pens\u00e9es vont aux victimes, \u00e0 leurs proches et \u00e0 toutes celles et ceux qui ont \u00e9t\u00e9 touch\u00e9s. Je veux leur dire toute notre compassion\u00a0\u00bb.\u00a0<strong>Les quatre personnes d\u00e9c\u00e9d\u00e9es \u00e9taient en arr\u00eat cardio-respiratoire \u00e0 l\u2019arriv\u00e9e des secours qui n\u2019ont pas pu les r\u00e9anim\u00e9es, pr\u00e9cise Le Progr\u00e8s<\/strong>\u00a0. Dix autres personnes ont fait l\u2019objet d\u2019examens par les secours et un gymnase a \u00e9t\u00e9 ouvert par la ville de Lyon pour accueillir les personnes impliqu\u00e9es, pr\u00e9cisent les autorit\u00e9s.<strong>Un violent incendie a touch\u00e9 un immeuble de 10 \u00e9tages, non-loin de la gare Part-Dieu, ce matin. Quatre personnes sont mortes malgr\u00e9 l&rsquo;intervention des secours. . Le feu s&rsquo;est d\u00e9clar\u00e9 aux alentours de 5h10 dans un immeuble de 10 \u00e9tages. Le b\u00e2timent est situ\u00e9 sur la rue Andr\u00e9 Philippe, dans le 3e arrondissement, pr\u00e8s du centre commercial La Part-Dieu, au 230 de la rue Andr\u00e9-Philip.<\/strong><\/p>\n\n\n\n<p class=\"\">Selon les premiers \u00e9l\u00e9ments, quatre occupants ont perdu la vie dans le sinistre. En arr\u00eat cardio-respiratoire \u00e0 l&rsquo;arriv\u00e9e des secours, les victimes n&rsquo;ont pas pu \u00eatre r\u00e9anim\u00e9es.<\/p>\n\n\n\n<p class=\"\">Un important dispositif a \u00e9t\u00e9 d\u00e9ploy\u00e9 dans ce secteur de la Part-Dieu avec 78 sapeurs-pompiers et 34 engins ainsi que 4 \u00e9quipages du SAMU du Rh\u00f4ne.<\/p>\n\n\n\n<p class=\"\">Dix habitants ont pu \u00eatre extraits du b\u00e2timent qui fait 10 \u00e9tages. Un gymnase a \u00e9t\u00e9 ouvert par la Ville de Lyon pour accueillir les personnes impliqu\u00e9es et la cellule urgence m\u00e9dico-psychologique a \u00e9galement \u00e9t\u00e9 mobilis\u00e9e.<\/p>\n","protected":false},"excerpt":{"rendered":"<p>Le point sur ce que l&rsquo;on sait Deux femmes et deux hommes, probablement des squatteurs, sont d\u00e9c\u00e9d\u00e9s lundi dans un incendie au sous-sol d\u2019un immeuble de dix \u00e9tages du 3e arrondissement de Lyon, qui s\u2019est d\u00e9clench\u00e9 vers 5H00 du matin et a \u00e9t\u00e9 rapidement \u00e9teint. Les personnes d\u00e9c\u00e9d\u00e9es ont \u00e9t\u00e9 victimes de la fum\u00e9e d\u00e9gag\u00e9e [&hellip;]<\/p>\n","protected":false},"author":2,"featured_media":39203,"comment_status":"open","ping_status":"open","sticky":false,"template":"","format":"standard","meta":{"_jetpack_memberships_contains_paid_content":false,"footnotes":"","jetpack_publicize_message":"","jetpack_publicize_feature_enabled":true,"jetpack_social_post_already_shared":true,"jetpack_social_options":{"image_generator_settings":{"template":"highway","default_image_id":0,"font":"","enabled":true,"token":"eyJpbWciOiJodHRwczpcL1wvd3d3LmljZWFnZXR2LmNvbVwvcmFkaW9zaXRlXC93cC1jb250ZW50XC91cGxvYWRzXC8yMDI1XC8xMFwvSEdsV2tFa2EuanBnIiwidHh0IjoiTHlvbiAmIzgyMTE7IEF1IG1vaW5zIDQgbW9ydHMgZGFucyB1biB2aW9sZW50IGluY2VuZGllIHF1aSBhIHRvdWNoXHUwMGU5IGNlIG1hdGluLCB1biBpbW1ldWJsZSBkZSAxMCBcdTAwZTl0YWdlcywgbm9uLWxvaW4gZGUgbGEgZ2FyZSBQYXJ0LURpZXUgJiM4MjExOyAmIzgyMjA7TFx1MjAxOWluY2VuZGllIHNcdTIwMTllc3QgZFx1MDBlOWNsYXJcdTAwZTkgYXUgc291cy1zb2wmIzgyMjE7LCBpbmRpcXVlIGxlIHByXHUwMGU5ZmV0IiwidGVtcGxhdGUiOiJoaWdod2F5IiwiZm9udCI6IiIsImJsb2dfaWQiOjExMTAxNjQ2MX0.FCwmQNICz74LeR3Zx2g2Jcm0lvxlmChC0zIaxKclOnkMQ"},"version":2},"_wpas_customize_per_network":false},"categories":[405],"tags":[],"class_list":["post-39202","post","type-post","status-publish","format-standard","has-post-thumbnail","hentry","category-actu-france-monde"],"jetpack_publicize_connections":[],"jetpack_featured_media_url":"https:\/\/i0.wp.com\/www.iceagetv.com\/radiosite\/wp-content\/uploads\/2025\/10\/HGlWkEka.jpg?fit=679%2C293&ssl=1","jetpack_sharing_enabled":true,"_links":{"self":[{"href":"https:\/\/www.iceagetv.com\/radiosite\/wp-json\/wp\/v2\/posts\/39202","targetHints":{"allow":["GET"]}}],"collection":[{"href":"https:\/\/www.iceagetv.com\/radiosite\/wp-json\/wp\/v2\/posts"}],"about":[{"href":"https:\/\/www.iceagetv.com\/radiosite\/wp-json\/wp\/v2\/types\/post"}],"author":[{"embeddable":true,"href":"https:\/\/www.iceagetv.com\/radiosite\/wp-json\/wp\/v2\/users\/2"}],"replies":[{"embeddable":true,"href":"https:\/\/www.iceagetv.com\/radiosite\/wp-json\/wp\/v2\/comments?post=39202"}],"version-history":[{"count":1,"href":"https:\/\/www.iceagetv.com\/radiosite\/wp-json\/wp\/v2\/posts\/39202\/revisions"}],"predecessor-version":[{"id":39204,"href":"https:\/\/www.iceagetv.com\/radiosite\/wp-json\/wp\/v2\/posts\/39202\/revisions\/39204"}],"wp:featuredmedia":[{"embeddable":true,"href":"https:\/\/www.iceagetv.com\/radiosite\/wp-json\/wp\/v2\/media\/39203"}],"wp:attachment":[{"href":"https:\/\/www.iceagetv.com\/radiosite\/wp-json\/wp\/v2\/media?parent=39202"}],"wp:term":[{"taxonomy":"category","embeddable":true,"href":"https:\/\/www.iceagetv.com\/radiosite\/wp-json\/wp\/v2\/categories?post=39202"},{"taxonomy":"post_tag","embeddable":true,"href":"https:\/\/www.iceagetv.com\/radiosite\/wp-json\/wp\/v2\/tags?post=39202"}],"curies":[{"name":"wp","href":"https:\/\/api.w.org\/{rel}","templated":true}]}}