{"id":39205,"date":"2025-10-20T17:16:55","date_gmt":"2025-10-20T15:16:55","guid":{"rendered":"https:\/\/www.iceagetv.com\/radiosite\/?p=39205"},"modified":"2025-10-20T17:16:57","modified_gmt":"2025-10-20T15:16:57","slug":"cambriolage-au-louvre-le-gouvernement-cherche-a-identifier-ce-qui-a-dysfonctionne","status":"publish","type":"post","link":"https:\/\/www.iceagetv.com\/radiosite\/cambriolage-au-louvre-le-gouvernement-cherche-a-identifier-ce-qui-a-dysfonctionne\/","title":{"rendered":"Cambriolage au Louvre\u00a0: le gouvernement cherche \u00e0 \u00ab\u00a0identifier ce qui a dysfonctionn\u00e9\u00a0\u00bb"},"content":{"rendered":"\n<p class=\"\">Le mus\u00e9e le plus visit\u00e9 du monde est rest\u00e9 ferm\u00e9 pour un deuxi\u00e8me jour d\u2019affil\u00e9e, lundi. Les quatre braqueurs, partis avec huit \u00ab\u00a0joyaux de la couronne de France\u00a0\u00bb d\u2019une valeur inestimable, restent introuvables.Au lendemain d\u2019un impressionnant cambriolage, une r\u00e9union sur la s\u00e9curisation du Mus\u00e9e du Louvre a eu lieu, lundi 20\u00a0octobre au matin, en pr\u00e9sence du ministre de l\u2019int\u00e9rieur, Laurent Nu\u00f1ez, de la ministre de la culture, Rachida Dati, ainsi que des responsables des services de police,<em>\u00a0\u00ab\u00a0pour identifier ce qui a fonctionn\u00e9 et qui a dysfonctionn\u00e9\u00a0\u00bb<\/em>, selon la Place Beauvau.Au cours de cette r\u00e9union,&nbsp;<em>\u00ab&nbsp;il a \u00e9t\u00e9 act\u00e9 qu\u2019une instruction soit envoy\u00e9e aux pr\u00e9fets pour organiser sans d\u00e9lai un point sur l\u2019existence des dispositifs d\u00e9j\u00e0 d\u00e9ploy\u00e9s autour des \u00e9tablissements culturels, et renforcer les mesures de s\u00e9curit\u00e9 le cas \u00e9ch\u00e9ant&nbsp;\u00bb<\/em>, a expliqu\u00e9 le minist\u00e8re de l\u2019int\u00e9rieur.<\/p>\n\n\n\n<p class=\"\">Plus t\u00f4t, le ministre de la justice, G\u00e9rald Darmanin, avait estim\u00e9 que les autorit\u00e9s avaient\u00a0<em>\u00ab\u00a0failli\u00a0\u00bb<\/em>\u00a0en n\u2019emp\u00eachant pas le cambriolage du Louvre, qui renvoie\u00a0<em>\u00ab\u00a0une image tr\u00e8s n\u00e9gative de la France\u00a0\u00bb.\u00a0<\/em>Des malfaiteurs ont \u00e9t\u00e9\u00a0<em>\u00ab\u00a0capables de mettre un monte-charge\u00a0\u00bb<\/em>\u00a0sur la voie publique,\u00a0<em>\u00ab\u00a0de faire monter des gens en quelques minutes pour r\u00e9cup\u00e9rer des bijoux\u00a0<\/em>[d\u2019une valeur]<em>\u00a0inestimable et de donner une image d\u00e9plorable de la France\u00a0\u00bb<\/em>, a \u00e9num\u00e9r\u00e9 le ministre.Une \u00ab&nbsp;valeur patrimoniale inestimable&nbsp;\u00bb<\/p>\n\n\n\n<p class=\"\">Le Louvre reste ferm\u00e9 lundi, pour le deuxi\u00e8me jour d\u2019affil\u00e9e, apr\u00e8s le cambriolage men\u00e9 par quatre malfaiteurs, partis avec huit\u00a0<em>\u00ab\u00a0joyaux de la couronne de France\u00a0\u00bb<\/em>, a annonc\u00e9 le mus\u00e9e \u00e0 l\u2019Agence France-Presse (AFP).Ce spectaculaire vol a eu lieu dimanche matin, peu apr\u00e8s l\u2019ouverture, quand un commando de quatre malfaiteurs s\u2019est empar\u00e9 de bijoux du XIX<sup>e<\/sup>&nbsp;si\u00e8cle d\u2019une&nbsp;<em>\u00ab&nbsp;valeur patrimoniale inestimable&nbsp;\u00bb<\/em>&nbsp;\u2013 selon les mots du minist\u00e8re de la culture \u2013 avant de prendre la fuite. Parmi les bijoux, le collier de la parure de saphirs de la reine Marie-Am\u00e9lie et de la reine Hortense, compos\u00e9 de huit saphirs et de 631&nbsp;diamants, et le diad\u00e8me de l\u2019imp\u00e9ratrice Eug\u00e9nie, qui compte pr\u00e8s de 2&nbsp;000&nbsp;diamants.<\/p>\n\n\n\n<p class=\"\">Une soixantaine d\u2019enqu\u00eateurs de la brigade de r\u00e9pression du banditisme de la police judiciaire parisienne et de l\u2019Office central de lutte contre le trafic des biens culturels sont mobilis\u00e9s.<a href=\"https:\/\/www.lemonde.fr\/societe\/article\/2025\/10\/20\/musee-du-louvre-la-protection-des-uvres-defaillante-selon-la-cour-des-comptes_6648236_3224.html\">La Cour des comptes explique<\/a>\u00a0que des \u00e9quipements ont \u00e9t\u00e9 install\u00e9s au Louvre, au cours des derni\u00e8res ann\u00e9es, dans les espaces d\u2019expositions temporaires qui accueillent nombre de pr\u00eats venus de l\u2019\u00e9tranger, au d\u00e9triment des salles qui abritent les collections permanentes. Ainsi,\u00a0<em>\u00ab\u00a060\u00a0% des salles de l\u2019aile Sully et 75\u00a0% pour l\u2019aile Richelieu ne sont pas prot\u00e9g\u00e9es\u00a0\u00bb<\/em>\u00a0par vid\u00e9osurveillance, pr\u00e9cise-t-elle.Vous pouvez partager un article en cliquant sur les ic\u00f4nes de partage en haut \u00e0 droite de celui-ci.<br>La reproduction totale ou partielle d\u2019un article, sans l\u2019autorisation \u00e9crite et pr\u00e9alable du <a href=\"https:\/\/www.lemonde.fr\">Monde<\/a>, est strictement interdite.<\/p>\n\n\n\n<p class=\"\">Quand les \u00e9quipements de vid\u00e9osurveillance existent, <em>\u00ab&nbsp;ils sont en partie obsol\u00e8tes&nbsp;\u00bb<\/em>, d\u00e9plore par ailleurs Christian Galani de la CGT-Culture, en poste au mus\u00e9e.<\/p>\n\n\n\n<p class=\"\">Selon ce repr\u00e9sentant syndical, le Louvre <em>\u00ab&nbsp;manque aussi d\u2019agents de surveillance&nbsp;: 200&nbsp;emplois <\/em>[ont \u00e9t\u00e9]<em> supprim\u00e9s en quinze ans alors que la fr\u00e9quentation a \u00e9t\u00e9 multipli\u00e9e par 1,5&nbsp;\u00bb. <\/em>En cause, <em>\u00ab&nbsp;des budgets insuffisants et peu transparents&nbsp;\u00bb<\/em>, affirme-t-il. Selon lui, <em>\u00ab&nbsp;environ 17&nbsp;millions d\u2019euros ont \u00e9t\u00e9 programm\u00e9s en&nbsp;2025 pour la pr\u00e9vention des risques, l\u2019\u00e9lectricit\u00e9, les ascenseurs et la climatisation, dont 2&nbsp;millions pour la s\u00fbret\u00e9&nbsp;\u00bb<\/em>.<\/p>\n\n\n\n<p class=\"\">En janvier, la pr\u00e9sidente du Louvre, Laurence des Cars, avait alert\u00e9 la ministre de la culture, pointant un <em>\u00ab&nbsp;niveau d\u2019obsolescence inqui\u00e9tant&nbsp;\u00bb<\/em>, une <em>\u00ab&nbsp;multiplication d\u2019avaries&nbsp;\u00bb<\/em> et la n\u00e9cessit\u00e9 de grands travaux.<\/p>\n","protected":false},"excerpt":{"rendered":"<p>Le mus\u00e9e le plus visit\u00e9 du monde est rest\u00e9 ferm\u00e9 pour un deuxi\u00e8me jour d\u2019affil\u00e9e, lundi. Les quatre braqueurs, partis avec huit \u00ab\u00a0joyaux de la couronne de France\u00a0\u00bb d\u2019une valeur inestimable, restent introuvables.Au lendemain d\u2019un impressionnant cambriolage, une r\u00e9union sur la s\u00e9curisation du Mus\u00e9e du Louvre a eu lieu, lundi 20\u00a0octobre au matin, en pr\u00e9sence [&hellip;]<\/p>\n","protected":false},"author":2,"featured_media":39206,"comment_status":"open","ping_status":"open","sticky":false,"template":"","format":"standard","meta":{"_jetpack_memberships_contains_paid_content":false,"footnotes":"","jetpack_publicize_message":"","jetpack_publicize_feature_enabled":true,"jetpack_social_post_already_shared":true,"jetpack_social_options":{"image_generator_settings":{"template":"highway","default_image_id":0,"font":"","enabled":true,"token":"eyJpbWciOiJodHRwczpcL1wvd3d3LmljZWFnZXR2LmNvbVwvcmFkaW9zaXRlXC93cC1jb250ZW50XC91cGxvYWRzXC8yMDI1XC8xMFwvQ2FtYnJpb2xhZ2UtYXUtTG91dnJlLmpwZyIsInR4dCI6IkNhbWJyaW9sYWdlIGF1IExvdXZyZVx1MDBhMDogbGUgZ291dmVybmVtZW50IGNoZXJjaGUgXHUwMGUwIFx1MDBhYlx1MDBhMGlkZW50aWZpZXIgY2UgcXVpIGEgZHlzZm9uY3Rpb25uXHUwMGU5XHUwMGEwXHUwMGJiIiwidGVtcGxhdGUiOiJoaWdod2F5IiwiZm9udCI6IiIsImJsb2dfaWQiOjExMTAxNjQ2MX0._5umnYyLnjq0QZe8yNMB08P8vKLFR3kRWQm2_rOK4hoMQ"},"version":2},"_wpas_customize_per_network":false},"categories":[405],"tags":[],"class_list":["post-39205","post","type-post","status-publish","format-standard","has-post-thumbnail","hentry","category-actu-france-monde"],"jetpack_publicize_connections":[],"jetpack_featured_media_url":"https:\/\/i0.wp.com\/www.iceagetv.com\/radiosite\/wp-content\/uploads\/2025\/10\/Cambriolage-au-Louvre.jpg?fit=525%2C325&ssl=1","jetpack_sharing_enabled":true,"_links":{"self":[{"href":"https:\/\/www.iceagetv.com\/radiosite\/wp-json\/wp\/v2\/posts\/39205","targetHints":{"allow":["GET"]}}],"collection":[{"href":"https:\/\/www.iceagetv.com\/radiosite\/wp-json\/wp\/v2\/posts"}],"about":[{"href":"https:\/\/www.iceagetv.com\/radiosite\/wp-json\/wp\/v2\/types\/post"}],"author":[{"embeddable":true,"href":"https:\/\/www.iceagetv.com\/radiosite\/wp-json\/wp\/v2\/users\/2"}],"replies":[{"embeddable":true,"href":"https:\/\/www.iceagetv.com\/radiosite\/wp-json\/wp\/v2\/comments?post=39205"}],"version-history":[{"count":1,"href":"https:\/\/www.iceagetv.com\/radiosite\/wp-json\/wp\/v2\/posts\/39205\/revisions"}],"predecessor-version":[{"id":39207,"href":"https:\/\/www.iceagetv.com\/radiosite\/wp-json\/wp\/v2\/posts\/39205\/revisions\/39207"}],"wp:featuredmedia":[{"embeddable":true,"href":"https:\/\/www.iceagetv.com\/radiosite\/wp-json\/wp\/v2\/media\/39206"}],"wp:attachment":[{"href":"https:\/\/www.iceagetv.com\/radiosite\/wp-json\/wp\/v2\/media?parent=39205"}],"wp:term":[{"taxonomy":"category","embeddable":true,"href":"https:\/\/www.iceagetv.com\/radiosite\/wp-json\/wp\/v2\/categories?post=39205"},{"taxonomy":"post_tag","embeddable":true,"href":"https:\/\/www.iceagetv.com\/radiosite\/wp-json\/wp\/v2\/tags?post=39205"}],"curies":[{"name":"wp","href":"https:\/\/api.w.org\/{rel}","templated":true}]}}