{"id":3921,"date":"2016-02-11T19:13:19","date_gmt":"2016-02-11T19:13:19","guid":{"rendered":"http:\/\/www.iceagetv.com\/radiosite\/?p=3921"},"modified":"2016-02-11T19:13:19","modified_gmt":"2016-02-11T19:13:19","slug":"remaniement-ayrault-quai-dorsay-3-ecolos-dont-place-entrent-gouvernement-audrey-azoulay-remplace-fleur-pellerin-a-culture","status":"publish","type":"post","link":"https:\/\/www.iceagetv.com\/radiosite\/remaniement-ayrault-quai-dorsay-3-ecolos-dont-place-entrent-gouvernement-audrey-azoulay-remplace-fleur-pellerin-a-culture\/","title":{"rendered":"Remaniement: Ayrault au Quai d&rsquo;Orsay &#8211; 3 \u00e9colos dont Plac\u00e9 entrent au gouvernement &#8211; Audrey Azoulay remplace Fleur Pellerin \u00e0 la Culture"},"content":{"rendered":"<p>\n\tAnnonc&eacute; depuis des semaines, acc&eacute;l&eacute;r&eacute; par le d&eacute;part de Laurent Fabius, le remaniement du gouvernement vient d&#39;&ecirc;tre annonc&eacute; alors que Fran&ccedil;ois Hollande doit donner une interview dans les JT de 20H00 de TF1 et France 2.\n<\/p>\n<p>\n\tQuatre nouveaux ministres\n<\/p>\n<p>\n\t&#8211; Jean-Marc Ayrault,&nbsp;ministre des Affaires &eacute;trang&egrave;res et du d&eacute;veloppement internationale&nbsp;<br \/>\n\t&#8211; Jean-Michel Baylet&nbsp;, ministre de l&#39;am&eacute;nagement du territoire et de la ruralit&eacute; et des collectivit&eacute;s territoriales&nbsp;<br \/>\n\t&#8211; Emmanuelle Cosse&nbsp;, ministre du Logement et de l&#39;habitat durable&nbsp;<br \/>\n\t&#8211; Audrey Azoulay&nbsp;, ministre de la Culture et de la Communication\n<\/p>\n<p>\n\tOnze nouveaux secr&eacute;taires d&#39;Etat&nbsp;\n<\/p>\n<p>\n\t&#8211; Ericka Bareigts&nbsp;, secr&eacute;taire d&#39;Etat aupr&egrave;s du Premier ministre charg&eacute;e de l&#39;Egalit&eacute; r&eacute;elle\n<\/p>\n<p>\n\t&#8211; Jean-Vincent Plac&eacute;&nbsp;, secr&eacute;taire d&#39;Etat aupr&egrave;s du Premier ministre, charg&eacute; de la R&eacute;forme de l&#39;Etat et de la simplification&nbsp;<br \/>\n\t&#8211; Juliette M&eacute;adel&nbsp;, secr&eacute;taire d&#39;Etat aupr&egrave;s du Premier ministre, charg&eacute;e de l&#39;Aide aux victimes&nbsp;<br \/>\n\t&#8211; Andr&eacute; Vallini&nbsp;, secr&eacute;taire d&#39;Etat aupr&egrave;s du ministre des Affaires &eacute;trang&egrave;res, charg&eacute; du D&eacute;veloppement et de la Francophonie&nbsp;<br \/>\n\t&#8211; Alain Vidalies&nbsp;, secr&eacute;taire d&#39;Etat aupr&egrave;s de la ministre de l&#39;environnement, charg&eacute; des Transports, de la Mer et de la P&ecirc;che&nbsp;<br \/>\n\t&#8211; Barbara Pompili&nbsp;, secr&eacute;taire d&#39;Etat aupr&egrave;s de la ministre de l&#39;Environnement, charg&eacute;e de la Biodiversit&eacute;&nbsp;<br \/>\n\t&#8211; S&eacute;gol&egrave;ne Neuville&nbsp;, secr&eacute;taire d&#39;Etat aupr&egrave;s de la ministre de la sant&eacute;, charg&eacute;e des personnes handicap&eacute;es et de la Lutte contre l&#39;exclusion&nbsp;<br \/>\n\t&#8211; Pascale Boistard&nbsp;, secr&eacute;taire d&#39;Etat aupr&egrave;s de la ministre de la sant&eacute;, charg&eacute;e des personnes &acirc;g&eacute;es et de l&#39;autonomie&nbsp;<br \/>\n\t&#8211; Clotilde Valter&nbsp;, secr&eacute;taire d&#39;Etat aupr&egrave;s de la ministre du travail, charg&eacute;e de la Formation professionnelle et de l&#39;Apprentissage&nbsp;<br \/>\n\t&#8211; Estelle Grelier&nbsp;, secr&eacute;taire d&#39;Etat aupr&egrave;s du ministre de l&#39;am&eacute;nagement du territoire, charg&eacute;e des collectivit&eacute;s territoriales&nbsp;<br \/>\n\t&#8211; H&eacute;l&egrave;ne Geoffroy&nbsp;, secr&eacute;taire d&#39;Etat aupr&egrave;s du ministre de ville, charg&eacute;e de la ville\n<\/p>\n<p>\n\tLaurent Fabius, Sylvia Pinel, Marylise Lebranchu et Fleur Pellerin quittent le gouvernement&nbsp;\n<\/p>\n<p>\n\tLe d&eacute;part du ministre des Affaires &eacute;trang&egrave;res Laurent Fabius pour la pr&eacute;sidence du Conseil constitutionnel, act&eacute; d&egrave;s mercredi, a donn&eacute; le coup d&#39;envoi de ce qui pourrait bien &ecirc;tre la derni&egrave;re &eacute;volution majeure de l&#39;&eacute;quipe gouvernementale avant la pr&eacute;sidentielle de 2017.<\/p>\n","protected":false},"excerpt":{"rendered":"<p>Annonc&eacute; depuis des semaines, acc&eacute;l&eacute;r&eacute; par le d&eacute;part de Laurent Fabius, le remaniement du gouvernement vient d&#39;&ecirc;tre annonc&eacute; alors que Fran&ccedil;ois Hollande doit donner une interview dans les JT de 20H00 de TF1 et France 2. Quatre nouveaux ministres &#8211; Jean-Marc Ayrault,&nbsp;ministre des Affaires &eacute;trang&egrave;res et du d&eacute;veloppement internationale&nbsp; &#8211; Jean-Michel Baylet&nbsp;, ministre de l&#39;am&eacute;nagement [&hellip;]<\/p>\n","protected":false},"author":2,"featured_media":3922,"comment_status":"open","ping_status":"open","sticky":false,"template":"","format":"standard","meta":{"_jetpack_memberships_contains_paid_content":false,"footnotes":"","jetpack_publicize_message":"","jetpack_publicize_feature_enabled":true,"jetpack_social_post_already_shared":false,"jetpack_social_options":{"image_generator_settings":{"template":"highway","default_image_id":0,"font":"","enabled":false},"version":2},"_wpas_customize_per_network":false},"categories":[405],"tags":[902],"class_list":["post-3921","post","type-post","status-publish","format-standard","has-post-thumbnail","hentry","category-actu-france-monde","tag-remaniement"],"jetpack_publicize_connections":[],"jetpack_featured_media_url":"https:\/\/i0.wp.com\/www.iceagetv.com\/radiosite\/wp-content\/uploads\/2016\/02\/Remaniement.jpg?fit=628%2C287&ssl=1","jetpack_sharing_enabled":true,"_links":{"self":[{"href":"https:\/\/www.iceagetv.com\/radiosite\/wp-json\/wp\/v2\/posts\/3921","targetHints":{"allow":["GET"]}}],"collection":[{"href":"https:\/\/www.iceagetv.com\/radiosite\/wp-json\/wp\/v2\/posts"}],"about":[{"href":"https:\/\/www.iceagetv.com\/radiosite\/wp-json\/wp\/v2\/types\/post"}],"author":[{"embeddable":true,"href":"https:\/\/www.iceagetv.com\/radiosite\/wp-json\/wp\/v2\/users\/2"}],"replies":[{"embeddable":true,"href":"https:\/\/www.iceagetv.com\/radiosite\/wp-json\/wp\/v2\/comments?post=3921"}],"version-history":[{"count":1,"href":"https:\/\/www.iceagetv.com\/radiosite\/wp-json\/wp\/v2\/posts\/3921\/revisions"}],"predecessor-version":[{"id":3923,"href":"https:\/\/www.iceagetv.com\/radiosite\/wp-json\/wp\/v2\/posts\/3921\/revisions\/3923"}],"wp:featuredmedia":[{"embeddable":true,"href":"https:\/\/www.iceagetv.com\/radiosite\/wp-json\/wp\/v2\/media\/3922"}],"wp:attachment":[{"href":"https:\/\/www.iceagetv.com\/radiosite\/wp-json\/wp\/v2\/media?parent=3921"}],"wp:term":[{"taxonomy":"category","embeddable":true,"href":"https:\/\/www.iceagetv.com\/radiosite\/wp-json\/wp\/v2\/categories?post=3921"},{"taxonomy":"post_tag","embeddable":true,"href":"https:\/\/www.iceagetv.com\/radiosite\/wp-json\/wp\/v2\/tags?post=3921"}],"curies":[{"name":"wp","href":"https:\/\/api.w.org\/{rel}","templated":true}]}}