{"id":39211,"date":"2025-10-21T13:06:03","date_gmt":"2025-10-21T11:06:03","guid":{"rendered":"https:\/\/www.iceagetv.com\/radiosite\/?p=39211"},"modified":"2025-10-21T13:06:06","modified_gmt":"2025-10-21T11:06:06","slug":"fin-de-lalerte-enlevement-rayan-13-ans-enleve-hier-soir-en-haute-vienne-a-ete-retrouve-sain-et-sauf-en-fin-de-matinee-son-pere-a-ete-place-en-garde-a-vue","status":"publish","type":"post","link":"https:\/\/www.iceagetv.com\/radiosite\/fin-de-lalerte-enlevement-rayan-13-ans-enleve-hier-soir-en-haute-vienne-a-ete-retrouve-sain-et-sauf-en-fin-de-matinee-son-pere-a-ete-place-en-garde-a-vue\/","title":{"rendered":"Fin de l&rsquo;alerte enl\u00e8vement: Rayan, 13 ans, enlev\u00e9 hier soir en Haute-Vienne, a \u00e9t\u00e9 retrouv\u00e9 sain et sauf en fin de matin\u00e9e &#8211; Son p\u00e8re a \u00e9t\u00e9 plac\u00e9 en garde \u00e0 vue"},"content":{"rendered":"\n<p class=\"\"><strong>Selon les informations de\u00a0<a href=\"https:\/\/www.rtl.fr\/actu\/justice-faits-divers\/une-alerte-enlevement-declenchee-apres-la-disparition-de-rayan-un-enfant-de-13-ans-en-haute-vienne-7900555781\" target=\"_blank\" rel=\"noreferrer noopener\">RTL\/M6<\/a>, Rayan, 13 ans, a \u00e9t\u00e9 retrouv\u00e9 en fin de matin\u00e9e. Son p\u00e8re a \u00e9t\u00e9 plac\u00e9 en garde \u00e0 vue. \u00ab\u00a0\u00c0 cette heure, nous ne connaissons pas de d\u00e9tail sur l&rsquo;\u00e9tat de sant\u00e9 de l&rsquo;enfant\u00a0\u00bb, pr\u00e9cisent nos confr\u00e8res.\u00a0<\/strong><strong>&nbsp;Le point sur ce que l&rsquo;on sait<\/strong><\/p>\n\n\n\n<p class=\"\">Le dispositif alerte enl\u00e8vement a \u00e9t\u00e9 d\u00e9clench\u00e9 mardi matin pour retrouver un gar\u00e7on de 13 ans souffrant de \u00ab&nbsp;diab\u00e8te s\u00e9v\u00e8re&nbsp;\u00bb et enlev\u00e9 lundi soir \u00e0 Panazol (Haute-Vienne) dans la banlieue de Limoges, ont annonc\u00e9 les autorit\u00e9s qui recherchent deux suspects.<\/p>\n\n\n\n<p class=\"\">\u00ab&nbsp;Rayan, 13 ans, de type nord-africain, mesurant 1m52, yeux marrons, cheveux bruns, porteur de lunettes noires, habill\u00e9 d\u2019un sweat jaune p\u00e2le, d\u2019un pantalon cargo beige, de baskets blanches avec le logo Nike rouge, n\u00e9cessitant des soins constants pour diab\u00e8te s\u00e9v\u00e8re, a \u00e9t\u00e9 enlev\u00e9 le 20 octobre \u00e0 18h \u00e0 Panazol&nbsp;\u00bb, peut-on lire dans l\u2019alerte publi\u00e9e par le minist\u00e8re de la Justice.<\/p>\n\n\n\n<p class=\"\">Les suspects sont une femme \u00e2g\u00e9e de 25 \u00e0 30 ans, de forte corpulence et aux longs cheveux noirs, portant un peignoir bleu vif et un bas de pyjama blanc \u00e0 motifs, et un homme de corpulence moyenne, v\u00eatu d\u2019un pantalon de jogging noir et d\u2019un sweat noir avec un logo Nike blanc, porteur d\u2019une casquette noire, selon la m\u00eame source.<\/p>\n\n\n\n<p class=\"\">Les autorit\u00e9s enjoignent quiconque susceptible d\u2019avoir localis\u00e9 l\u2019enfant de ne pas intervenir directement mais d\u2019appeler le 197 ou d\u2019envoyer un courriel \u00e0 l\u2019adresse&nbsp;alerte-enlevement@interieur.gouv.fr.<\/p>\n","protected":false},"excerpt":{"rendered":"<p>Selon les informations de\u00a0RTL\/M6, Rayan, 13 ans, a \u00e9t\u00e9 retrouv\u00e9 en fin de matin\u00e9e. Son p\u00e8re a \u00e9t\u00e9 plac\u00e9 en garde \u00e0 vue. \u00ab\u00a0\u00c0 cette heure, nous ne connaissons pas de d\u00e9tail sur l&rsquo;\u00e9tat de sant\u00e9 de l&rsquo;enfant\u00a0\u00bb, pr\u00e9cisent nos confr\u00e8res.\u00a0&nbsp;Le point sur ce que l&rsquo;on sait Le dispositif alerte enl\u00e8vement a \u00e9t\u00e9 d\u00e9clench\u00e9 mardi [&hellip;]<\/p>\n","protected":false},"author":2,"featured_media":39212,"comment_status":"open","ping_status":"open","sticky":false,"template":"","format":"standard","meta":{"_jetpack_memberships_contains_paid_content":false,"footnotes":"","jetpack_publicize_message":"","jetpack_publicize_feature_enabled":true,"jetpack_social_post_already_shared":true,"jetpack_social_options":{"image_generator_settings":{"template":"highway","default_image_id":0,"font":"","enabled":true,"token":"eyJpbWciOiJodHRwczpcL1wvd3d3LmljZWFnZXR2LmNvbVwvcmFkaW9zaXRlXC93cC1jb250ZW50XC91cGxvYWRzXC8yMDI1XC8xMFwvMWs2TEpqSmguanBnIiwidHh0IjoiRmluIGRlIGwmIzgyMTc7YWxlcnRlIGVubFx1MDBlOHZlbWVudDogUmF5YW4sIDEzIGFucywgZW5sZXZcdTAwZTkgaGllciBzb2lyIGVuIEhhdXRlLVZpZW5uZSwgYSBcdTAwZTl0XHUwMGU5IHJldHJvdXZcdTAwZTkgc2FpbiBldCBzYXVmIGVuIGZpbiBkZSBtYXRpblx1MDBlOWUgJiM4MjExOyBTb24gcFx1MDBlOHJlIGEgXHUwMGU5dFx1MDBlOSBwbGFjXHUwMGU5IGVuIGdhcmRlIFx1MDBlMCB2dWUiLCJ0ZW1wbGF0ZSI6ImhpZ2h3YXkiLCJmb250IjoiIiwiYmxvZ19pZCI6MTExMDE2NDYxfQ.c_VSzul4UxFIxpxwKMXCfDSte5dKxTp7RpOmFoqTKSwMQ"},"version":2},"_wpas_customize_per_network":false},"categories":[405],"tags":[],"class_list":["post-39211","post","type-post","status-publish","format-standard","has-post-thumbnail","hentry","category-actu-france-monde"],"jetpack_publicize_connections":[],"jetpack_featured_media_url":"https:\/\/i0.wp.com\/www.iceagetv.com\/radiosite\/wp-content\/uploads\/2025\/10\/1k6LJjJh.jpg?fit=679%2C293&ssl=1","jetpack_sharing_enabled":true,"_links":{"self":[{"href":"https:\/\/www.iceagetv.com\/radiosite\/wp-json\/wp\/v2\/posts\/39211","targetHints":{"allow":["GET"]}}],"collection":[{"href":"https:\/\/www.iceagetv.com\/radiosite\/wp-json\/wp\/v2\/posts"}],"about":[{"href":"https:\/\/www.iceagetv.com\/radiosite\/wp-json\/wp\/v2\/types\/post"}],"author":[{"embeddable":true,"href":"https:\/\/www.iceagetv.com\/radiosite\/wp-json\/wp\/v2\/users\/2"}],"replies":[{"embeddable":true,"href":"https:\/\/www.iceagetv.com\/radiosite\/wp-json\/wp\/v2\/comments?post=39211"}],"version-history":[{"count":1,"href":"https:\/\/www.iceagetv.com\/radiosite\/wp-json\/wp\/v2\/posts\/39211\/revisions"}],"predecessor-version":[{"id":39213,"href":"https:\/\/www.iceagetv.com\/radiosite\/wp-json\/wp\/v2\/posts\/39211\/revisions\/39213"}],"wp:featuredmedia":[{"embeddable":true,"href":"https:\/\/www.iceagetv.com\/radiosite\/wp-json\/wp\/v2\/media\/39212"}],"wp:attachment":[{"href":"https:\/\/www.iceagetv.com\/radiosite\/wp-json\/wp\/v2\/media?parent=39211"}],"wp:term":[{"taxonomy":"category","embeddable":true,"href":"https:\/\/www.iceagetv.com\/radiosite\/wp-json\/wp\/v2\/categories?post=39211"},{"taxonomy":"post_tag","embeddable":true,"href":"https:\/\/www.iceagetv.com\/radiosite\/wp-json\/wp\/v2\/tags?post=39211"}],"curies":[{"name":"wp","href":"https:\/\/api.w.org\/{rel}","templated":true}]}}