{"id":39224,"date":"2025-10-22T07:37:31","date_gmt":"2025-10-22T05:37:31","guid":{"rendered":"https:\/\/www.iceagetv.com\/radiosite\/?p=39224"},"modified":"2025-10-22T07:37:33","modified_gmt":"2025-10-22T05:37:33","slug":"face-a-la-vague-de-violences-au-perou-le-president-par-interim-annonce-letat-durgence-a-lima","status":"publish","type":"post","link":"https:\/\/www.iceagetv.com\/radiosite\/face-a-la-vague-de-violences-au-perou-le-president-par-interim-annonce-letat-durgence-a-lima\/","title":{"rendered":"Face \u00e0 la vague de violences au P\u00e9rou, le pr\u00e9sident par int\u00e9rim annonce l&rsquo;\u00e9tat d&rsquo;urgence \u00e0 Lima"},"content":{"rendered":"\n<p class=\"\">L&rsquo;\u00e9tat d&rsquo;urgence entre en vigueur mercredi \u00e0 minuit au P\u00e9rou, apr\u00e8s une vague de violence attribu\u00e9e au crime organis\u00e9. Il s&rsquo;agit de la premi\u00e8re action d&rsquo;envergure du pr\u00e9sident par int\u00e9rim Jos\u00e9 Jeri depuis son arriv\u00e9e au pouvoir il y a pr\u00e8s de deux semaines,Le pr\u00e9sident par int\u00e9rim du P\u00e9rou, Jos\u00e9 Jeri, a annonc\u00e9 mardi 21 octobre l&rsquo;\u00e9tat d&rsquo;urgence \u00e0 Lima et dans le port voisin de Callao afin d&rsquo;endiguer la vague de violence et d&rsquo;extorsions attribu\u00e9e au crime organis\u00e9.L&rsquo;\u00e9tat d&rsquo;urgence, approuv\u00e9 par le Conseil des ministres, entre en vigueur \u00e0 0 h (mercredi, soit 5 h GMT) pour 30 jours \u00e0 Lima m\u00e9tropolitaine et au Callao\u00a0\u00bb, a d\u00e9clar\u00e9 Jos\u00e9 Jeri dans un bref message diffus\u00e9 \u00e0 la t\u00e9l\u00e9vision publique. Dans le cadre de l&rsquo;\u00e9tat d&rsquo;urgence, le gouvernement peut envoyer l&rsquo;arm\u00e9e patrouiller dans les rues et restreindre certains droits comme la libert\u00e9 de r\u00e9union.Il s&rsquo;agit de la premi\u00e8re action d&rsquo;envergure du pr\u00e9sident par int\u00e9rim depuis son accession au pouvoir il y a pr\u00e8s de deux semaines, dans un pays o\u00f9 l&rsquo;ins\u00e9curit\u00e9 figure parmi les principales pr\u00e9occupations de la population. Le gouvernement par int\u00e9rim avait annonc\u00e9 jeudi qu&rsquo;il allait d\u00e9cr\u00e9ter l&rsquo;\u00e9tat d&rsquo;urgence \u00e0 Lima face \u00e0 la violence du crime organis\u00e9.La d\u00e9linquance a augment\u00e9 de mani\u00e8re d\u00e9mesur\u00e9e ces derni\u00e8res ann\u00e9es, causant une immense douleur \u00e0 des milliers de familles et freinant en outre le progr\u00e8s du pays. Mais c&rsquo;est fini. Aujourd&rsquo;hui, nous commen\u00e7ons \u00e0 changer l&rsquo;histoire de l&rsquo;ins\u00e9curit\u00e9 au P\u00e9rou\u00a0\u00bb, a d\u00e9clar\u00e9 Jos\u00e9 Jeri dans ce bref message \u00e0 la nation. \u00ab\u00a0Nous passons de la d\u00e9fensive \u00e0 l&rsquo;offensive dans la lutte contre le crime, un combat qui nous permettra de retrouver la paix, la tranquillit\u00e9 et la confiance de millions de P\u00e9ruviens\u00a0\u00bb, a-t-il ajout\u00e9.Manifestations contre l&rsquo;ins\u00e9curit\u00e9 et la classe politiqueLima avait d\u00e9j\u00e0 \u00e9t\u00e9 partiellement plac\u00e9e sous \u00e9tat d&rsquo;urgence entre mars et juillet, apr\u00e8s l&rsquo;assassinat d&rsquo;un chanteur populaire de cumbia, Paul Flores, attribu\u00e9 au crime organis\u00e9.La semaine derni\u00e8re, des milliers de personnes ont manifest\u00e9 dans tout le pays contre l&rsquo;ins\u00e9curit\u00e9 et la classe politique. \u00c0 Lima, des heurts entre policiers et manifestants &#8211; les plus violents depuis le d\u00e9but du mouvement il y a un mois &#8211; ont fait un mort, tu\u00e9 par un policier, et au moins 113 bless\u00e9s, dont une majorit\u00e9 de membres des forces de l&rsquo;ordre, selon les donn\u00e9es officielles. Depuis un mois, plus de 200 personnes ont \u00e9t\u00e9 bless\u00e9es lors des manifestations qui ont eu lieu dans le pays, dont des policiers, des manifestants et des journalistes.<\/p>\n","protected":false},"excerpt":{"rendered":"<p>L&rsquo;\u00e9tat d&rsquo;urgence entre en vigueur mercredi \u00e0 minuit au P\u00e9rou, apr\u00e8s une vague de violence attribu\u00e9e au crime organis\u00e9. Il s&rsquo;agit de la premi\u00e8re action d&rsquo;envergure du pr\u00e9sident par int\u00e9rim Jos\u00e9 Jeri depuis son arriv\u00e9e au pouvoir il y a pr\u00e8s de deux semaines,Le pr\u00e9sident par int\u00e9rim du P\u00e9rou, Jos\u00e9 Jeri, a annonc\u00e9 mardi 21 [&hellip;]<\/p>\n","protected":false},"author":2,"featured_media":39225,"comment_status":"open","ping_status":"open","sticky":false,"template":"","format":"standard","meta":{"_jetpack_memberships_contains_paid_content":false,"footnotes":"","jetpack_publicize_message":"","jetpack_publicize_feature_enabled":true,"jetpack_social_post_already_shared":true,"jetpack_social_options":{"image_generator_settings":{"template":"highway","default_image_id":0,"font":"","enabled":true,"token":"eyJpbWciOiJodHRwczpcL1wvd3d3LmljZWFnZXR2LmNvbVwvcmFkaW9zaXRlXC93cC1jb250ZW50XC91cGxvYWRzXC8yMDI1XC8xMFwvU2NyZWVuc2hvdF8yMDI1MTAyMl8wNzM2MzUuanBnIiwidHh0IjoiRmFjZSBcdTAwZTAgbGEgdmFndWUgZGUgdmlvbGVuY2VzIGF1IFBcdTAwZTlyb3UsIGxlIHByXHUwMGU5c2lkZW50IHBhciBpbnRcdTAwZTlyaW0gYW5ub25jZSBsJiM4MjE3O1x1MDBlOXRhdCBkJiM4MjE3O3VyZ2VuY2UgXHUwMGUwIExpbWEiLCJ0ZW1wbGF0ZSI6ImhpZ2h3YXkiLCJmb250IjoiIiwiYmxvZ19pZCI6MTExMDE2NDYxfQ.Ri7eKpRlV1AyWkSuPENHxpJhgtu_f7IYNYLDib7zcoIMQ"},"version":2},"_wpas_customize_per_network":false},"categories":[405],"tags":[],"class_list":["post-39224","post","type-post","status-publish","format-standard","has-post-thumbnail","hentry","category-actu-france-monde"],"jetpack_publicize_connections":[],"jetpack_featured_media_url":"https:\/\/i0.wp.com\/www.iceagetv.com\/radiosite\/wp-content\/uploads\/2025\/10\/Screenshot_20251022_073635.jpg?fit=927%2C568&ssl=1","jetpack_sharing_enabled":true,"_links":{"self":[{"href":"https:\/\/www.iceagetv.com\/radiosite\/wp-json\/wp\/v2\/posts\/39224","targetHints":{"allow":["GET"]}}],"collection":[{"href":"https:\/\/www.iceagetv.com\/radiosite\/wp-json\/wp\/v2\/posts"}],"about":[{"href":"https:\/\/www.iceagetv.com\/radiosite\/wp-json\/wp\/v2\/types\/post"}],"author":[{"embeddable":true,"href":"https:\/\/www.iceagetv.com\/radiosite\/wp-json\/wp\/v2\/users\/2"}],"replies":[{"embeddable":true,"href":"https:\/\/www.iceagetv.com\/radiosite\/wp-json\/wp\/v2\/comments?post=39224"}],"version-history":[{"count":1,"href":"https:\/\/www.iceagetv.com\/radiosite\/wp-json\/wp\/v2\/posts\/39224\/revisions"}],"predecessor-version":[{"id":39226,"href":"https:\/\/www.iceagetv.com\/radiosite\/wp-json\/wp\/v2\/posts\/39224\/revisions\/39226"}],"wp:featuredmedia":[{"embeddable":true,"href":"https:\/\/www.iceagetv.com\/radiosite\/wp-json\/wp\/v2\/media\/39225"}],"wp:attachment":[{"href":"https:\/\/www.iceagetv.com\/radiosite\/wp-json\/wp\/v2\/media?parent=39224"}],"wp:term":[{"taxonomy":"category","embeddable":true,"href":"https:\/\/www.iceagetv.com\/radiosite\/wp-json\/wp\/v2\/categories?post=39224"},{"taxonomy":"post_tag","embeddable":true,"href":"https:\/\/www.iceagetv.com\/radiosite\/wp-json\/wp\/v2\/tags?post=39224"}],"curies":[{"name":"wp","href":"https:\/\/api.w.org\/{rel}","templated":true}]}}