{"id":39230,"date":"2025-10-22T11:03:15","date_gmt":"2025-10-22T09:03:15","guid":{"rendered":"https:\/\/www.iceagetv.com\/radiosite\/?p=39230"},"modified":"2025-10-22T11:03:17","modified_gmt":"2025-10-22T09:03:17","slug":"le-deuxieme-volet-de-kaamelott-sort-ce-mercredi-en-salles-la-recette-du-succes-de-la-saga-dalexandre-astier","status":"publish","type":"post","link":"https:\/\/www.iceagetv.com\/radiosite\/le-deuxieme-volet-de-kaamelott-sort-ce-mercredi-en-salles-la-recette-du-succes-de-la-saga-dalexandre-astier\/","title":{"rendered":"Le deuxi\u00e8me volet de Kaamelott sort ce mercredi en salles : la recette du succ\u00e8s de la saga d&rsquo;Alexandre Astier"},"content":{"rendered":"\n<p class=\"\">Apr\u00e8s quatre ans d&rsquo;attente, les fans vont pouvoir retrouver le roi Arthur et sa bande de chevaliers sur grand \u00e9cran, ce mercredi 22 octobre 2025. Et la saga a bien \u00e9volu\u00e9.L\u2019univers culte&nbsp;<a href=\"https:\/\/actu.fr\/tag\/kaamelott\">Kaamelott<\/a>&nbsp;fait son retour au cin\u00e9ma avec&nbsp;<strong>le deuxi\u00e8me volet d\u2019une saga coup\u00e9e en deux,<\/strong>&nbsp;dont la premi\u00e8re partie sort ce mercredi 22&nbsp;octobre en salle, une fresque \u00e9pique que son cr\u00e9ateur&nbsp;<a href=\"https:\/\/actu.fr\/tag\/alexandre-astier\">Alexandre Astier<\/a>&nbsp;veut libre et ambitieuse.<\/p>\n\n\n\n<p class=\"\"><strong>\u00ab\u2009Dans ce volet-l\u00e0, les gens partent \u00e0 l\u2019aventure\u2009\u00bb<\/strong>, promet le r\u00e9alisateur, qui incarne aussi le roi Arthur \u00e0 l\u2019\u00e9cran. Apr\u00e8s avoir chass\u00e9 du tr\u00f4ne son ennemi Lancelot, Arthur Pendragon, us\u00e9 par les affres du pouvoir et les luttes&nbsp;<a href=\"https:\/\/actu.fr\/politique\">politiques<\/a>, est poursuivi par la col\u00e8re des dieux.<\/p>\n\n\n\n<p class=\"\">Il d\u00e9cide de r\u00e9unir ses chevaliers autour de la nouvelle Table ronde, pour les envoyer \u00e0 l\u2019aventure aux quatre coins du\u00a0<a href=\"https:\/\/actu.fr\/monde\">monde<\/a>\u00a0afin de prouver leur valeur.70 personnages, une culture du jeu de r\u00f4le\u2026 Les cl\u00e9s du succ\u00e8s<br>Avec ce film de plus de quatre heures au total \u2013 cette premi\u00e8re partie dure 2\u2009h\u200919 \u2013 et une galerie de plus de 70 personnages, Alexandre Astier (qui a toujours \u00e9crit seul ses sc\u00e9narios) repousse les limites de l\u2019univers Kaamelott. La seconde partie du film sortira en novembre 2026.<\/p>\n\n\n\n<p class=\"\">L\u2019histoire de Kaamelott se d\u00e9roule dans \u00ab\u2009un monde g\u00e9n\u00e9rique, style heroic fantasy m\u00e9di\u00e9val\u2009\u00bb, dans lequel \u00ab\u2009il se passe \u00e0 peu pr\u00e8s tout ce qui est possible de se passer\u2009\u00bb, explique le r\u00e9alisateur lors d\u2019une rencontre avec l\u2019AFP.<\/p>\n\n\n\n<p class=\"\">J&rsquo;ai une culture du jeu de r\u00f4les, o\u00f9 les mondes d\u00e9crits ne sont pas des mondes ferm\u00e9s.<\/p>\n\n\n\n<p class=\"\">Alexandre Astier<br>Kaamelott, qui a d\u00e9but\u00e9 sur la case access prime time sur M6 en 2005 avec des formats courts humoristiques de quelques minutes, est depuis devenu une saga sans \u00e9quivalent dans le cin\u00e9ma fran\u00e7ais. Le r\u00e9alisateur aime retrouver \u00ab\u2009ce monde-l\u00e0, o\u00f9 de temps en temps\u2009\u00bb, il peut \u00ab\u2009replonger pour raconter un autre truc\u2009\u00bb.\u00ab\u2009\u00c7a n\u2019a jamais \u00e9t\u00e9 une com\u00e9die\u2009\u00bb<\/p>\n\n\n\n<p class=\"\">En 20&nbsp;ans d\u2019existence, la version parodique de la qu\u00eate du Graal a gagn\u00e9 en gravit\u00e9 et en noirceur, apr\u00e8s avoir d\u00e9but\u00e9 comme un programme dr\u00f4le.<\/p>\n\n\n\n<p class=\"\">\u00ab\u2009Pour moi,&nbsp;<strong>\u00e7a n\u2019a jamais \u00e9t\u00e9 une<\/strong>&nbsp;com\u00e9die. Je ne promets pas de faire rire, je ne sais pas le faire\u2009\u00bb, expose le touche-\u00e0-tout du&nbsp;<a href=\"https:\/\/actu.fr\/cinema\">cin\u00e9ma<\/a>&nbsp;et de la sc\u00e8ne.<\/p>\n\n\n\n<p class=\"\">La part de com\u00e9die que j&rsquo;accepte d&rsquo;assumer, c&rsquo;est le vernis que je consid\u00e8re \u00eatre le dialogue, parce que j&rsquo;aime bien les langages color\u00e9s, musicaux, mais mon histoire en elle-m\u00eame, le fond n&rsquo;est pas dr\u00f4le du tout.Casting prestigieux<\/p>\n\n\n\n<p class=\"\">Le film est port\u00e9 par un casting prestigieux avec entre autres&nbsp;<a href=\"https:\/\/actu.fr\/tag\/alain-chabat\">Alain Chabat<\/a>, Guillaume Gallienne,&nbsp;<a href=\"https:\/\/actu.fr\/tag\/audrey-fleurot\">Audrey Fleurot<\/a>&nbsp;et Clovis Cornillac, d\u00e9j\u00e0 pr\u00e9sents dans le premier volet, rejoints par les nouveaux venus Virginie Ledoyen,&nbsp;<a href=\"https:\/\/actu.fr\/normandie\/le-havre_76351\/avec-haroun-en-spectacle-au-havre-consommer-differemment-l-humour_57467068.html\">Haroun<\/a>&nbsp;ou Thomas VDB.<\/p>\n\n\n\n<p class=\"\">En revanche, l\u2019un des piliers de l\u2019histoire,&nbsp;<strong>Perceval<\/strong>, personnalit\u00e9 centrale de&nbsp;<em>Kaamelott<\/em>, tr\u00e8s appr\u00e9ci\u00e9e des fans pour sa maladresse et sa na\u00efvet\u00e9, n\u2019est plus l\u00e0. L\u2019acteur&nbsp;<a href=\"https:\/\/actu.fr\/cinema\/kaamelott-on-a-classe-les-15-meilleurs-episodes-avec-perceval-le-grand-absent-du-volet-2-d-alexandre-astier_63305832.html\">Franck Pitiot<\/a>&nbsp;a refus\u00e9 de rempiler.<\/p>\n\n\n\n<p class=\"\">\u00ab\u2009J\u2019essaie de le prendre avec philosophie\u2009\u00bb, r\u00e9agit Alexandre Astier, qui est \u00ab\u2009un peu triste\u2009\u00bb de son d\u00e9part, m\u00eame si \u00ab\u2009dans des sagas de cette dur\u00e9e-l\u00e0, ce sont des choses qui malheureusement arrivent\u2009\u00bb.<\/p>\n\n\n\n<h2 class=\"wp-block-heading\">Un tournage \u00e9puisant<\/h2>\n\n\n\n<p class=\"\">Le tournage des deux parties du film s\u2019est \u00e9tal\u00e9&nbsp;<strong>sur huit mois<\/strong>, de&nbsp;<a href=\"https:\/\/actu.fr\/planete\/islande-les-images-impressionnantes-d-un-volcan-entre-en-eruption-pour-la-neuvieme-fois-en-deux-ans_62916470.html\">l\u2019Islande<\/a>&nbsp;\u00e0 Malte, la France et m\u00eame dans un sous-marin, pour un budget de 38&nbsp;millions d\u2019euros.<\/p>\n\n\n\n<p class=\"\"><strong>\u00ab\u2009C\u2019\u00e9tait quand m\u00eame tr\u00e8s \u00e9prouvant<\/strong>, je ne sais pas si je referai un truc aussi long\u2009\u00bb, confie Alexandre Astier qui, comme \u00e0 son habitude, s\u2019est occup\u00e9 du montage du film, de la bande originale et n\u2019a mis la touche finale \u00e0 cette premi\u00e8re partie qu\u2019une semaine avant sa sortie.<\/p>\n\n\n\n<p class=\"\">Le troisi\u00e8me volet de la trilogie Kaamelott, qui portera sur \u00ab\u2009le Graal\u2009\u00bb, selon son cr\u00e9ateur, n\u2019est pas encore \u00e9crit. \u00ab\u2009J\u2019attends de savoir qui je serai au moment d\u2019\u00e9crire\u2009\u00bb, assure l\u2019interpr\u00e8te du roi Arthur.<\/p>\n","protected":false},"excerpt":{"rendered":"<p>Apr\u00e8s quatre ans d&rsquo;attente, les fans vont pouvoir retrouver le roi Arthur et sa bande de chevaliers sur grand \u00e9cran, ce mercredi 22 octobre 2025. Et la saga a bien \u00e9volu\u00e9.L\u2019univers culte&nbsp;Kaamelott&nbsp;fait son retour au cin\u00e9ma avec&nbsp;le deuxi\u00e8me volet d\u2019une saga coup\u00e9e en deux,&nbsp;dont la premi\u00e8re partie sort ce mercredi 22&nbsp;octobre en salle, une fresque [&hellip;]<\/p>\n","protected":false},"author":2,"featured_media":39231,"comment_status":"open","ping_status":"open","sticky":false,"template":"","format":"standard","meta":{"_jetpack_memberships_contains_paid_content":false,"footnotes":"","jetpack_publicize_message":"","jetpack_publicize_feature_enabled":true,"jetpack_social_post_already_shared":true,"jetpack_social_options":{"image_generator_settings":{"template":"highway","default_image_id":0,"font":"","enabled":true,"token":"eyJpbWciOiJodHRwczpcL1wvd3d3LmljZWFnZXR2LmNvbVwvcmFkaW9zaXRlXC93cC1jb250ZW50XC91cGxvYWRzXC8yMDI1XC8xMFwvTGUtZGV1eGllbWUtdm9sZXQtZGUtS2FhbWVsb3R0LmpwZyIsInR4dCI6IkxlIGRldXhpXHUwMGU4bWUgdm9sZXQgZGUgS2FhbWVsb3R0IHNvcnQgY2UgbWVyY3JlZGkgZW4gc2FsbGVzIDogbGEgcmVjZXR0ZSBkdSBzdWNjXHUwMGU4cyBkZSBsYSBzYWdhIGQmIzgyMTc7QWxleGFuZHJlIEFzdGllciIsInRlbXBsYXRlIjoiaGlnaHdheSIsImZvbnQiOiIiLCJibG9nX2lkIjoxMTEwMTY0NjF9.aTmaOBg7HFYi_sjdGky6XWMcB_wYH7gyxZODO7iT5EkMQ"},"version":2},"_wpas_customize_per_network":false},"categories":[68],"tags":[],"class_list":["post-39230","post","type-post","status-publish","format-standard","has-post-thumbnail","hentry","category-actu-culturelle"],"jetpack_publicize_connections":[],"jetpack_featured_media_url":"https:\/\/i0.wp.com\/www.iceagetv.com\/radiosite\/wp-content\/uploads\/2025\/10\/Le-deuxieme-volet-de-Kaamelott.jpg?fit=960%2C640&ssl=1","jetpack_sharing_enabled":true,"_links":{"self":[{"href":"https:\/\/www.iceagetv.com\/radiosite\/wp-json\/wp\/v2\/posts\/39230","targetHints":{"allow":["GET"]}}],"collection":[{"href":"https:\/\/www.iceagetv.com\/radiosite\/wp-json\/wp\/v2\/posts"}],"about":[{"href":"https:\/\/www.iceagetv.com\/radiosite\/wp-json\/wp\/v2\/types\/post"}],"author":[{"embeddable":true,"href":"https:\/\/www.iceagetv.com\/radiosite\/wp-json\/wp\/v2\/users\/2"}],"replies":[{"embeddable":true,"href":"https:\/\/www.iceagetv.com\/radiosite\/wp-json\/wp\/v2\/comments?post=39230"}],"version-history":[{"count":1,"href":"https:\/\/www.iceagetv.com\/radiosite\/wp-json\/wp\/v2\/posts\/39230\/revisions"}],"predecessor-version":[{"id":39232,"href":"https:\/\/www.iceagetv.com\/radiosite\/wp-json\/wp\/v2\/posts\/39230\/revisions\/39232"}],"wp:featuredmedia":[{"embeddable":true,"href":"https:\/\/www.iceagetv.com\/radiosite\/wp-json\/wp\/v2\/media\/39231"}],"wp:attachment":[{"href":"https:\/\/www.iceagetv.com\/radiosite\/wp-json\/wp\/v2\/media?parent=39230"}],"wp:term":[{"taxonomy":"category","embeddable":true,"href":"https:\/\/www.iceagetv.com\/radiosite\/wp-json\/wp\/v2\/categories?post=39230"},{"taxonomy":"post_tag","embeddable":true,"href":"https:\/\/www.iceagetv.com\/radiosite\/wp-json\/wp\/v2\/tags?post=39230"}],"curies":[{"name":"wp","href":"https:\/\/api.w.org\/{rel}","templated":true}]}}