{"id":39236,"date":"2025-10-22T17:19:45","date_gmt":"2025-10-22T15:19:45","guid":{"rendered":"https:\/\/www.iceagetv.com\/radiosite\/?p=39236"},"modified":"2025-10-22T17:19:48","modified_gmt":"2025-10-22T15:19:48","slug":"tempete-benjamin-15-departements-en-vigilance-orange-vent-ce-jeudi-des-rafales-jusqua-140-km-h-attendues","status":"publish","type":"post","link":"https:\/\/www.iceagetv.com\/radiosite\/tempete-benjamin-15-departements-en-vigilance-orange-vent-ce-jeudi-des-rafales-jusqua-140-km-h-attendues\/","title":{"rendered":"Temp\u00eate Benjamin : 15 d\u00e9partements en vigilance orange \u00ab\u00a0vent\u00a0\u00bb ce jeudi, des rafales jusqu&rsquo;\u00e0 140 km\/h attendues"},"content":{"rendered":"\n<p class=\"\">A l&rsquo;approche de la temp\u00eate Benjamin, M\u00e9t\u00e9o France a d\u00e9j\u00e0 plac\u00e9 de tr\u00e8s nombreux d\u00e9partements en vigilance pour vent, mais aussi vagues-submersion et orages pour jeudi.Des&nbsp;<strong>vents violents<\/strong>&nbsp;sont attendus sur toute la France ce jeudi 23&nbsp;octobre 2025. Et pour cause\u2009: une temp\u00eate va d\u00e9ferler sur le pays dans la nuit de mercredi \u00e0 jeudi. Et&nbsp;<a href=\"https:\/\/actu.fr\/meteo\/la-tempete-benjamin-vient-d-etre-nommee-et-elle-va-nous-frapper-ce-jeudi-quelles-consequences-en-france_63333035.html\">elle a \u00e9t\u00e9 nomm\u00e9e Benjamin.<\/a><\/p>\n\n\n\n<p class=\"\">Dans le d\u00e9tail, ce sont&nbsp;<strong>15 d\u00e9partements qui ont \u00e9t\u00e9 plac\u00e9s en vigilance orange pour vent<\/strong>&nbsp;depuis ce mercredi 22&nbsp;octobre,&nbsp;<a href=\"https:\/\/vigilance.meteofrance.fr\/fr\/vigilance-accessible\">par M\u00e9t\u00e9o-France\u2009:<\/a><\/p>\n\n\n\n<ul class=\"wp-block-list\">\n<li class=\"\">\n<ul class=\"wp-block-list\">\n<li class=\"\">Aude<\/li>\n\n\n\n<li class=\"\">Charente<\/li>\n\n\n\n<li class=\"\">Charente-Maritime<\/li>\n\n\n\n<li class=\"\">Deux-S\u00e8vres<\/li>\n\n\n\n<li class=\"\">Gironde<\/li>\n\n\n\n<li class=\"\">Landes<\/li>\n\n\n\n<li class=\"\">Manche<\/li>\n\n\n\n<li class=\"\">Nord<\/li>\n\n\n\n<li class=\"\">Pas-de-Calais<\/li>\n\n\n\n<li class=\"\">Puy-de-D\u00f4me<\/li>\n\n\n\n<li class=\"\">Pyr\u00e9n\u00e9es-Atlantiques<\/li>\n\n\n\n<li class=\"\">Pyr\u00e9n\u00e9es-Orientales<\/li>\n\n\n\n<li class=\"\">Somme<\/li>\n\n\n\n<li class=\"\">Vend\u00e9e<\/li>\n<\/ul>\n<\/li>\n<\/ul>\n\n\n\n<p class=\"\">Quatre de ces d\u00e9partements (la Gironde, les Landes, les Pyr\u00e9n\u00e9es-Atlantiques et la Vend\u00e9e) sont aussi concern\u00e9s par une vigilance orange pour\u00a0<strong>vague-submersion\u00a0<\/strong>et la Corr\u00e8ze pour pluie-inondation.\u00a086 d\u00e9partements en vigilance jaune pour vent<\/p>\n\n\n\n<p class=\"\">Du reste,&nbsp;<strong>79 autres d\u00e9partements sont en vigilance<\/strong>&nbsp;jaune, toujours<strong>&nbsp;pour vent<\/strong>.<\/p>\n\n\n\n<p class=\"\">Voici la liste des zones concern\u00e9es\u2009:<\/p>\n\n\n\n<p class=\"\">Yvelines<\/p>\n\n\n\n<p class=\"\">Ain<\/p>\n\n\n\n<p class=\"\">Aisne<\/p>\n\n\n\n<p class=\"\">Allier<\/p>\n\n\n\n<p class=\"\">Alpes-Maritimes<\/p>\n\n\n\n<p class=\"\">Alpes-de-Haute-Provence<\/p>\n\n\n\n<p class=\"\">Ardennes<\/p>\n\n\n\n<p class=\"\">Ard\u00e8che<\/p>\n\n\n\n<p class=\"\">Ari\u00e8ge<\/p>\n\n\n\n<p class=\"\">Aube<\/p>\n\n\n\n<p class=\"\">Aveyron<\/p>\n\n\n\n<p class=\"\">Bas-Rhin<\/p>\n\n\n\n<p class=\"\">Calvados<\/p>\n\n\n\n<p class=\"\">Cantal<\/p>\n\n\n\n<p class=\"\">Cher<\/p>\n\n\n\n<p class=\"\">Corr\u00e8ze<\/p>\n\n\n\n<p class=\"\">Creuse<\/p>\n\n\n\n<p class=\"\">C\u00f4te-d\u2019Or<\/p>\n\n\n\n<p class=\"\">C\u00f4tes d\u2019Armor<\/p>\n\n\n\n<p class=\"\">Dordogne<\/p>\n\n\n\n<p class=\"\">Doubs<\/p>\n\n\n\n<p class=\"\">Dr\u00f4me<\/p>\n\n\n\n<p class=\"\">Essonne<\/p>\n\n\n\n<p class=\"\">Eure<\/p>\n\n\n\n<p class=\"\">Eure-et-Loir<\/p>\n\n\n\n<p class=\"\">Finist\u00e8re<\/p>\n\n\n\n<p class=\"\">Gard<\/p>\n\n\n\n<p class=\"\">Gers<\/p>\n\n\n\n<p class=\"\">Haut-Rhin<\/p>\n\n\n\n<p class=\"\">Haute-Garonne<\/p>\n\n\n\n<p class=\"\">Haute-Loire<\/p>\n\n\n\n<p class=\"\">Haute-Marne<\/p>\n\n\n\n<p class=\"\">Haute-Savoie<\/p>\n\n\n\n<p class=\"\">Haute-Sa\u00f4ne<\/p>\n\n\n\n<p class=\"\">Haute-Vienne<\/p>\n\n\n\n<p class=\"\">Hautes-Alpes<\/p>\n\n\n\n<p class=\"\">Hautes-Pyr\u00e9n\u00e9es<\/p>\n\n\n\n<p class=\"\">Hauts-de-Seine<\/p>\n\n\n\n<p class=\"\">H\u00e9rault<\/p>\n\n\n\n<p class=\"\">Ille-et-Vilaine<\/p>\n\n\n\n<p class=\"\">Indre<\/p>\n\n\n\n<p class=\"\">Indre-et-Loire<\/p>\n\n\n\n<p class=\"\">Is\u00e8re<\/p>\n\n\n\n<p class=\"\">Jura<\/p>\n\n\n\n<p class=\"\">Loir-et-Cher<\/p>\n\n\n\n<p class=\"\">Loire<\/p>\n\n\n\n<p class=\"\">Loire-Atlantique<\/p>\n\n\n\n<p class=\"\">Loiret<\/p>\n\n\n\n<p class=\"\">Lot<\/p>\n\n\n\n<p class=\"\">Lot-et-Garonne<\/p>\n\n\n\n<p class=\"\">Loz\u00e8re<\/p>\n\n\n\n<p class=\"\">Maine-et-Loire<\/p>\n\n\n\n<p class=\"\">Marne<\/p>\n\n\n\n<p class=\"\">Mayenne<\/p>\n\n\n\n<p class=\"\">Meurthe-et-Moselle<\/p>\n\n\n\n<p class=\"\">Meuse<\/p>\n\n\n\n<p class=\"\">Morbihan<\/p>\n\n\n\n<p class=\"\">Moselle<\/p>\n\n\n\n<p class=\"\">Ni\u00e8vre<\/p>\n\n\n\n<p class=\"\">Oise<\/p>\n\n\n\n<p class=\"\">Orne<\/p>\n\n\n\n<p class=\"\">Paris<\/p>\n\n\n\n<p class=\"\">Rh\u00f4ne<\/p>\n\n\n\n<p class=\"\">Sarthe<\/p>\n\n\n\n<p class=\"\">Savoie<\/p>\n\n\n\n<p class=\"\">Sa\u00f4ne-et-Loire<\/p>\n\n\n\n<p class=\"\">Seine-Maritime<\/p>\n\n\n\n<p class=\"\">Seine-St-Denis<\/p>\n\n\n\n<p class=\"\">Seine-et-Marne<\/p>\n\n\n\n<p class=\"\">Tarn<\/p>\n\n\n\n<p class=\"\">Tarn-et-Garonne<\/p>\n\n\n\n<p class=\"\">Terr. de Belfort<\/p>\n\n\n\n<p class=\"\">Val-D\u2019Oise<\/p>\n\n\n\n<p class=\"\">Val-de-Marne<\/p>\n\n\n\n<p class=\"\">Var<\/p>\n\n\n\n<p class=\"\">Vienne<\/p>\n\n\n\n<p class=\"\">Vosges<\/p>\n\n\n\n<p class=\"\">Yonne<\/p>\n\n\n\n<h2 class=\"wp-block-heading\">Des vents tr\u00e8s forts attendus sur le nord-ouest<\/h2>\n\n\n\n<p class=\"\">Dans le d\u00e9tail, on attend des rafales jusqu\u2019\u00e0 120&nbsp;km\/h dans la partie nord-ouest de la France. On pourra m\u00eame monter&nbsp;<strong>jusqu\u2019\u00e0 140&nbsp;km\/h l\u2019apr\u00e8s-midi<\/strong>&nbsp;localement.<\/p>\n\n\n\n<p class=\"\">La faute \u00e0 une d\u00e9pression qui tra\u00eene en ce moment sur les \u00celes Britanniques et&nbsp;<a href=\"https:\/\/actu.fr\/meteo\/risque-de-tempete-bombe-meteo-un-coup-de-vent-violent-va-toucher-la-france-ce-jeudi-ce-qui-nous-attend_63331104.html\">qui va se creuser \u00e0 l\u2019approche des c\u00f4tes fran\u00e7aises<\/a>, pour causer des d\u00e9sagr\u00e9ments sur quasiment toute la France.<\/p>\n\n\n\n<p class=\"\">Ces rafales aussi s\u2019annoncent importantes jeudi matin\u2009: F9 sur l\u2019\u00e9chelle de Beaufort, ce qui correspond, d\u2019apr\u00e8s&nbsp;<a href=\"https:\/\/meteofrance.com\/actualites-et-dossiers\/comprendre-la-meteo\/le-vent\/vents-violents-et-tempetes-quelles-sont-les-differences\">ce tableau de M\u00e9t\u00e9o France<\/a>, \u00e0 un \u00ab\u2009fort coup de vent\u2009\u00bb qui peut \u00ab\u2009arracher chemin\u00e9es et tuiles\u2009\u00bb des maisons.<\/p>\n","protected":false},"excerpt":{"rendered":"<p>A l&rsquo;approche de la temp\u00eate Benjamin, M\u00e9t\u00e9o France a d\u00e9j\u00e0 plac\u00e9 de tr\u00e8s nombreux d\u00e9partements en vigilance pour vent, mais aussi vagues-submersion et orages pour jeudi.Des&nbsp;vents violents&nbsp;sont attendus sur toute la France ce jeudi 23&nbsp;octobre 2025. Et pour cause\u2009: une temp\u00eate va d\u00e9ferler sur le pays dans la nuit de mercredi \u00e0 jeudi. Et&nbsp;elle a [&hellip;]<\/p>\n","protected":false},"author":2,"featured_media":39237,"comment_status":"open","ping_status":"open","sticky":false,"template":"","format":"standard","meta":{"_jetpack_memberships_contains_paid_content":false,"footnotes":"","jetpack_publicize_message":"","jetpack_publicize_feature_enabled":true,"jetpack_social_post_already_shared":true,"jetpack_social_options":{"image_generator_settings":{"template":"highway","default_image_id":0,"font":"","enabled":true,"token":"eyJpbWciOiJodHRwczpcL1wvd3d3LmljZWFnZXR2LmNvbVwvcmFkaW9zaXRlXC93cC1jb250ZW50XC91cGxvYWRzXC8yMDI1XC8xMFwvZmYwNDI2ZDU3N2Y4Njc0MTQyNmQ1NzdmODY3MzQydi05NjB4NjQwLTEuanBnIiwidHh0IjoiVGVtcFx1MDBlYXRlIEJlbmphbWluIDogMTUgZFx1MDBlOXBhcnRlbWVudHMgZW4gdmlnaWxhbmNlIG9yYW5nZSAmIzgyMjA7dmVudCYjODIyMTsgY2UgamV1ZGksIGRlcyByYWZhbGVzIGp1c3F1JiM4MjE3O1x1MDBlMCAxNDAga21cL2ggYXR0ZW5kdWVzIiwidGVtcGxhdGUiOiJoaWdod2F5IiwiZm9udCI6IiIsImJsb2dfaWQiOjExMTAxNjQ2MX0.hQAzBL6T1XFecr3EWCNWPFTv2zxLAHFqATwBCC7x1dEMQ"},"version":2},"_wpas_customize_per_network":false},"categories":[14],"tags":[],"class_list":["post-39236","post","type-post","status-publish","format-standard","has-post-thumbnail","hentry","category-actu-meteo"],"jetpack_publicize_connections":[],"jetpack_featured_media_url":"https:\/\/i0.wp.com\/www.iceagetv.com\/radiosite\/wp-content\/uploads\/2025\/10\/ff0426d577f86741426d577f867342v-960x640-1.jpg?fit=960%2C640&ssl=1","jetpack_sharing_enabled":true,"_links":{"self":[{"href":"https:\/\/www.iceagetv.com\/radiosite\/wp-json\/wp\/v2\/posts\/39236","targetHints":{"allow":["GET"]}}],"collection":[{"href":"https:\/\/www.iceagetv.com\/radiosite\/wp-json\/wp\/v2\/posts"}],"about":[{"href":"https:\/\/www.iceagetv.com\/radiosite\/wp-json\/wp\/v2\/types\/post"}],"author":[{"embeddable":true,"href":"https:\/\/www.iceagetv.com\/radiosite\/wp-json\/wp\/v2\/users\/2"}],"replies":[{"embeddable":true,"href":"https:\/\/www.iceagetv.com\/radiosite\/wp-json\/wp\/v2\/comments?post=39236"}],"version-history":[{"count":1,"href":"https:\/\/www.iceagetv.com\/radiosite\/wp-json\/wp\/v2\/posts\/39236\/revisions"}],"predecessor-version":[{"id":39238,"href":"https:\/\/www.iceagetv.com\/radiosite\/wp-json\/wp\/v2\/posts\/39236\/revisions\/39238"}],"wp:featuredmedia":[{"embeddable":true,"href":"https:\/\/www.iceagetv.com\/radiosite\/wp-json\/wp\/v2\/media\/39237"}],"wp:attachment":[{"href":"https:\/\/www.iceagetv.com\/radiosite\/wp-json\/wp\/v2\/media?parent=39236"}],"wp:term":[{"taxonomy":"category","embeddable":true,"href":"https:\/\/www.iceagetv.com\/radiosite\/wp-json\/wp\/v2\/categories?post=39236"},{"taxonomy":"post_tag","embeddable":true,"href":"https:\/\/www.iceagetv.com\/radiosite\/wp-json\/wp\/v2\/tags?post=39236"}],"curies":[{"name":"wp","href":"https:\/\/api.w.org\/{rel}","templated":true}]}}