{"id":39245,"date":"2025-10-23T09:01:46","date_gmt":"2025-10-23T07:01:46","guid":{"rendered":"https:\/\/www.iceagetv.com\/radiosite\/?p=39245"},"modified":"2025-10-23T09:01:49","modified_gmt":"2025-10-23T07:01:49","slug":"cest-une-petite-fierte-detre-devant-florence-une-cite-du-sud-ouest-dans-le-top-10-des-villes-les-plus-riches-culturellement-selon-forbes","status":"publish","type":"post","link":"https:\/\/www.iceagetv.com\/radiosite\/cest-une-petite-fierte-detre-devant-florence-une-cite-du-sud-ouest-dans-le-top-10-des-villes-les-plus-riches-culturellement-selon-forbes\/","title":{"rendered":"C&rsquo;est une petite fiert\u00e9 d&rsquo;\u00eatre devant Florence\u00a0\u00bb, une cit\u00e9 du sud-ouest dans le Top 10 des villes les plus riches culturellement selon Forbes"},"content":{"rendered":"\n<p class=\"\"><strong>Le magazine Forbes vient de publier son \u201cTop 10&Prime; des villes culturelles d&rsquo;Europe \u00e0 visiter en 2026 et Albi (Tarn) se hisse \u00e0 la 5\u1d49 place. La ville est consid\u00e9r\u00e9e comme l&rsquo;une des destinations les plus \u00e9l\u00e9gantes du sud de la France.<\/strong><em>\u00ab\u00a0Avec ses fa\u00e7ades color\u00e9es et sa vie culturelle dynamique, Albi est l&rsquo;une des destinations patrimoniales les plus \u00e9l\u00e9gantes du sud de la France\u00a0\u00bb<\/em>.\u00a0<a href=\"https:\/\/www.forbes.com\/sites\/ceciliarodriguez\/2025\/10\/05\/top-10-cultural-heritage-towns-in-europe-for-2026-in-new-travel-report\/\" target=\"_blank\" rel=\"noreferrer noopener\">Forbes<\/a>\u00a0ne tarit pas d&rsquo;\u00e9loges. Le magazine am\u00e9ricain vient de classer Albi 5\u00e8me dans le Top 10 des villes europ\u00e9ennes les plus riches culturellement. Les atouts de la pr\u00e9fecture du Tarn inscrite au Patrimoine mondial, son imposante cath\u00e9drale de brique unique au monde, et le mus\u00e9e Toulouse-Lautrec font mouche.Une escapade raffin\u00e9e\u00a0\u00bb<\/p>\n\n\n\n<p class=\"\">Le magazine am\u00e9ricain pr\u00e9sente Albi comme&nbsp;<em>\u00ab\u00a0un tr\u00e9sor de l&rsquo;UNESCO situ\u00e9 sur les rives du Tarn, dans le sud de la France, au nord-est de Toulouse, couronn\u00e9 par son extraordinaire cath\u00e9drale gothique, le plus grand b\u00e2timent en briques du monde. La ville abrite \u00e9galement le mus\u00e9e Toulouse-Lautrec, qui c\u00e9l\u00e8bre la vie et l&rsquo;\u0153uvre du peintre n\u00e9 l\u00e0-bas.\u00a0\u00bb<\/em><\/p>\n\n\n\n<p class=\"\">Et ajoute&nbsp;<em>\u00ab\u00a0Avec ses fa\u00e7ades color\u00e9es et sa vie culturelle dynamique, Albi est l&rsquo;une des destinations patrimoniales les plus \u00e9l\u00e9gantes du sud de la France.\u00a0\u00bb<\/em><\/p>\n\n\n\n<h2 class=\"wp-block-heading\">Une belle reconnaissance<\/h2>\n\n\n\n<p class=\"\">L&rsquo;annonce de ce classement ravit forc\u00e9ment les habitants d&rsquo;Albi et les professionnels du tourisme. Fanny Girard, la directrice du mus\u00e9e Toulouse Lautrec justifie cette 5\u00e8me place par\u00a0<em>\u00ab\u00a0la collection exceptionnelle du mus\u00e9e qui regorge de plusieurs centaines de tableaux, affiches et dessins de l&rsquo;artiste connu dans le monde entier mais aussi par la beaut\u00e9 du lieu, Le Palais de la Berbie est un joyau du 13\u00e8me si\u00e8cle.\u00a0\u00bb<\/em>Devant Florence en Italie<\/p>\n\n\n\n<p class=\"\">Dans ce classement, la cit\u00e9 \u00e9piscopale du Tarn se retrouve m\u00eame juste devant Florence en Italie,&nbsp;<em>\u00ab\u00a0o\u00f9 l&rsquo;art, l&rsquo;histoire et la culture convergent et o\u00f9 chaque coin est un chef-d&rsquo;\u0153uvre\u00a0\u00bb<\/em>.&nbsp;<\/p>\n\n\n\n<p class=\"\"><em>\u00ab\u00a0C&rsquo;est une petite fiert\u00e9 d&rsquo;\u00eatre devant Florence\u00a0\u00bb,\u00a0<\/em>sourit St\u00e9phanie Tonon, la directrice de l&rsquo;office de tourisme d&rsquo;Albi. \u00ab\u00a0<em>On ne s&rsquo;y attendait pas, c&rsquo;est une tr\u00e8s belle surprise pour nous qui nous d\u00e9menons beaucoup pour promouvoir cette destination\u00a0\u00bb.<\/em>Au jeu des cit\u00e9s europ\u00e9ennes \u00e0 visiter absolu en 2026, c\u2019est la ville de Ptuj, en Slov\u00e9nie, qui arrive en t\u00eate. Suivie de&nbsp;Bruges en Belgique, d&rsquo;Angra do Hero\u00edsmo au Portugal et de Dubrovnik en Croatie.<\/p>\n\n\n\n<p class=\"\">Cette s\u00e9lection est bas\u00e9e sur&nbsp;<a href=\"https:\/\/whc.unesco.org\/en\/activities\/875\/\" target=\"_blank\" rel=\"noreferrer noopener\">les sites du patrimoine mondial culturel de l&rsquo;UNESCO<\/a>&nbsp;en Europe, une enqu\u00eate aupr\u00e8s de voyageurs internationaux sur leurs escapades culturelles et gastronomiques pr\u00e9f\u00e9r\u00e9es et une s\u00e9lection d&rsquo;experts par des professionnels du voyage qui ont \u00e9valu\u00e9 les destinations en fonction de plusieurs crit\u00e8res comme l&rsquo;architecture, la richesse culturelle \u00e0 travers les mus\u00e9es, les festivals, l&rsquo;accessibilit\u00e9, et la gastronomie locale.&nbsp;<\/p>\n\n\n\n<p class=\"\">De quoi booster encore plus la fr\u00e9quentation touristique d&rsquo;Albi qui accueille chaque ann\u00e9e plus d&rsquo;un million de visiteurs.<\/p>\n","protected":false},"excerpt":{"rendered":"<p>Le magazine Forbes vient de publier son \u201cTop 10&Prime; des villes culturelles d&rsquo;Europe \u00e0 visiter en 2026 et Albi (Tarn) se hisse \u00e0 la 5\u1d49 place. La ville est consid\u00e9r\u00e9e comme l&rsquo;une des destinations les plus \u00e9l\u00e9gantes du sud de la France.\u00ab\u00a0Avec ses fa\u00e7ades color\u00e9es et sa vie culturelle dynamique, Albi est l&rsquo;une des destinations [&hellip;]<\/p>\n","protected":false},"author":2,"featured_media":39246,"comment_status":"open","ping_status":"open","sticky":false,"template":"","format":"standard","meta":{"_jetpack_memberships_contains_paid_content":false,"footnotes":"","jetpack_publicize_message":"","jetpack_publicize_feature_enabled":true,"jetpack_social_post_already_shared":true,"jetpack_social_options":{"image_generator_settings":{"template":"highway","default_image_id":0,"font":"","enabled":true,"token":"eyJpbWciOiJodHRwczpcL1wvd3d3LmljZWFnZXR2LmNvbVwvcmFkaW9zaXRlXC93cC1jb250ZW50XC91cGxvYWRzXC8yMDI1XC8xMFwvaWJwcmVtaXVtdHdvNTYzMzczLTY4ZjhlZmRiNDA3Nzk4NzQ5MzAzMTktMTAyNHg2ODAuanBnIiwidHh0IjoiQyYjODIxNztlc3QgdW5lIHBldGl0ZSBmaWVydFx1MDBlOSBkJiM4MjE3O1x1MDBlYXRyZSBkZXZhbnQgRmxvcmVuY2UmIzgyMjE7LCB1bmUgY2l0XHUwMGU5IGR1IHN1ZC1vdWVzdCBkYW5zIGxlIFRvcCAxMCBkZXMgdmlsbGVzIGxlcyBwbHVzIHJpY2hlcyBjdWx0dXJlbGxlbWVudCBzZWxvbiBGb3JiZXMiLCJ0ZW1wbGF0ZSI6ImhpZ2h3YXkiLCJmb250IjoiIiwiYmxvZ19pZCI6MTExMDE2NDYxfQ.BW_kFXzZDTRg1OyuIkcg546pcGciaP1LNfh-9v4S448MQ"},"version":2},"_wpas_customize_per_network":false},"categories":[17],"tags":[],"class_list":["post-39245","post","type-post","status-publish","format-standard","has-post-thumbnail","hentry","category-actu-regions"],"jetpack_publicize_connections":[],"jetpack_featured_media_url":"https:\/\/i0.wp.com\/www.iceagetv.com\/radiosite\/wp-content\/uploads\/2025\/10\/ibpremiumtwo563373-68f8efdb40779874930319-scaled.jpg?fit=2560%2C1701&ssl=1","jetpack_sharing_enabled":true,"_links":{"self":[{"href":"https:\/\/www.iceagetv.com\/radiosite\/wp-json\/wp\/v2\/posts\/39245","targetHints":{"allow":["GET"]}}],"collection":[{"href":"https:\/\/www.iceagetv.com\/radiosite\/wp-json\/wp\/v2\/posts"}],"about":[{"href":"https:\/\/www.iceagetv.com\/radiosite\/wp-json\/wp\/v2\/types\/post"}],"author":[{"embeddable":true,"href":"https:\/\/www.iceagetv.com\/radiosite\/wp-json\/wp\/v2\/users\/2"}],"replies":[{"embeddable":true,"href":"https:\/\/www.iceagetv.com\/radiosite\/wp-json\/wp\/v2\/comments?post=39245"}],"version-history":[{"count":1,"href":"https:\/\/www.iceagetv.com\/radiosite\/wp-json\/wp\/v2\/posts\/39245\/revisions"}],"predecessor-version":[{"id":39247,"href":"https:\/\/www.iceagetv.com\/radiosite\/wp-json\/wp\/v2\/posts\/39245\/revisions\/39247"}],"wp:featuredmedia":[{"embeddable":true,"href":"https:\/\/www.iceagetv.com\/radiosite\/wp-json\/wp\/v2\/media\/39246"}],"wp:attachment":[{"href":"https:\/\/www.iceagetv.com\/radiosite\/wp-json\/wp\/v2\/media?parent=39245"}],"wp:term":[{"taxonomy":"category","embeddable":true,"href":"https:\/\/www.iceagetv.com\/radiosite\/wp-json\/wp\/v2\/categories?post=39245"},{"taxonomy":"post_tag","embeddable":true,"href":"https:\/\/www.iceagetv.com\/radiosite\/wp-json\/wp\/v2\/tags?post=39245"}],"curies":[{"name":"wp","href":"https:\/\/api.w.org\/{rel}","templated":true}]}}