{"id":39263,"date":"2025-10-23T18:08:37","date_gmt":"2025-10-23T16:08:37","guid":{"rendered":"https:\/\/www.iceagetv.com\/radiosite\/?p=39263"},"modified":"2025-10-23T18:08:40","modified_gmt":"2025-10-23T16:08:40","slug":"tempete-benjamin-un-touriste-allemand-emporte-par-une-crue-en-corse-retrouve-mort","status":"publish","type":"post","link":"https:\/\/www.iceagetv.com\/radiosite\/tempete-benjamin-un-touriste-allemand-emporte-par-une-crue-en-corse-retrouve-mort\/","title":{"rendered":"Temp\u00eate Benjamin: un touriste allemand emport\u00e9 par une crue en Corse retrouv\u00e9 mort"},"content":{"rendered":"\n<p class=\"\">Les pompiers annoncent qu&rsquo;un vacancier allemand a \u00e9t\u00e9 retrouv\u00e9 mort, apr\u00e8s avoir \u00e9t\u00e9 emport\u00e9 par une crue en Corse.<\/p>\n\n\n\n<p class=\"\">Un touriste allemand, emport\u00e9 par une crue en Haute-Corse dans le cadre de la&nbsp;<a href=\"https:\/\/www.bfmtv.com\/meteo\/intemperies\/tempete-benjamin-fortes-vagues-chutes-d-arbres-les-images-impressionnantes-des-intemperies-qui-frappent-la-france_AV-202510230371.html\">temp\u00eate Benjamin<\/a>, a \u00e9t\u00e9 retrouv\u00e9 mort&nbsp;<a href=\"https:\/\/www.bfmtv.com\/meteo\/intemperies\/direct-tempete-benjamin-19-departements-en-vigilance-orange-des-cumuls-importants-deja-recenses-dans-le-cantal-et-la-correze_LN-202510230079.html\">ce jeudi 23 octobre<\/a>, indiquent les pompiers&nbsp;<a href=\"https:\/\/www.facebook.com\/sis.2b\/posts\/pfbid02ivES4jqS5SyEZeYJ8UUzMBxL4DogfLdzDu5f5aMz5d8WBFYzKf9tHVx4bpLZRVkWl\" target=\"_blank\" rel=\"noreferrer noopener\">sur leur page Facebook.<\/a>&nbsp;La victime a \u00e9t\u00e9 \u00ab\u00a0emport\u00e9 cet apr\u00e8s-midi par la crue de la rivi\u00e8re Le Fango \u00e0 Gal\u00e9ria\u00a0\u00bb, selon les pompiers qui pr\u00e9cisent que son corps a \u00e9t\u00e9 retrouv\u00e9 \u00ab\u00a0au niveau du pont des Cinq arcades\u00a0\u00bb.<\/p>\n\n\n\n<blockquote class=\"wp-block-quote is-layout-flow wp-block-quote-is-layout-flow\">\n<p class=\"\">\u00ab\u00a0Il avait \u00e9t\u00e9 surpris par la mont\u00e9e rapide de l\u2019eau alors qu\u2019il se baignait en rivi\u00e8re avec son \u00e9pouse et leurs deux enfants. Ces derniers ont \u00e9t\u00e9 secourus par les sapeurs-pompiers\u00a0\u00bb, \u00e9crivent les secours.<\/p>\n<\/blockquote>\n\n\n\n<p class=\"\">\u00ab\u00a0C&rsquo;est n\u00e9cessaire aujourd&rsquo;hui de continuer \u00e0 aller plus vite et plus fort dans les messages de pr\u00e9vention. Quand on voit cela aujourd&rsquo;hui, il est n\u00e9cessaire de prendre en consid\u00e9ration la barri\u00e8re de langue\u00a0\u00bb, plaide sur BFMTV le porte-parole de la F\u00e9d\u00e9ration nationale des sapeurs-pompiers de France.La Corse balay\u00e9e par de fortes rafales de vent<\/p>\n\n\n\n<p class=\"\">D&rsquo;importants cumuls de pluie ont \u00e9t\u00e9 enregistr\u00e9s par M\u00e9t\u00e9o France. Il a plu 143 millim\u00e8tres en moins de cinq heures \u00e0 Bocognano, en Corse-du-Sud, soit l&rsquo;\u00e9quivalent d&rsquo;un mois de pluie. Une autre station m\u00e9t\u00e9orologique, dans la vall\u00e9e du Fango, a relev\u00e9 72 millim\u00e8tres de pluie, soit deux semaines de pr\u00e9cipitation.<\/p>\n\n\n\n<p class=\"\">Les deux d\u00e9partements de la Corse sont plac\u00e9s en vigilance orange par M\u00e9t\u00e9o France pour des risques de vent violent ce jeudi en fin de journ\u00e9e. De fortes rafales ont \u00e9t\u00e9 enregistr\u00e9es sur l&rsquo;\u00eele de Beaut\u00e9 ce jeudi. \u00ab\u00a0Des rafales de 120 \u00e0 140 km\/h ont \u00e9t\u00e9 mesur\u00e9es sur les hauteurs des Alpes-Maritimes et de la Corse\u00a0\u00bb, explique M\u00e9t\u00e9o France.Ces derniers \u00e9voquent d\u00e9j\u00e0 la fin de cette temp\u00eate, car leurs pr\u00e9visions indiquent que \u00ab\u00a0le vent diminuera d&rsquo;intensit\u00e9 ce vendredi matin sur la Haute-Corse\u00a0\u00bb. La vigilance pour la Haute-Corse restera d&rsquo;actualit\u00e9 jusqu&rsquo;\u00e0 ce vendredi matin\u00a0<em>a minima<\/em>. Le Nord, le Pas-de-Calais, la Somme et les Alpes-Maritimes sont aussi en vigilance orange pour des risques de vent violent.<\/p>\n","protected":false},"excerpt":{"rendered":"<p>Les pompiers annoncent qu&rsquo;un vacancier allemand a \u00e9t\u00e9 retrouv\u00e9 mort, apr\u00e8s avoir \u00e9t\u00e9 emport\u00e9 par une crue en Corse. Un touriste allemand, emport\u00e9 par une crue en Haute-Corse dans le cadre de la&nbsp;temp\u00eate Benjamin, a \u00e9t\u00e9 retrouv\u00e9 mort&nbsp;ce jeudi 23 octobre, indiquent les pompiers&nbsp;sur leur page Facebook.&nbsp;La victime a \u00e9t\u00e9 \u00ab\u00a0emport\u00e9 cet apr\u00e8s-midi par la [&hellip;]<\/p>\n","protected":false},"author":2,"featured_media":39249,"comment_status":"open","ping_status":"open","sticky":false,"template":"","format":"standard","meta":{"_jetpack_memberships_contains_paid_content":false,"footnotes":"","jetpack_publicize_message":"","jetpack_publicize_feature_enabled":true,"jetpack_social_post_already_shared":true,"jetpack_social_options":{"image_generator_settings":{"template":"highway","default_image_id":0,"font":"","enabled":true,"token":"eyJpbWciOiJodHRwczpcL1wvd3d3LmljZWFnZXR2LmNvbVwvcmFkaW9zaXRlXC93cC1jb250ZW50XC91cGxvYWRzXC8yMDI1XC8xMFwvOXdpMTlOWkEuanBnIiwidHh0IjoiVGVtcFx1MDBlYXRlIEJlbmphbWluOiB1biB0b3VyaXN0ZSBhbGxlbWFuZCBlbXBvcnRcdTAwZTkgcGFyIHVuZSBjcnVlIGVuIENvcnNlIHJldHJvdXZcdTAwZTkgbW9ydCIsInRlbXBsYXRlIjoiaGlnaHdheSIsImZvbnQiOiIiLCJibG9nX2lkIjoxMTEwMTY0NjF9.o1Sk643Ob1uw0v_eo566Cgo4nttDzt_UKtmPETurN58MQ"},"version":2},"_wpas_customize_per_network":false},"categories":[14],"tags":[],"class_list":["post-39263","post","type-post","status-publish","format-standard","has-post-thumbnail","hentry","category-actu-meteo"],"jetpack_publicize_connections":[],"jetpack_featured_media_url":"https:\/\/i0.wp.com\/www.iceagetv.com\/radiosite\/wp-content\/uploads\/2025\/10\/9wi19NZA.jpg?fit=679%2C293&ssl=1","jetpack_sharing_enabled":true,"_links":{"self":[{"href":"https:\/\/www.iceagetv.com\/radiosite\/wp-json\/wp\/v2\/posts\/39263","targetHints":{"allow":["GET"]}}],"collection":[{"href":"https:\/\/www.iceagetv.com\/radiosite\/wp-json\/wp\/v2\/posts"}],"about":[{"href":"https:\/\/www.iceagetv.com\/radiosite\/wp-json\/wp\/v2\/types\/post"}],"author":[{"embeddable":true,"href":"https:\/\/www.iceagetv.com\/radiosite\/wp-json\/wp\/v2\/users\/2"}],"replies":[{"embeddable":true,"href":"https:\/\/www.iceagetv.com\/radiosite\/wp-json\/wp\/v2\/comments?post=39263"}],"version-history":[{"count":1,"href":"https:\/\/www.iceagetv.com\/radiosite\/wp-json\/wp\/v2\/posts\/39263\/revisions"}],"predecessor-version":[{"id":39264,"href":"https:\/\/www.iceagetv.com\/radiosite\/wp-json\/wp\/v2\/posts\/39263\/revisions\/39264"}],"wp:featuredmedia":[{"embeddable":true,"href":"https:\/\/www.iceagetv.com\/radiosite\/wp-json\/wp\/v2\/media\/39249"}],"wp:attachment":[{"href":"https:\/\/www.iceagetv.com\/radiosite\/wp-json\/wp\/v2\/media?parent=39263"}],"wp:term":[{"taxonomy":"category","embeddable":true,"href":"https:\/\/www.iceagetv.com\/radiosite\/wp-json\/wp\/v2\/categories?post=39263"},{"taxonomy":"post_tag","embeddable":true,"href":"https:\/\/www.iceagetv.com\/radiosite\/wp-json\/wp\/v2\/tags?post=39263"}],"curies":[{"name":"wp","href":"https:\/\/api.w.org\/{rel}","templated":true}]}}