{"id":39274,"date":"2025-10-24T09:18:43","date_gmt":"2025-10-24T07:18:43","guid":{"rendered":"https:\/\/www.iceagetv.com\/radiosite\/?p=39274"},"modified":"2025-10-24T09:18:45","modified_gmt":"2025-10-24T07:18:45","slug":"figure-emblematique-de-toulon-andre-herrero-est-mort-a-87-ans","status":"publish","type":"post","link":"https:\/\/www.iceagetv.com\/radiosite\/figure-emblematique-de-toulon-andre-herrero-est-mort-a-87-ans\/","title":{"rendered":"Figure embl\u00e9matique de Toulon, Andr\u00e9 Herrero est mort \u00e0 87 ans"},"content":{"rendered":"\n<p class=\"\">Ic\u00f4ne toulonnaise, rude troisi\u00e8me-ligne international des ann\u00e9es 1960, pr\u00e9sident du RCT champion de France en 1992 puis manager tricolore, Andr\u00e9 Herrero s&rsquo;est \u00e9teint \u00e0 87 ans.Visage burin\u00e9, regard bleu acier, ce colosse a fait vibrer Mayol bien avant Jonny Wilkinson. Capitaine, entra\u00eeneur puis pr\u00e9sident du RCT, Andr\u00e9 Herrero \u00e9tait un homme de convictions, intransigeant, parfois d&rsquo;humeur volcanique. Tout au long de son existence, sur et en hors du terrain, il imposa sa diff\u00e9rence. Ainsi, quand en 1967 les s\u00e9lectionneurs choisirent son co\u00e9quipier toulonnais Christian Carr\u00e8re pour endosser le r\u00f4le de capitaine tricolore, il tourna le dos, vex\u00e9, au XV de France.Son p\u00e8re, d&rsquo;origine espagnole, \u00e9voluait troisi\u00e8me-ligne et pilier \u00e0 Puisserguier, dans l&rsquo;H\u00e9rault. Approch\u00e9 par les dirigeants de la Seyne-sur-Mer, il s&rsquo;installa donc avec toute sa famille dans le Var. A\u00een\u00e9 d&rsquo;une fratrie de quatre gar\u00e7ons (Francis, Daniel et Bernard seront eux aussi joueurs de rugby), Andr\u00e9 Herrero entra comme apprenti \u00e0 l&rsquo;Arsenal de Toulon et d\u00e9couvrit la balle ovale au Rugby Club Corse, avant de rejoindre le\u00a0<a href=\"https:\/\/www.lequipe.fr\/Rugby\/RugbyFicheClub23.html\" target=\"_blank\" rel=\"noreferrer noopener\">RC Toulon<\/a>\u00a0et d\u00e9buter en Premi\u00e8re Division \u00e0 dix-neuf ans.En 1971, une c\u00f4te bris\u00e9e et un traumatisme<\/p>\n\n\n\n<p class=\"\">Capable d&rsquo;\u00e9voluer en deuxi\u00e8me et en troisi\u00e8me-ligne, il fut pressenti en 1960 pour disputer la tourn\u00e9e tricolore en Argentine mais, victime d&rsquo;une fracture tibia-p\u00e9ron\u00e9 \u00e0 Carmaux, d\u00e9clara forfait. Il ne conna\u00eetra sa premi\u00e8re s\u00e9lection internationale qu&rsquo;en 1963. Victorieux des Springboks (8-6) \u00e0 Springs lors de la tourn\u00e9e de 1964, il rayonna lors du succ\u00e8s face aux Gallois (22-13) la saison suivante dans le Tournoi des Cinq Nations.Capitaine-entra\u00eeneur du RC Toulon,\u00a0<a href=\"https:\/\/www.lequipe.fr\/Rugby\/Actualites\/Un-jour-une-finale-1968-lourdes-l-emporte-au-banc-d-essais\/1143720\" target=\"_blank\" rel=\"noreferrer noopener\">il disputa en 1968 une finale du Championnat perdue face \u00e0 Lourdes<\/a>\u00a0avant de s&rsquo;incliner trois saisons plus tard devant B\u00e9ziers. Alors qu&rsquo;il \u00e9tait au sol, un coup de pied biterrois lui brisa une c\u00f4te. Soign\u00e9, il reprit sa place mais ne sut jamais qui l&rsquo;avait ainsi agress\u00e9. Ce traumatisme le hanta toute sa vie durant.Dans la foul\u00e9e, dix des quinze titulaires de cette finale quitt\u00e8rent la rade pour rejoindre Nice, alors en Deuxi\u00e8me Division. Avec ce corsaire \u00e0 sa t\u00eate, Nice acc\u00e9da \u00e0 l&rsquo;\u00e9lite deux saisons plus tard. Apr\u00e8s avoir raccroch\u00e9 les crampons en 1978, il revint \u00e0 Toulon en 1981 et entra\u00eena le RCT jusqu&rsquo;en 1983, avant de prendre la pr\u00e9sidence pour la saison 1991-1992, au terme de laquelle Toulon fut sacr\u00e9 champion de France.<\/p>\n\n\n\n<p class=\"\">Membre de la FFR jusqu&rsquo;en 2000<br>Nomm\u00e9 manager du XV de France en 1992 \u00e0 la demande de Bernard Lapasset, il d\u00e9missionna trois ans plus tard pour marquer son d\u00e9saccord avec les joueurs qui avaient fait gr\u00e8ve durant la semaine, au motif qu&rsquo;ils souhaitaient des compensations \u00e0 l&rsquo;heure o\u00f9 le rugby avait quitt\u00e9 sa gangue amateure. Il resta n\u00e9anmoins pr\u00e9sident de la commission de s\u00e9lection et membre de la FFR jusqu&rsquo;en 2000.Apr\u00e8s avoir pris sa retraite il y a quelques ann\u00e9es, ce grand-p\u00e8re atypique occupa ses journ\u00e9es \u00e0 traquer le thon et l&rsquo;espadon en M\u00e9diterran\u00e9e sur son petit chalutier, puis s&rsquo;adonna au bridge tout en restant fid\u00e8le \u00e0 Mayol les soirs de match. \u00c0 sa femme Jocelyne, ses deux filles et ses cinq petits-enfants, ses fr\u00e8res et ses proches,\u00a0<em>L&rsquo;\u00c9quipe<\/em>\u00a0adresse ses plus sinc\u00e8res condol\u00e9ances.<\/p>\n\n\n\n<p class=\"\"><\/p>\n\n\n\n<p class=\"\"><\/p>\n","protected":false},"excerpt":{"rendered":"<p>Ic\u00f4ne toulonnaise, rude troisi\u00e8me-ligne international des ann\u00e9es 1960, pr\u00e9sident du RCT champion de France en 1992 puis manager tricolore, Andr\u00e9 Herrero s&rsquo;est \u00e9teint \u00e0 87 ans.Visage burin\u00e9, regard bleu acier, ce colosse a fait vibrer Mayol bien avant Jonny Wilkinson. Capitaine, entra\u00eeneur puis pr\u00e9sident du RCT, Andr\u00e9 Herrero \u00e9tait un homme de convictions, intransigeant, parfois [&hellip;]<\/p>\n","protected":false},"author":2,"featured_media":39275,"comment_status":"open","ping_status":"open","sticky":false,"template":"","format":"standard","meta":{"_jetpack_memberships_contains_paid_content":false,"footnotes":"","jetpack_publicize_message":"","jetpack_publicize_feature_enabled":true,"jetpack_social_post_already_shared":true,"jetpack_social_options":{"image_generator_settings":{"template":"highway","default_image_id":0,"font":"","enabled":true,"token":"eyJpbWciOiJodHRwczpcL1wvd3d3LmljZWFnZXR2LmNvbVwvcmFkaW9zaXRlXC93cC1jb250ZW50XC91cGxvYWRzXC8yMDI1XC8xMFwvQW5kcmUtSGVycmVyby5qcGciLCJ0eHQiOiJGaWd1cmUgZW1ibFx1MDBlOW1hdGlxdWUgZGUgVG91bG9uLCBBbmRyXHUwMGU5IEhlcnJlcm8gZXN0IG1vcnQgXHUwMGUwIDg3IGFucyIsInRlbXBsYXRlIjoiaGlnaHdheSIsImZvbnQiOiIiLCJibG9nX2lkIjoxMTEwMTY0NjF9.dN_URbGfA3DbGatcssmdTYqGvsqdZ2ID16cBFu9Oiy0MQ"},"version":2},"_wpas_customize_per_network":false},"categories":[18],"tags":[],"class_list":["post-39274","post","type-post","status-publish","format-standard","has-post-thumbnail","hentry","category-actu-sport"],"jetpack_publicize_connections":[],"jetpack_featured_media_url":"https:\/\/i0.wp.com\/www.iceagetv.com\/radiosite\/wp-content\/uploads\/2025\/10\/Andre-Herrero.jpg?fit=844%2C553&ssl=1","jetpack_sharing_enabled":true,"_links":{"self":[{"href":"https:\/\/www.iceagetv.com\/radiosite\/wp-json\/wp\/v2\/posts\/39274","targetHints":{"allow":["GET"]}}],"collection":[{"href":"https:\/\/www.iceagetv.com\/radiosite\/wp-json\/wp\/v2\/posts"}],"about":[{"href":"https:\/\/www.iceagetv.com\/radiosite\/wp-json\/wp\/v2\/types\/post"}],"author":[{"embeddable":true,"href":"https:\/\/www.iceagetv.com\/radiosite\/wp-json\/wp\/v2\/users\/2"}],"replies":[{"embeddable":true,"href":"https:\/\/www.iceagetv.com\/radiosite\/wp-json\/wp\/v2\/comments?post=39274"}],"version-history":[{"count":1,"href":"https:\/\/www.iceagetv.com\/radiosite\/wp-json\/wp\/v2\/posts\/39274\/revisions"}],"predecessor-version":[{"id":39276,"href":"https:\/\/www.iceagetv.com\/radiosite\/wp-json\/wp\/v2\/posts\/39274\/revisions\/39276"}],"wp:featuredmedia":[{"embeddable":true,"href":"https:\/\/www.iceagetv.com\/radiosite\/wp-json\/wp\/v2\/media\/39275"}],"wp:attachment":[{"href":"https:\/\/www.iceagetv.com\/radiosite\/wp-json\/wp\/v2\/media?parent=39274"}],"wp:term":[{"taxonomy":"category","embeddable":true,"href":"https:\/\/www.iceagetv.com\/radiosite\/wp-json\/wp\/v2\/categories?post=39274"},{"taxonomy":"post_tag","embeddable":true,"href":"https:\/\/www.iceagetv.com\/radiosite\/wp-json\/wp\/v2\/tags?post=39274"}],"curies":[{"name":"wp","href":"https:\/\/api.w.org\/{rel}","templated":true}]}}