{"id":39280,"date":"2025-10-24T17:21:14","date_gmt":"2025-10-24T15:21:14","guid":{"rendered":"https:\/\/www.iceagetv.com\/radiosite\/?p=39280"},"modified":"2025-10-24T17:21:16","modified_gmt":"2025-10-24T15:21:16","slug":"affaire-du-petit-gregory-soupconnee-davoir-ete-lun-des-corbeaux-qui-a-menace-la-famille-jacqueline-jacob-grand-tante-de-lenfant-est-mise-en-examen-aucune-detention-p","status":"publish","type":"post","link":"https:\/\/www.iceagetv.com\/radiosite\/affaire-du-petit-gregory-soupconnee-davoir-ete-lun-des-corbeaux-qui-a-menace-la-famille-jacqueline-jacob-grand-tante-de-lenfant-est-mise-en-examen-aucune-detention-p\/","title":{"rendered":"Affaire du petit Gr\u00e9gory: Soup\u00e7onn\u00e9e d\u2019avoir \u00e9t\u00e9 l\u2019un des corbeaux qui a menac\u00e9 la famille, Jacqueline Jacob, grand-tante de l\u2019enfant, est mise en examen &#8211; \u00ab\u00a0Aucune d\u00e9tention provisoire ne me para\u00eet n\u00e9cessaire dans cette proc\u00e9dure\u00a0\u00bb"},"content":{"rendered":"\n<p class=\"\">Le procureur g\u00e9n\u00e9ral de Dijon, Philippe Astruc, s&rsquo;exprime apr\u00e8s&nbsp;la mise en examen de Jacqueline Jacob.<\/p>\n\n\n\n<p class=\"\">Il s&rsquo;agit d\u00a0\u00bbune nouvelle \u00e9tape importante\u00a0\u00bb&nbsp;dans cette affaire, souligne-t-il en pr\u00e9ambule.&nbsp;\u00ab\u00a0Concr\u00e8tement, la chambre de l&rsquo;instruction lui reproche d&rsquo;avoir particip\u00e9 entre 1982 et 1984 \u00e0 un groupement ou une entente en vue de la pr\u00e9paration d&rsquo;un ou plusieurs crimes ou d\u00e9lits ayant d\u00e9bouch\u00e9s sur l&rsquo;enl\u00e8vement de Gr\u00e9gory\u00a0\u00bb.<\/p>\n\n\n\n<p class=\"\">Avant de d\u00e9tailler les multiples&nbsp;\u00ab\u00a0indices graves et concordants\u00a0\u00bb&nbsp;retenus par la chambre de l&rsquo;instruction&nbsp;\u00ab\u00a0propres \u00e0 mettre Jacqueline Jacob en examen\u00a0\u00bb,&nbsp;dont les diverses expertises en comparaison d&rsquo;\u00e9criture r\u00e9alis\u00e9es en 1991 et 2017 estimant qu&rsquo;elle pouvait \u00eatre autrice&nbsp;de lettres anonymes envoy\u00e9es aux Villemin.<\/p>\n\n\n\n<p class=\"\">Et de citer \u00e9galement une expertise en stylom\u00e9trie de 2021.<\/p>\n\n\n\n<p class=\"\">Philippe Astruc \u00e9voque \u00e9galement&nbsp;\u00ab\u00a0la reconnaissance par son beau-fr\u00e8re de sa voix comme \u00e9tant celle du corbeau\u00a0\u00bb,&nbsp;\u00ab\u00a0la concordance entre ses appels t\u00e9l\u00e9phonique et son emploi du temps\u00a0\u00bb, et&nbsp;\u00ab\u00a0le t\u00e9moignage d&rsquo;un proche qui a indiqu\u00e9 qu&rsquo;il \u00e9tait possible qu&rsquo;elle se soit absent\u00e9e\u00a0\u00bb.<\/p>\n\n\n\n<p class=\"\">La grand-tante de Gr\u00e9gory Villemin a \u00e9t\u00e9 mise en examen pour \u00ab\u00a0association de malfaiteurs criminelle\u00a0\u00bb mais le procureur g\u00e9n\u00e9ral estime qu&rsquo;il y a un d\u00e9bat sur la qualification de ces faits.<\/p>\n\n\n\n<p class=\"\">\u00ab\u00a0Il y a un risque juridique qui m\u00e9riterait d&rsquo;\u00eatre lev\u00e9. C&rsquo;est une proc\u00e9dure de 41 ans, il y a eu beaucoup de pi\u00e8ces, d&rsquo;actes annul\u00e9s, parfois pour des questions de proc\u00e9dure, pour des irr\u00e9gularit\u00e9s juridiques, il me para\u00eet souhaitable que nous puissions avancer de la mani\u00e8re la plus s\u00e9cure\u00a0\u00bb, a-t-il d\u00e9clar\u00e9 \u00e0 la presse. \u00ab\u00a0<\/p>\n\n\n\n<p class=\"\">\u00ab\u00a0Je vous ai dit, l&rsquo;analyse du minist\u00e8re public, il nous para\u00eet souhaitable que nous puissions trancher cette question\u00a0\u00bb.<\/p>\n\n\n\n<p class=\"\">\u00ab\u00a0On a le droit de continuer \u00e0 investiguer\u00a0\u00bb sur les faits criminels, \u00ab\u00a0c&rsquo;est ce que fait la chambre de l&rsquo;inscription de Dijon avec beaucoup d&rsquo;implication\u00a0\u00bb.<\/p>\n\n\n\n<p class=\"\">\u00ab\u00a0Aucune d\u00e9tention provisoire ne me para\u00eet n\u00e9cessaire dans cette proc\u00e9dure\u00a0\u00bb, a-t-il confi\u00e9, avant de pr\u00e9ciser ne pas envisager de \u00ab\u00a0solliciter d&rsquo;autres mesures qu&rsquo;un contr\u00f4le judiciaire minimal\u00a0\u00bb.<\/p>\n","protected":false},"excerpt":{"rendered":"<p>Le procureur g\u00e9n\u00e9ral de Dijon, Philippe Astruc, s&rsquo;exprime apr\u00e8s&nbsp;la mise en examen de Jacqueline Jacob. Il s&rsquo;agit d\u00a0\u00bbune nouvelle \u00e9tape importante\u00a0\u00bb&nbsp;dans cette affaire, souligne-t-il en pr\u00e9ambule.&nbsp;\u00ab\u00a0Concr\u00e8tement, la chambre de l&rsquo;instruction lui reproche d&rsquo;avoir particip\u00e9 entre 1982 et 1984 \u00e0 un groupement ou une entente en vue de la pr\u00e9paration d&rsquo;un ou plusieurs crimes ou d\u00e9lits [&hellip;]<\/p>\n","protected":false},"author":2,"featured_media":39281,"comment_status":"open","ping_status":"open","sticky":false,"template":"","format":"standard","meta":{"_jetpack_memberships_contains_paid_content":false,"footnotes":"","jetpack_publicize_message":"","jetpack_publicize_feature_enabled":true,"jetpack_social_post_already_shared":true,"jetpack_social_options":{"image_generator_settings":{"template":"highway","default_image_id":0,"font":"","enabled":true,"token":"eyJpbWciOiJodHRwczpcL1wvd3d3LmljZWFnZXR2LmNvbVwvcmFkaW9zaXRlXC93cC1jb250ZW50XC91cGxvYWRzXC8yMDI1XC8xMFwvZ05iclUzZDEuanBnIiwidHh0IjoiQWZmYWlyZSBkdSBwZXRpdCBHclx1MDBlOWdvcnk6IFNvdXBcdTAwZTdvbm5cdTAwZTllIGRcdTIwMTlhdm9pciBcdTAwZTl0XHUwMGU5IGxcdTIwMTl1biBkZXMgY29yYmVhdXggcXVpIGEgbWVuYWNcdTAwZTkgbGEgZmFtaWxsZSwgSmFjcXVlbGluZSBKYWNvYiwgZ3JhbmQtdGFudGUgZGUgbFx1MjAxOWVuZmFudCwgZXN0IG1pc2UgZW4gZXhhbWVuICYjODIxMTsgJiM4MjIwO0F1Y3VuZSBkXHUwMGU5dGVudGlvbiBwcm92aXNvaXJlIG5lIG1lIHBhcmFcdTAwZWV0IG5cdTAwZTljZXNzYWlyZSBkYW5zIGNldHRlIHByb2NcdTAwZTlkdXJlJiM4MjIxOyIsInRlbXBsYXRlIjoiaGlnaHdheSIsImZvbnQiOiIiLCJibG9nX2lkIjoxMTEwMTY0NjF9.A3H7319NLOw46S4ZEQCj-QgPLe4NOZoQ85x_5ABfcjQMQ"},"version":2},"_wpas_customize_per_network":false},"categories":[405],"tags":[],"class_list":["post-39280","post","type-post","status-publish","format-standard","has-post-thumbnail","hentry","category-actu-france-monde"],"jetpack_publicize_connections":[],"jetpack_featured_media_url":"https:\/\/i0.wp.com\/www.iceagetv.com\/radiosite\/wp-content\/uploads\/2025\/10\/gNbrU3d1.jpg?fit=679%2C293&ssl=1","jetpack_sharing_enabled":true,"_links":{"self":[{"href":"https:\/\/www.iceagetv.com\/radiosite\/wp-json\/wp\/v2\/posts\/39280","targetHints":{"allow":["GET"]}}],"collection":[{"href":"https:\/\/www.iceagetv.com\/radiosite\/wp-json\/wp\/v2\/posts"}],"about":[{"href":"https:\/\/www.iceagetv.com\/radiosite\/wp-json\/wp\/v2\/types\/post"}],"author":[{"embeddable":true,"href":"https:\/\/www.iceagetv.com\/radiosite\/wp-json\/wp\/v2\/users\/2"}],"replies":[{"embeddable":true,"href":"https:\/\/www.iceagetv.com\/radiosite\/wp-json\/wp\/v2\/comments?post=39280"}],"version-history":[{"count":1,"href":"https:\/\/www.iceagetv.com\/radiosite\/wp-json\/wp\/v2\/posts\/39280\/revisions"}],"predecessor-version":[{"id":39282,"href":"https:\/\/www.iceagetv.com\/radiosite\/wp-json\/wp\/v2\/posts\/39280\/revisions\/39282"}],"wp:featuredmedia":[{"embeddable":true,"href":"https:\/\/www.iceagetv.com\/radiosite\/wp-json\/wp\/v2\/media\/39281"}],"wp:attachment":[{"href":"https:\/\/www.iceagetv.com\/radiosite\/wp-json\/wp\/v2\/media?parent=39280"}],"wp:term":[{"taxonomy":"category","embeddable":true,"href":"https:\/\/www.iceagetv.com\/radiosite\/wp-json\/wp\/v2\/categories?post=39280"},{"taxonomy":"post_tag","embeddable":true,"href":"https:\/\/www.iceagetv.com\/radiosite\/wp-json\/wp\/v2\/tags?post=39280"}],"curies":[{"name":"wp","href":"https:\/\/api.w.org\/{rel}","templated":true}]}}