{"id":39289,"date":"2025-10-25T09:56:22","date_gmt":"2025-10-25T07:56:22","guid":{"rendered":"https:\/\/www.iceagetv.com\/radiosite\/?p=39289"},"modified":"2025-10-25T09:56:25","modified_gmt":"2025-10-25T07:56:25","slug":"changement-dheure-meme-si-vous-detestez-lheure-dhiver-sachez-que-cest-la-meilleure-pour-votre-sante","status":"publish","type":"post","link":"https:\/\/www.iceagetv.com\/radiosite\/changement-dheure-meme-si-vous-detestez-lheure-dhiver-sachez-que-cest-la-meilleure-pour-votre-sante\/","title":{"rendered":"Changement d\u2019heure\u00a0: m\u00eame si vous d\u00e9testez l\u2019heure d\u2019hiver, sachez que c\u2019est la meilleure pour votre sant\u00e9"},"content":{"rendered":"\n<p class=\"\">La communaut\u00e9 scientifique pr\u00e9conise depuis des ann\u00e9es une instauration de l\u2019heure d\u2019hiver toute l\u2019ann\u00e9e. Elle respecterait davantage notre rythme circadien.\u00a0Entre heure d\u2019hiver et heure d\u2019\u00e9t\u00e9, la communaut\u00e9 scientifique a tranch\u00e9 depuis des ann\u00e9es. Dans la nuit de samedi du 25\u00a0au 26\u00a0octobre, la France s\u2019appr\u00eate \u00e0\u00a0<a href=\"https:\/\/www.huffingtonpost.fr\/france\/article\/changement-d-heure-on-avance-ou-on-recule-d-une-heure-voici-une-astuce-pour-ne-plus-se-tromper-clx4_209574.html\">changer d\u2019heure<\/a>\u00a0et \u00e0\u00a0<a href=\"https:\/\/www.huffingtonpost.fr\/life\/article\/en-passant-a-l-heure-d-hiver-on-ne-gagne-pas-vraiment-une-heure-de-sommeil-voici-pourquoi_241275.html\">\u00ab\u00a0gagner\u00a0\u00bb 60\u00a0minutes de sommeil<\/a>. Selon les sp\u00e9cialistes, c\u2019est cette heure d\u2019hiver\u00a0<a href=\"https:\/\/www.huffingtonpost.fr\/international\/article\/donald-trump-en-a-marre-du-changement-d-heure-alors-il-veut-supprimer-l-heure-d-ete_243541.html\">qui serait la meilleure<\/a>\u00a0pour notre sant\u00e9. Et il ne faudrait pas en changer.Car c\u2019est celle qui respecterait au mieux notre rythme circadien, d\u00e9fini par l\u2019alternance entre la veille et le sommeil, en cycles d\u2019environ 24\u00a0heures. En 2019, des chronobiologistes pr\u00e9conisaient\u00a0<a href=\"https:\/\/www.lemonde.fr\/sciences\/article\/2019\/10\/26\/l-heure-d-hiver-est-mieux-adaptee-aux-horloges-biologiques-des-individus_6017020_1650684.html\" target=\"_blank\" rel=\"noreferrer noopener\">dans une tribune au\u00a0<em>\u00ab\u00a0Monde\u00a0\u00bb<\/em><\/a>\u00a0d\u2019adopter d\u00e9finitivement l\u2019heure\u00a0<em>\u00ab\u00a0standard\u00a0\u00bb<\/em>, ou heure d\u2019hiver toute l\u2019ann\u00e9e, heure qui serait la meilleure pour notre horloge biologique et resynchroniserait notre rythme circadien.Car l\u2019instauration de l\u2019heure d\u2019\u00e9t\u00e9, apr\u00e8s le choc p\u00e9trolier de 1976, aurait eu des effets n\u00e9gatifs sur nos organismes. \u00ab&nbsp;<em>Lorsque l\u2019exposition \u00e0 la lumi\u00e8re en d\u00e9but de jour est faible ou absente, ou lorsqu\u2019il y a une forte exposition en fin de journ\u00e9e, l\u2019horloge prend du retard et notre corps a plus de mal \u00e0&nbsp;s\u2019adapter aux exigences biologiques du moment de la journ\u00e9e. Une telle d\u00e9synchronisation des rythmes peut conduire \u00e0 des troubles biologiques et \u00e0&nbsp;des pathologies<\/em>&nbsp;\u00bb, alertaient alors les scientifiques signataires de la tribune.<\/p>\n\n\n\n<h2 class=\"wp-block-heading\" id=\"4653815\"><em>\u00ab&nbsp;L\u2019heure d\u2019\u00e9t\u00e9 aggrave la dette de sommeil&nbsp;\u00bb<\/em><\/h2>\n\n\n\n<p class=\"\"><a href=\"https:\/\/www.notretemps.com\/vie-pratique\/maison\/changement-dheure-pourquoi-lheure-dhiver-est-elle-meilleure-pour-votre-sante-122778\" target=\"_blank\" rel=\"noreferrer noopener\">Dans\u00a0<em>Notre Temps<\/em><\/a>, la chercheuse et \u00e9lectrophysiologiste Armelle Rancillac, du\u00a0<a href=\"https:\/\/www.inserm.fr\/\" target=\"_blank\" rel=\"noreferrer noopener\">Centre interdisciplinaire de recherche en biologie<\/a>\u00a0(Inserm) va \u00e9galement dans ce sens\u00a0: \u00ab<em>\u00a0Physiologiquement, les Fran\u00e7ais ont tendance \u00e0 avoir une horloge longue\u00a0: ils se couchent tard, se l\u00e8vent tard. L\u2019heure d\u2019\u00e9t\u00e9 accentue ce d\u00e9calage naturel et aggrave la dette de sommeil d\u00e9j\u00e0 tr\u00e8s importante dans la population.\u00a0\u00bb<\/em>En 2019, une consultation en ligne avait \u00e9t\u00e9 organis\u00e9e par l\u2019Assembl\u00e9e nationale et re\u00e7u plus de deux millions de r\u00e9ponses, massivement pour (83,74&nbsp;%) la fin du changement d\u2019heure. Plus de 60&nbsp;% des participants assuraient avoir eu \u00ab<em>&nbsp;une exp\u00e9rience n\u00e9gative ou tr\u00e8s n\u00e9gative&nbsp;\u00bb&nbsp;<\/em>du changement.<\/p>\n\n\n\n<p class=\"\">Une exp\u00e9rience corrobor\u00e9e par les observations des scientifiques, surtout au moment du passage \u00e0 l\u2019heure d\u2019\u00e9t\u00e9. \u00ab&nbsp;<em>De nombreuses \u00e9tudes scientifiques ont montr\u00e9 que la dur\u00e9e du sommeil diminue et que les accidents automobiles, les accidents au travail, les troubles mentaux, et le nombre d\u2019infarctus du myocarde et d\u2019accidents vasculaires c\u00e9r\u00e9braux augmentent dans les jours ou les semaines qui suivent le passage \u00e0 l\u2019heure d\u2019\u00e9t\u00e9<\/em>&nbsp;\u00bb, soulignent les chronobiologistes dans&nbsp;<em>Le Monde<\/em>.<\/p>\n\n\n\n<h2 class=\"wp-block-heading\" id=\"4653859\">Une augmentation des \u00e9pisodes d\u00e9pressifs<\/h2>\n\n\n\n<p class=\"\">Selon un\u00a0<a href=\"https:\/\/presse.inserm.fr\/cest-dans-lair\/les-effets-du-changement-dheure-sur-notre-horloge-biologique\/\" target=\"_blank\" rel=\"noreferrer noopener\">communiqu\u00e9 de presse de l\u2019Inserm<\/a>\u00a0d\u2019octobre\u00a02025, le changement d\u2019heure, en particulier vers l\u2019heure d\u2019\u00e9t\u00e9, est associ\u00e9 \u00e0 une\u00a0hausse des troubles du sommeil, de la vigilance, des accidents de la route, mais aussi \u00e0 des\u00a0probl\u00e8mes de\u00a0r\u00e9gulation du m\u00e9tabolisme\u00a0et \u00e0 une augmentation des \u00e9pisodes d\u00e9pressifs.Certaines populations sont particuli\u00e8rement vuln\u00e9rables, notamment les&nbsp;enfants, les&nbsp;personnes \u00e2g\u00e9es, les&nbsp;travailleurs de nuit&nbsp;ou encore ceux qui souffrent de&nbsp;troubles du sommeil.&nbsp;<em>\u00ab&nbsp;Moins on dort, moins notre organisme peut bien fonctionner&nbsp;: la r\u00e9gulation de la glyc\u00e9mie, du cholest\u00e9rol, du stress\u2026 Tout est impact\u00e9. Le sommeil joue aussi un r\u00f4le cl\u00e9 dans l\u2019immunit\u00e9. Et c\u2019est pendant le sommeil paradoxal qu\u2019on r\u00e9gule nos \u00e9motions&nbsp;\u00bb<\/em>, explique Armelle Rancillac dans&nbsp;<em>Notre Temps<\/em>.<\/p>\n\n\n\n<p class=\"\">Sous un r\u00e9gime permanent d\u2019heure d\u2019\u00e9t\u00e9, les soir\u00e9es estivales seraient plus lumineuses pendant une heure par rapport \u00e0 l\u2019heure standard permanente, tendant \u00e0 nous faire coucher plus tard, aux d\u00e9pens de la dur\u00e9e de notre sommeil. De plus, en hiver, les matins resteraient sombres plus longtemps, nous privant de lumi\u00e8re solaire avant de commencer notre activit\u00e9 journali\u00e8re.<\/p>\n\n\n\n<p class=\"\">C\u2019est donc \u00e0 l\u2019heure d\u2019hiver, que nos horloges biologiques \u00ab<em>&nbsp;sont le plus en phase avec la journ\u00e9e solaire, le m\u00e9ridien officiel n\u2019\u00e9tant d\u00e9cal\u00e9 que d\u2019une heure, contre deux avec l\u2019heure d\u2019\u00e9t\u00e9&nbsp;<\/em>\u00bb, soulignent les chronobiologistes.<\/p>\n","protected":false},"excerpt":{"rendered":"<p>La communaut\u00e9 scientifique pr\u00e9conise depuis des ann\u00e9es une instauration de l\u2019heure d\u2019hiver toute l\u2019ann\u00e9e. Elle respecterait davantage notre rythme circadien.\u00a0Entre heure d\u2019hiver et heure d\u2019\u00e9t\u00e9, la communaut\u00e9 scientifique a tranch\u00e9 depuis des ann\u00e9es. Dans la nuit de samedi du 25\u00a0au 26\u00a0octobre, la France s\u2019appr\u00eate \u00e0\u00a0changer d\u2019heure\u00a0et \u00e0\u00a0\u00ab\u00a0gagner\u00a0\u00bb 60\u00a0minutes de sommeil. Selon les sp\u00e9cialistes, c\u2019est cette [&hellip;]<\/p>\n","protected":false},"author":2,"featured_media":39290,"comment_status":"open","ping_status":"open","sticky":false,"template":"","format":"standard","meta":{"_jetpack_memberships_contains_paid_content":false,"footnotes":"","jetpack_publicize_message":"","jetpack_publicize_feature_enabled":true,"jetpack_social_post_already_shared":true,"jetpack_social_options":{"image_generator_settings":{"template":"highway","default_image_id":0,"font":"","enabled":true,"token":"eyJpbWciOiJodHRwczpcL1wvd3d3LmljZWFnZXR2LmNvbVwvcmFkaW9zaXRlXC93cC1jb250ZW50XC91cGxvYWRzXC8yMDI1XC8xMFwvQ2hhbmdlbWVudC1kaGV1cmUuanBnIiwidHh0IjoiQ2hhbmdlbWVudCBkXHUyMDE5aGV1cmVcdTAwYTA6IG1cdTAwZWFtZSBzaSB2b3VzIGRcdTAwZTl0ZXN0ZXogbFx1MjAxOWhldXJlIGRcdTIwMTloaXZlciwgc2FjaGV6IHF1ZSBjXHUyMDE5ZXN0IGxhIG1laWxsZXVyZSBwb3VyIHZvdHJlIHNhbnRcdTAwZTkiLCJ0ZW1wbGF0ZSI6ImhpZ2h3YXkiLCJmb250IjoiIiwiYmxvZ19pZCI6MTExMDE2NDYxfQ.D9fnRba663F0TFMiYQtopXgiWVwhRyc3C_qPxlaSr5EMQ"},"version":2},"_wpas_customize_per_network":false},"categories":[14],"tags":[],"class_list":["post-39289","post","type-post","status-publish","format-standard","has-post-thumbnail","hentry","category-actu-meteo"],"jetpack_publicize_connections":[],"jetpack_featured_media_url":"https:\/\/i0.wp.com\/www.iceagetv.com\/radiosite\/wp-content\/uploads\/2025\/10\/Changement-dheure.jpg?fit=598%2C381&ssl=1","jetpack_sharing_enabled":true,"_links":{"self":[{"href":"https:\/\/www.iceagetv.com\/radiosite\/wp-json\/wp\/v2\/posts\/39289","targetHints":{"allow":["GET"]}}],"collection":[{"href":"https:\/\/www.iceagetv.com\/radiosite\/wp-json\/wp\/v2\/posts"}],"about":[{"href":"https:\/\/www.iceagetv.com\/radiosite\/wp-json\/wp\/v2\/types\/post"}],"author":[{"embeddable":true,"href":"https:\/\/www.iceagetv.com\/radiosite\/wp-json\/wp\/v2\/users\/2"}],"replies":[{"embeddable":true,"href":"https:\/\/www.iceagetv.com\/radiosite\/wp-json\/wp\/v2\/comments?post=39289"}],"version-history":[{"count":1,"href":"https:\/\/www.iceagetv.com\/radiosite\/wp-json\/wp\/v2\/posts\/39289\/revisions"}],"predecessor-version":[{"id":39291,"href":"https:\/\/www.iceagetv.com\/radiosite\/wp-json\/wp\/v2\/posts\/39289\/revisions\/39291"}],"wp:featuredmedia":[{"embeddable":true,"href":"https:\/\/www.iceagetv.com\/radiosite\/wp-json\/wp\/v2\/media\/39290"}],"wp:attachment":[{"href":"https:\/\/www.iceagetv.com\/radiosite\/wp-json\/wp\/v2\/media?parent=39289"}],"wp:term":[{"taxonomy":"category","embeddable":true,"href":"https:\/\/www.iceagetv.com\/radiosite\/wp-json\/wp\/v2\/categories?post=39289"},{"taxonomy":"post_tag","embeddable":true,"href":"https:\/\/www.iceagetv.com\/radiosite\/wp-json\/wp\/v2\/tags?post=39289"}],"curies":[{"name":"wp","href":"https:\/\/api.w.org\/{rel}","templated":true}]}}