{"id":39296,"date":"2025-10-25T15:00:33","date_gmt":"2025-10-25T13:00:33","guid":{"rendered":"https:\/\/www.iceagetv.com\/radiosite\/?p=39296"},"modified":"2025-10-25T15:00:35","modified_gmt":"2025-10-25T13:00:35","slug":"tempete-benjamin-un-homme-de-32-ans-noye-a-cargese-deuxieme-victime-a-deplorer-en-corse","status":"publish","type":"post","link":"https:\/\/www.iceagetv.com\/radiosite\/tempete-benjamin-un-homme-de-32-ans-noye-a-cargese-deuxieme-victime-a-deplorer-en-corse\/","title":{"rendered":"Temp\u00eate Benjamin : un homme de 32 ans noy\u00e9 \u00e0 Carg\u00e8se, deuxi\u00e8me victime \u00e0 d\u00e9plorer en Corse"},"content":{"rendered":"\n<p class=\"\"><strong>Un jeune homme s&rsquo;est noy\u00e9, ce vendredi 25 octobre \u00e0 Carg\u00e8se, en Corse-du-Sud. Pris au pi\u00e8ge par la houle, les secours n\u2019ont pas pu le r\u00e9animer. C&rsquo;est la deuxi\u00e8me victime de la temp\u00eate Benjamin dans l&rsquo;\u00eele, apr\u00e8s le d\u00e9c\u00e8s d\u2019un touriste allemand dans la rivi\u00e8re du Fangu, \u00e0 Galeria.<\/strong>Le passage de la temp\u00eate Benjamin avec ses cons\u00e9quences humaines. Un homme de 32 ans d\u2019origine indienne s\u2019est noy\u00e9, ce vendredi 24 octobre, \u00e0 Carg\u00e8se. Le drame s\u2019est produit<em>&nbsp;\u00ab\u00a0aux alentours de 15-16 heures\u00a0\u00bb<\/em>, indiquent les sapeurs-pompiers du service d&rsquo;incendie et de secours de Corse-du-Sud (SIS 2A).&nbsp;<\/p>\n\n\n\n<p class=\"\"><em>\u00ab\u00a0Nous n\u2019en savons pas plus sur les circonstances. Des passants ont vu un corps flotter au loin, les premiers gestes de secours ont \u00e9t\u00e9 prodigu\u00e9s\u00a0\u00bb<\/em>, ajoutent-ils. Arriv\u00e9s sur place, les secouristes n\u2019ont rien pu faire sur la plage de Menasina.<\/p>\n\n\n\n<p class=\"\"><em>\u00ab\u00a0Il \u00e9tait en arr\u00eat cardiaque, nous n\u2019avons pas pu le r\u00e9animer\u00a0\u00bb<\/em>. Sur place, une ambulance a \u00e9t\u00e9 d\u00e9p\u00each\u00e9e, ainsi que l&rsquo;h\u00e9licopt\u00e8re Dragon 2A, avec un m\u00e9decin. Selon nos confr\u00e8res de Corse-Matin, la victime participait \u00e0 un s\u00e9minaire \u00e0 l\u2019Institut d\u2019\u00e9tudes scientifiques.<\/p>\n\n\n\n<h2 class=\"wp-block-heading\">Un touriste allemand retrouv\u00e9 mort<\/h2>\n\n\n\n<p class=\"\">Autre drame, celui d\u2019une famille de touristes allemands, emport\u00e9e ce jeudi apr\u00e8s-midi par la mont\u00e9e soudaine des eaux du Fango, \u00e0 Galeria.<\/p>\n\n\n\n<p class=\"\"><a href=\"https:\/\/france3-regions.franceinfo.fr\/corse\/haute-corse\/balagne\/tempete-benjamin-une-famille-emportee-par-la-montee-des-eaux-dans-la-riviere-du-fango-le-pere-porte-disparu-3238390.html\" target=\"_blank\" rel=\"noreferrer noopener\">Si la m\u00e8re et les deux enfants ont pu \u00eatre secourus, le p\u00e8re de famille n&rsquo;a pas surv\u00e9cu.<\/a><\/p>\n\n\n\n<p class=\"\">Sur les r\u00e9seaux sociaux, Marie-Antoinette Maupertuis a r\u00e9agi, assurant la famille&nbsp;<em>\u00ab\u00a0de [son] soutien en ces heures terribles\u00a0\u00bb<\/em>.<\/p>\n","protected":false},"excerpt":{"rendered":"<p>Un jeune homme s&rsquo;est noy\u00e9, ce vendredi 25 octobre \u00e0 Carg\u00e8se, en Corse-du-Sud. Pris au pi\u00e8ge par la houle, les secours n\u2019ont pas pu le r\u00e9animer. C&rsquo;est la deuxi\u00e8me victime de la temp\u00eate Benjamin dans l&rsquo;\u00eele, apr\u00e8s le d\u00e9c\u00e8s d\u2019un touriste allemand dans la rivi\u00e8re du Fangu, \u00e0 Galeria.Le passage de la temp\u00eate Benjamin avec [&hellip;]<\/p>\n","protected":false},"author":2,"featured_media":39297,"comment_status":"open","ping_status":"open","sticky":false,"template":"","format":"standard","meta":{"_jetpack_memberships_contains_paid_content":false,"footnotes":"","jetpack_publicize_message":"","jetpack_publicize_feature_enabled":true,"jetpack_social_post_already_shared":true,"jetpack_social_options":{"image_generator_settings":{"template":"highway","default_image_id":0,"font":"","enabled":true,"token":"eyJpbWciOiJodHRwczpcL1wvd3d3LmljZWFnZXR2LmNvbVwvcmFkaW9zaXRlXC93cC1jb250ZW50XC91cGxvYWRzXC8yMDI1XC8xMFwvcy1zdWl0ZS10ZW1wZXRlLWJlbmphbWluLTI0b2N0LTAwLTAxLTAzLTEwLTY4ZmM5YjVhN2RjMDk3NTc0OTMyNjEtMTAyNHg1NzYuanBnIiwidHh0IjoiVGVtcFx1MDBlYXRlIEJlbmphbWluIDogdW4gaG9tbWUgZGUgMzIgYW5zIG5veVx1MDBlOSBcdTAwZTAgQ2FyZ1x1MDBlOHNlLCBkZXV4aVx1MDBlOG1lIHZpY3RpbWUgXHUwMGUwIGRcdTAwZTlwbG9yZXIgZW4gQ29yc2UiLCJ0ZW1wbGF0ZSI6ImhpZ2h3YXkiLCJmb250IjoiIiwiYmxvZ19pZCI6MTExMDE2NDYxfQ.sIHVzhlDcqgw1KTT3vkQe_peMRkGNlusG6G3bcI4z7wMQ"},"version":2},"_wpas_customize_per_network":false},"categories":[14],"tags":[],"class_list":["post-39296","post","type-post","status-publish","format-standard","has-post-thumbnail","hentry","category-actu-meteo"],"jetpack_publicize_connections":[],"jetpack_featured_media_url":"https:\/\/i0.wp.com\/www.iceagetv.com\/radiosite\/wp-content\/uploads\/2025\/10\/s-suite-tempete-benjamin-24oct-00-01-03-10-68fc9b5a7dc09757493261.jpg?fit=1920%2C1080&ssl=1","jetpack_sharing_enabled":true,"_links":{"self":[{"href":"https:\/\/www.iceagetv.com\/radiosite\/wp-json\/wp\/v2\/posts\/39296","targetHints":{"allow":["GET"]}}],"collection":[{"href":"https:\/\/www.iceagetv.com\/radiosite\/wp-json\/wp\/v2\/posts"}],"about":[{"href":"https:\/\/www.iceagetv.com\/radiosite\/wp-json\/wp\/v2\/types\/post"}],"author":[{"embeddable":true,"href":"https:\/\/www.iceagetv.com\/radiosite\/wp-json\/wp\/v2\/users\/2"}],"replies":[{"embeddable":true,"href":"https:\/\/www.iceagetv.com\/radiosite\/wp-json\/wp\/v2\/comments?post=39296"}],"version-history":[{"count":1,"href":"https:\/\/www.iceagetv.com\/radiosite\/wp-json\/wp\/v2\/posts\/39296\/revisions"}],"predecessor-version":[{"id":39298,"href":"https:\/\/www.iceagetv.com\/radiosite\/wp-json\/wp\/v2\/posts\/39296\/revisions\/39298"}],"wp:featuredmedia":[{"embeddable":true,"href":"https:\/\/www.iceagetv.com\/radiosite\/wp-json\/wp\/v2\/media\/39297"}],"wp:attachment":[{"href":"https:\/\/www.iceagetv.com\/radiosite\/wp-json\/wp\/v2\/media?parent=39296"}],"wp:term":[{"taxonomy":"category","embeddable":true,"href":"https:\/\/www.iceagetv.com\/radiosite\/wp-json\/wp\/v2\/categories?post=39296"},{"taxonomy":"post_tag","embeddable":true,"href":"https:\/\/www.iceagetv.com\/radiosite\/wp-json\/wp\/v2\/tags?post=39296"}],"curies":[{"name":"wp","href":"https:\/\/api.w.org\/{rel}","templated":true}]}}