{"id":39309,"date":"2025-10-26T16:30:17","date_gmt":"2025-10-26T15:30:17","guid":{"rendered":"https:\/\/www.iceagetv.com\/radiosite\/?p=39309"},"modified":"2025-10-26T16:30:20","modified_gmt":"2025-10-26T15:30:20","slug":"un-sentiment-dincomprehension-pres-de-nantes-un-local-des-restos-du-coeur-cambriole-dans-la-nuit","status":"publish","type":"post","link":"https:\/\/www.iceagetv.com\/radiosite\/un-sentiment-dincomprehension-pres-de-nantes-un-local-des-restos-du-coeur-cambriole-dans-la-nuit\/","title":{"rendered":"Un sentiment d&rsquo;incompr\u00e9hension\u00a0\u00bb : pr\u00e8s de Nantes, un local des Restos du C\u0153ur cambriol\u00e9 dans la nuit"},"content":{"rendered":"\n<p class=\"\">Un local de stockage des Restos du C\u0153ur de la Chapelle-sur-Erdre a \u00e9t\u00e9 cambriol\u00e9 dans la nuit de samedi \u00e0 dimanche. Les malfaiteurs ont cass\u00e9 des fen\u00eatres avant de p\u00e9n\u00e9trer \u00e0 l&rsquo;int\u00e9rieur de la pi\u00e8ce. L&rsquo;association va d\u00e9poser plainte.<\/p>\n\n\n\n<p class=\"\">L&rsquo;alarme a \u00e9t\u00e9 d\u00e9clench\u00e9e aux alentours de 21h30, samedi 25 octobre. Un local de l&rsquo;antenne de la Chapelle-sur-Erdre des Restos du C\u0153ur, contenant pr\u00e8s de trois tonnes de denr\u00e9es alimentaires, a \u00e9t\u00e9 cambriol\u00e9 dans la soir\u00e9e. Les malfaiteurs ont cass\u00e9 plusieurs vitres avant de pouvoir rentrer dans la pi\u00e8ce. L&rsquo;association n&rsquo;a pas encore fait les comptes de ce qui aurait \u00e9t\u00e9 vol\u00e9. Une plainte sera d\u00e9pos\u00e9e.\u00a0\u00bbIls n&rsquo;ont pas eu le temps de d\u00e9rober beaucoup de choses\u00a0\u00bb<\/p>\n\n\n\n<p class=\"\">Ce dimanche matin, le responsable du centre de la Chapelle-sur-Erdre est venu constater les d\u00e9g\u00e2ts sur place.&nbsp;<em>\u00ab\u00a0Il y a bien un volet cass\u00e9 et une vitre bris\u00e9e. La cam\u00e9ra de la soci\u00e9t\u00e9 de surveillance constate la p\u00e9n\u00e9tration d&rsquo;une ou deux personnes avec des lampes. Mais au vu de l&rsquo;alarme, ils ne sont pas rest\u00e9s longtemps \u00e0 l&rsquo;int\u00e9rieur, ils n&rsquo;ont pas eu le temps de d\u00e9rober beaucoup de choses\u00a0\u00bb<\/em>, raconte Guy Doulin. Lorsque les gendarmes sont arriv\u00e9s sur place,&nbsp;<strong>les malfaiteurs avaient d\u00e9j\u00e0 pris la fuite.<\/strong><\/p>\n\n\n\n<p class=\"\">Pour Guy Doulin, ce n&rsquo;est ni la tristesse ni la col\u00e8re, mais&nbsp;<em>\u00ab\u00a0un sentiment d&rsquo;incompr\u00e9hension\u00a0\u00bb<\/em>&nbsp;qui pr\u00e9domine.&nbsp;<em>\u00ab\u00a0On regrette beaucoup ce genre d&rsquo;\u00e9v\u00e9nements puisque c&rsquo;est au pr\u00e9judice des gens qui sont dans le besoin et des b\u00e9n\u00e9voles qui donnent de leur temps\u00a0\u00bb<\/em>.&nbsp;<strong>En 2023, le local d&rsquo;accueil des b\u00e9n\u00e9ficiaires avait d\u00e9j\u00e0 \u00e9t\u00e9 la cible d&rsquo;un cambriolage \u00e0 la Chapelle-sur-Erdre<\/strong>. Un v\u00e9hicule appartement \u00e0 l&rsquo;association avait notamment \u00e9t\u00e9 vol\u00e9.<\/p>\n","protected":false},"excerpt":{"rendered":"<p>Un local de stockage des Restos du C\u0153ur de la Chapelle-sur-Erdre a \u00e9t\u00e9 cambriol\u00e9 dans la nuit de samedi \u00e0 dimanche. Les malfaiteurs ont cass\u00e9 des fen\u00eatres avant de p\u00e9n\u00e9trer \u00e0 l&rsquo;int\u00e9rieur de la pi\u00e8ce. L&rsquo;association va d\u00e9poser plainte. L&rsquo;alarme a \u00e9t\u00e9 d\u00e9clench\u00e9e aux alentours de 21h30, samedi 25 octobre. Un local de l&rsquo;antenne de [&hellip;]<\/p>\n","protected":false},"author":2,"featured_media":39310,"comment_status":"open","ping_status":"open","sticky":false,"template":"","format":"standard","meta":{"_jetpack_memberships_contains_paid_content":false,"footnotes":"","jetpack_publicize_message":"","jetpack_publicize_feature_enabled":true,"jetpack_social_post_already_shared":true,"jetpack_social_options":{"image_generator_settings":{"template":"highway","default_image_id":0,"font":"","enabled":true,"token":"eyJpbWciOiJodHRwczpcL1wvd3d3LmljZWFnZXR2LmNvbVwvcmFkaW9zaXRlXC93cC1jb250ZW50XC91cGxvYWRzXC8yMDI1XC8xMFwvdW4tbG9jYWwtZGVzLVJlc3Rvcy1kdS1Db2V1ci1jYW1icmlvbGUtZGFucy1sYS1udWl0LmpwZyIsInR4dCI6IlVuIHNlbnRpbWVudCBkJiM4MjE3O2luY29tcHJcdTAwZTloZW5zaW9uJiM4MjIxOyA6IHByXHUwMGU4cyBkZSBOYW50ZXMsIHVuIGxvY2FsIGRlcyBSZXN0b3MgZHUgQ1x1MDE1M3VyIGNhbWJyaW9sXHUwMGU5IGRhbnMgbGEgbnVpdCIsInRlbXBsYXRlIjoiaGlnaHdheSIsImZvbnQiOiIiLCJibG9nX2lkIjoxMTEwMTY0NjF9.5uziD4mKaNvWNHyFx6R3JUKnCJB_UQsJLG2Lzqo0gNEMQ"},"version":2},"_wpas_customize_per_network":false},"categories":[17],"tags":[],"class_list":["post-39309","post","type-post","status-publish","format-standard","has-post-thumbnail","hentry","category-actu-regions"],"jetpack_publicize_connections":[],"jetpack_featured_media_url":"https:\/\/i0.wp.com\/www.iceagetv.com\/radiosite\/wp-content\/uploads\/2025\/10\/un-local-des-Restos-du-Coeur-cambriole-dans-la-nuit.jpg?fit=523%2C336&ssl=1","jetpack_sharing_enabled":true,"_links":{"self":[{"href":"https:\/\/www.iceagetv.com\/radiosite\/wp-json\/wp\/v2\/posts\/39309","targetHints":{"allow":["GET"]}}],"collection":[{"href":"https:\/\/www.iceagetv.com\/radiosite\/wp-json\/wp\/v2\/posts"}],"about":[{"href":"https:\/\/www.iceagetv.com\/radiosite\/wp-json\/wp\/v2\/types\/post"}],"author":[{"embeddable":true,"href":"https:\/\/www.iceagetv.com\/radiosite\/wp-json\/wp\/v2\/users\/2"}],"replies":[{"embeddable":true,"href":"https:\/\/www.iceagetv.com\/radiosite\/wp-json\/wp\/v2\/comments?post=39309"}],"version-history":[{"count":1,"href":"https:\/\/www.iceagetv.com\/radiosite\/wp-json\/wp\/v2\/posts\/39309\/revisions"}],"predecessor-version":[{"id":39311,"href":"https:\/\/www.iceagetv.com\/radiosite\/wp-json\/wp\/v2\/posts\/39309\/revisions\/39311"}],"wp:featuredmedia":[{"embeddable":true,"href":"https:\/\/www.iceagetv.com\/radiosite\/wp-json\/wp\/v2\/media\/39310"}],"wp:attachment":[{"href":"https:\/\/www.iceagetv.com\/radiosite\/wp-json\/wp\/v2\/media?parent=39309"}],"wp:term":[{"taxonomy":"category","embeddable":true,"href":"https:\/\/www.iceagetv.com\/radiosite\/wp-json\/wp\/v2\/categories?post=39309"},{"taxonomy":"post_tag","embeddable":true,"href":"https:\/\/www.iceagetv.com\/radiosite\/wp-json\/wp\/v2\/tags?post=39309"}],"curies":[{"name":"wp","href":"https:\/\/api.w.org\/{rel}","templated":true}]}}