{"id":39345,"date":"2025-10-28T18:50:52","date_gmt":"2025-10-28T17:50:52","guid":{"rendered":"https:\/\/www.iceagetv.com\/radiosite\/?p=39345"},"modified":"2025-10-28T18:50:54","modified_gmt":"2025-10-28T17:50:54","slug":"dans-les-pyrenees-cest-quoi-ce-projet-de-telecabine-xxl-qui-cree-la-polemique","status":"publish","type":"post","link":"https:\/\/www.iceagetv.com\/radiosite\/dans-les-pyrenees-cest-quoi-ce-projet-de-telecabine-xxl-qui-cree-la-polemique\/","title":{"rendered":"Dans les Pyr\u00e9n\u00e9es, c\u2019est quoi ce projet de t\u00e9l\u00e9cabine XXL qui cr\u00e9e la pol\u00e9mique\u00a0?"},"content":{"rendered":"\n<p class=\"\">Dans les Pyr\u00e9n\u00e9es catalanes, la station de ski de Vallter (Espagne) veut se moderniser en construisant une nouvelle t\u00e9l\u00e9cabine. Mais le projet suscite des inqui\u00e9tudes.Dans les Pyr\u00e9n\u00e9es catalanes, la station de ski de&nbsp;<strong>Vallter<\/strong>&nbsp;(Espagne) veut se moderniser. Pour ce faire, elle mise sur une nouvelle t\u00e9l\u00e9cabine \u00e0 40&nbsp;millions d\u2019euros. Ce projet pharaonique reliera Setcases \u00e0 Vallter. La route actuelle, emprunt\u00e9e par 85\u2009000 v\u00e9hicules par an, doit \u00eatre supprim\u00e9e. Mais ce projet pharaonique suscite l\u2019ire de milliers de personnes inqui\u00e8tes d\u2019une probable surfr\u00e9quentation n\u00e9faste pour la faune et la flore locale.<\/p>\n\n\n\n<h2 class=\"wp-block-heading\">La station sera uniquement accessible en t\u00e9l\u00e9cabine<\/h2>\n\n\n\n<p class=\"\">Ferrocarrils (l\u2019entreprise publique qui d\u00e9tient la station) veut que Vallter \u00ab\u2009devienne une station moderne et durable\u2009\u00bb. Elle pousse donc pour cr\u00e9er une\u00a0t\u00e9l\u00e9cabine\u00a0<strong>longue de 3\u2009420\u00a0m<\/strong>.\u00ab\u2009Elle sera \u00e9quip\u00e9e de cabines de 10 places offrant une capacit\u00e9 de transport de\u00a0<strong>2\u2009000\u00a0personnes par heure<\/strong>\u00a0et un temps de trajet d\u2019environ 12\u00a0minutes. Son point de d\u00e9part se situera \u00e0 1\u2009535\u00a0m d\u2019altitude, o\u00f9 une partie du stationnement des v\u00e9hicules et des services essentiels seront d\u00e9plac\u00e9s, et atteindra 2\u2009162\u00a0m d\u2019altitude\u2009\u00bb, indiquait la station de ski sur son site internet (la page web est actuellement inaccessible).Cette nouvelle infrastructure doit devenir l\u2019unique acc\u00e8s \u00e0 la station. \u00ab\u2009La suppression de l\u2019acc\u00e8s des v\u00e9hicules au parc naturel des sources du Ter et du Freser permettra une am\u00e9lioration significative de l\u2019impact paysager et une r\u00e9duction de l\u2019empreinte carbone, car elle emp\u00eachera l\u2019acc\u00e8s des&nbsp;<strong>85\u2009000 v\u00e9hicules<\/strong>&nbsp;qui acc\u00e8dent chaque ann\u00e9e \u00e0 la station par la route de Setcases. De plus, elle permettra de contr\u00f4ler l\u2019acc\u00e8s au parc naturel\u2009\u00bb, estime la station catalane. Mais ce n\u2019est pas l\u2019avis des opposants au projet, qui y voient plut\u00f4t de l\u2019esbroufe\u2026<\/p>\n\n\n\n<h2 class=\"wp-block-heading\">En ligne et sur le terrain, la fronde s\u2019organise<\/h2>\n\n\n\n<p class=\"\">Que ce soit sur internet (via&nbsp;<a href=\"https:\/\/defensemulldeter.cat\/noticies\/\">la plateforme Defensem Ulldeter<\/a>) ou sur le terrain, les anti-t\u00e9l\u00e9cabines se mobilisent. Une&nbsp;<a href=\"https:\/\/www.change.org\/p\/defensem-ulldeter-sauvons-ulldeter-menaces-sur-les-espaces-naturels-transfrontaliers\">p\u00e9tition en ligne<\/a>&nbsp;a d\u00e9j\u00e0 r\u00e9colt\u00e9&nbsp;<strong>plus de 2\u2009500 signatures<\/strong>. Le texte, soutenu par plusieurs associations et collectivit\u00e9s des Pyr\u00e9n\u00e9es-Orientales (on peut notamment citer les mairies de Mantet), d\u00e9nonce un projet qui aura pour cons\u00e9quence une \u00ab\u2009privatisation de l\u2019acc\u00e8s \u00e0 la montagne\u2009\u00bb. Par ailleurs, les militants pointent du doigt la surfr\u00e9quentation qu\u2019entra\u00eenera ce nouvel am\u00e9nagement.<\/p>\n","protected":false},"excerpt":{"rendered":"<p>Dans les Pyr\u00e9n\u00e9es catalanes, la station de ski de Vallter (Espagne) veut se moderniser en construisant une nouvelle t\u00e9l\u00e9cabine. Mais le projet suscite des inqui\u00e9tudes.Dans les Pyr\u00e9n\u00e9es catalanes, la station de ski de&nbsp;Vallter&nbsp;(Espagne) veut se moderniser. Pour ce faire, elle mise sur une nouvelle t\u00e9l\u00e9cabine \u00e0 40&nbsp;millions d\u2019euros. Ce projet pharaonique reliera Setcases \u00e0 Vallter. [&hellip;]<\/p>\n","protected":false},"author":2,"featured_media":39346,"comment_status":"open","ping_status":"open","sticky":false,"template":"","format":"standard","meta":{"_jetpack_memberships_contains_paid_content":false,"footnotes":"","jetpack_publicize_message":"","jetpack_publicize_feature_enabled":true,"jetpack_social_post_already_shared":true,"jetpack_social_options":{"image_generator_settings":{"template":"highway","default_image_id":0,"font":"","enabled":true,"token":"eyJpbWciOiJodHRwczpcL1wvd3d3LmljZWFnZXR2LmNvbVwvcmFkaW9zaXRlXC93cC1jb250ZW50XC91cGxvYWRzXC8yMDI1XC8xMFwvc291cmNlcy1kdS10ZXItOTYweDY0MC0xLmpwZyIsInR4dCI6IkRhbnMgbGVzIFB5clx1MDBlOW5cdTAwZTllcywgY1x1MjAxOWVzdCBxdW9pIGNlIHByb2pldCBkZSB0XHUwMGU5bFx1MDBlOWNhYmluZSBYWEwgcXVpIGNyXHUwMGU5ZSBsYSBwb2xcdTAwZTltaXF1ZVx1MDBhMD8iLCJ0ZW1wbGF0ZSI6ImhpZ2h3YXkiLCJmb250IjoiIiwiYmxvZ19pZCI6MTExMDE2NDYxfQ.nHdvQ_IqK9_XHV0e-qXKsuigJjJFHNeS9b6T5tqbXO4MQ"},"version":2},"_wpas_customize_per_network":false},"categories":[17],"tags":[],"class_list":["post-39345","post","type-post","status-publish","format-standard","has-post-thumbnail","hentry","category-actu-regions"],"jetpack_publicize_connections":[],"jetpack_featured_media_url":"https:\/\/i0.wp.com\/www.iceagetv.com\/radiosite\/wp-content\/uploads\/2025\/10\/sources-du-ter-960x640-1.jpg?fit=960%2C640&ssl=1","jetpack_sharing_enabled":true,"_links":{"self":[{"href":"https:\/\/www.iceagetv.com\/radiosite\/wp-json\/wp\/v2\/posts\/39345","targetHints":{"allow":["GET"]}}],"collection":[{"href":"https:\/\/www.iceagetv.com\/radiosite\/wp-json\/wp\/v2\/posts"}],"about":[{"href":"https:\/\/www.iceagetv.com\/radiosite\/wp-json\/wp\/v2\/types\/post"}],"author":[{"embeddable":true,"href":"https:\/\/www.iceagetv.com\/radiosite\/wp-json\/wp\/v2\/users\/2"}],"replies":[{"embeddable":true,"href":"https:\/\/www.iceagetv.com\/radiosite\/wp-json\/wp\/v2\/comments?post=39345"}],"version-history":[{"count":1,"href":"https:\/\/www.iceagetv.com\/radiosite\/wp-json\/wp\/v2\/posts\/39345\/revisions"}],"predecessor-version":[{"id":39347,"href":"https:\/\/www.iceagetv.com\/radiosite\/wp-json\/wp\/v2\/posts\/39345\/revisions\/39347"}],"wp:featuredmedia":[{"embeddable":true,"href":"https:\/\/www.iceagetv.com\/radiosite\/wp-json\/wp\/v2\/media\/39346"}],"wp:attachment":[{"href":"https:\/\/www.iceagetv.com\/radiosite\/wp-json\/wp\/v2\/media?parent=39345"}],"wp:term":[{"taxonomy":"category","embeddable":true,"href":"https:\/\/www.iceagetv.com\/radiosite\/wp-json\/wp\/v2\/categories?post=39345"},{"taxonomy":"post_tag","embeddable":true,"href":"https:\/\/www.iceagetv.com\/radiosite\/wp-json\/wp\/v2\/tags?post=39345"}],"curies":[{"name":"wp","href":"https:\/\/api.w.org\/{rel}","templated":true}]}}