{"id":39361,"date":"2025-10-29T12:58:38","date_gmt":"2025-10-29T11:58:38","guid":{"rendered":"https:\/\/www.iceagetv.com\/radiosite\/?p=39361"},"modified":"2025-10-29T12:58:41","modified_gmt":"2025-10-29T11:58:41","slug":"gaza-la-france-estime-que-le-cessez-le-feu-est-menace-et-appelle-a-le-retablir-au-plus-vite","status":"publish","type":"post","link":"https:\/\/www.iceagetv.com\/radiosite\/gaza-la-france-estime-que-le-cessez-le-feu-est-menace-et-appelle-a-le-retablir-au-plus-vite\/","title":{"rendered":"Gaza: la France estime que le cessez-le-feu est \u00ab\u00a0menac\u00e9\u00a0\u00bb et appelle \u00e0 le \u00ab\u00a0r\u00e9tablir au plus vite\u00a0\u00bb"},"content":{"rendered":"\n<p class=\"\">Le Premier ministre isra\u00e9lien Benjamin Netanyahu avait accus\u00e9 mardi le mouvement islamiste Hamas de violer l&rsquo;accord de cessez-le-feu, justifiant ainsi la reprise des bombardements \u00e0 Gaza.<\/p>\n\n\n\n<p class=\"\">La France estime que le cessez-le-feu est \u00ab\u00a0menac\u00e9\u00a0\u00bb et appelle \u00e0 le \u00ab\u00a0r\u00e9tablir au plus vite\u00a0\u00bb, a indiqu\u00e9 la porte-parole du gouvernement Maud Bregeon devant la presse ce mercredi 29 octobre, alors qu&rsquo;Isra\u00ebl a annonc\u00e9 reprendre le cessez-le-feu dans la bande de Gaza, apr\u00e8s avoir men\u00e9 des frappes qui ont fait&nbsp;<a href=\"https:\/\/www.bfmtv.com\/international\/moyen-orient\/palestine\/gaza-la-defense-civile-fait-etat-d-au-moins-50-morts-dans-des-frappes-israeliennes_AD-202510290121.html\">plus de cent morts<\/a>, selon la D\u00e9fense civile et des h\u00f4pitaux, en repr\u00e9sailles \u00e0 l&rsquo;attaque mortelle contre un de ses soldats.<\/p>\n","protected":false},"excerpt":{"rendered":"<p>Le Premier ministre isra\u00e9lien Benjamin Netanyahu avait accus\u00e9 mardi le mouvement islamiste Hamas de violer l&rsquo;accord de cessez-le-feu, justifiant ainsi la reprise des bombardements \u00e0 Gaza. La France estime que le cessez-le-feu est \u00ab\u00a0menac\u00e9\u00a0\u00bb et appelle \u00e0 le \u00ab\u00a0r\u00e9tablir au plus vite\u00a0\u00bb, a indiqu\u00e9 la porte-parole du gouvernement Maud Bregeon devant la presse ce mercredi [&hellip;]<\/p>\n","protected":false},"author":2,"featured_media":39362,"comment_status":"open","ping_status":"open","sticky":false,"template":"","format":"standard","meta":{"_jetpack_memberships_contains_paid_content":false,"footnotes":"","jetpack_publicize_message":"","jetpack_publicize_feature_enabled":true,"jetpack_social_post_already_shared":true,"jetpack_social_options":{"image_generator_settings":{"template":"highway","default_image_id":0,"font":"","enabled":true,"token":"eyJpbWciOiJodHRwczpcL1wvd3d3LmljZWFnZXR2LmNvbVwvcmFkaW9zaXRlXC93cC1jb250ZW50XC91cGxvYWRzXC8yMDI1XC8xMFwvbGEtRnJhbmNlLWVzdGltZS1xdWUtbGUtY2Vzc2V6LWxlLWZldS5qcGciLCJ0eHQiOiJHYXphOiBsYSBGcmFuY2UgZXN0aW1lIHF1ZSBsZSBjZXNzZXotbGUtZmV1IGVzdCAmIzgyMjA7bWVuYWNcdTAwZTkmIzgyMjE7IGV0IGFwcGVsbGUgXHUwMGUwIGxlICYjODIyMDtyXHUwMGU5dGFibGlyIGF1IHBsdXMgdml0ZSYjODIyMTsiLCJ0ZW1wbGF0ZSI6ImhpZ2h3YXkiLCJmb250IjoiIiwiYmxvZ19pZCI6MTExMDE2NDYxfQ.0zYZA53zoNmo_KD0Q0Ic4xEClet5h2uu3fvSsBANftYMQ"},"version":2},"_wpas_customize_per_network":false},"categories":[405],"tags":[],"class_list":["post-39361","post","type-post","status-publish","format-standard","has-post-thumbnail","hentry","category-actu-france-monde"],"jetpack_publicize_connections":[],"jetpack_featured_media_url":"https:\/\/i0.wp.com\/www.iceagetv.com\/radiosite\/wp-content\/uploads\/2025\/10\/la-France-estime-que-le-cessez-le-feu.jpg?fit=736%2C411&ssl=1","jetpack_sharing_enabled":true,"_links":{"self":[{"href":"https:\/\/www.iceagetv.com\/radiosite\/wp-json\/wp\/v2\/posts\/39361","targetHints":{"allow":["GET"]}}],"collection":[{"href":"https:\/\/www.iceagetv.com\/radiosite\/wp-json\/wp\/v2\/posts"}],"about":[{"href":"https:\/\/www.iceagetv.com\/radiosite\/wp-json\/wp\/v2\/types\/post"}],"author":[{"embeddable":true,"href":"https:\/\/www.iceagetv.com\/radiosite\/wp-json\/wp\/v2\/users\/2"}],"replies":[{"embeddable":true,"href":"https:\/\/www.iceagetv.com\/radiosite\/wp-json\/wp\/v2\/comments?post=39361"}],"version-history":[{"count":1,"href":"https:\/\/www.iceagetv.com\/radiosite\/wp-json\/wp\/v2\/posts\/39361\/revisions"}],"predecessor-version":[{"id":39363,"href":"https:\/\/www.iceagetv.com\/radiosite\/wp-json\/wp\/v2\/posts\/39361\/revisions\/39363"}],"wp:featuredmedia":[{"embeddable":true,"href":"https:\/\/www.iceagetv.com\/radiosite\/wp-json\/wp\/v2\/media\/39362"}],"wp:attachment":[{"href":"https:\/\/www.iceagetv.com\/radiosite\/wp-json\/wp\/v2\/media?parent=39361"}],"wp:term":[{"taxonomy":"category","embeddable":true,"href":"https:\/\/www.iceagetv.com\/radiosite\/wp-json\/wp\/v2\/categories?post=39361"},{"taxonomy":"post_tag","embeddable":true,"href":"https:\/\/www.iceagetv.com\/radiosite\/wp-json\/wp\/v2\/tags?post=39361"}],"curies":[{"name":"wp","href":"https:\/\/api.w.org\/{rel}","templated":true}]}}