{"id":39392,"date":"2025-10-30T12:49:16","date_gmt":"2025-10-30T11:49:16","guid":{"rendered":"https:\/\/www.iceagetv.com\/radiosite\/?p=39392"},"modified":"2025-10-30T12:49:19","modified_gmt":"2025-10-30T11:49:19","slug":"le-ministre-de-la-justice-gerald-darmanin-a-rendu-visite-hier-soir-a-lancien-president-nicolas-sarkozy-a-la-prison-de-la-sante-a-paris","status":"publish","type":"post","link":"https:\/\/www.iceagetv.com\/radiosite\/le-ministre-de-la-justice-gerald-darmanin-a-rendu-visite-hier-soir-a-lancien-president-nicolas-sarkozy-a-la-prison-de-la-sante-a-paris\/","title":{"rendered":"Le ministre de la Justice G\u00e9rald Darmanin a rendu visite hier soir \u00e0 l&rsquo;ancien pr\u00e9sident Nicolas Sarkozy \u00e0 la prison de la Sant\u00e9 \u00e0 Paris"},"content":{"rendered":"\n<p class=\"\">Une semaine apr\u00e8s l\u2019incarc\u00e9ration de Nicolas Sarkozy \u00e0 la prison de la Sant\u00e9 \u00e0 Paris, G\u00e9rald Darmanin s&rsquo;est rendu, hier soir \u00e0 19h, dans l&rsquo;\u00e9tablissement p\u00e9nitentiaire.&nbsp;<\/p>\n\n\n\n<p class=\"\">Selon&nbsp;<a href=\"https:\/\/www.lefigaro.fr\/politique\/gerald-darmanin-a-rendu-visite-a-nicolas-sarkozy-a-la-prison-de-la-sante-20251030\" target=\"_blank\" rel=\"noreferrer noopener\">Le Figaro<\/a>, le ministre de la Justice a rencontr\u00e9 l&rsquo;ex-pr\u00e9sident de la R\u00e9publique au cours d&rsquo;un entretien d&rsquo;une dur\u00e9e de 45 minutes. Les deux hommes \u00e9taient accompagn\u00e9s du directeur de la prison. Ils ont notamment \u00e9voqu\u00e9 ses conditions de s\u00e9curit\u00e9 et de d\u00e9tention.&nbsp;<\/p>\n\n\n\n<p class=\"\">Le 20 octobre dernier, sur France Inter, le ministre de la Justice avait confi\u00e9 qu\u2019il ira \u00ab\u00a0voir en prison\u00a0\u00bb Nicolas Sarkozy pour s&rsquo;inqui\u00e9ter \u00ab\u00a0de ses conditions de s\u00e9curit\u00e9\u00a0\u00bb \u00e0 La Sant\u00e9. \u00ab\u00a0Le ministre de la justice peut aller voir n&rsquo;importe quelle prison et n&rsquo;importe quel d\u00e9tenu quand il le souhaite\u00a0\u00bb, avait-il ajout\u00e9.<\/p>\n\n\n\n<p class=\"\">Condamn\u00e9 le 25 septembre \u00e0 cinq ans d\u2019emprisonnement dans le dossier libyen pour association de malfaiteurs, Nicolas Sarkozy a \u00e9t\u00e9 incarc\u00e9r\u00e9 le 21 octobre \u00e0 la Sant\u00e9. Cette d\u00e9tention d\u2019un ancien pr\u00e9sident est une premi\u00e8re dans l\u2019histoire de la R\u00e9publique. Il a depuis d\u00e9pos\u00e9 une demande de remise en libert\u00e9, que la justice doit examiner dans les prochaines semaines.<\/p>\n\n\n\n<p class=\"\">L\u2019ancien pr\u00e9sident de la R\u00e9publique b\u00e9n\u00e9ficie de la protection de deux officiers de s\u00e9curit\u00e9, une mesure exceptionnelle prise \u00ab&nbsp;eu \u00e9gard \u00e0 son statut et aux menaces qui p\u00e8sent sur lui&nbsp;\u00bb, avait expliqu\u00e9 le ministre de l\u2019Int\u00e9rieur, Laurent Nu\u00f1ez.<\/p>\n\n\n\n<p class=\"\">G\u00e9rald Darmanin avait dit avant l\u2019incarc\u00e9ration de l\u2019ex-pr\u00e9sident son intention d\u2019aller le visiter, afin de \u00ab&nbsp;s\u2019assurer que les conditions de s\u00e9curit\u00e9 sont bonnes pour ce d\u00e9tenu au statut hors du commun&nbsp;\u00bb, avait expliqu\u00e9 son entourage.<\/p>\n","protected":false},"excerpt":{"rendered":"<p>Une semaine apr\u00e8s l\u2019incarc\u00e9ration de Nicolas Sarkozy \u00e0 la prison de la Sant\u00e9 \u00e0 Paris, G\u00e9rald Darmanin s&rsquo;est rendu, hier soir \u00e0 19h, dans l&rsquo;\u00e9tablissement p\u00e9nitentiaire.&nbsp; Selon&nbsp;Le Figaro, le ministre de la Justice a rencontr\u00e9 l&rsquo;ex-pr\u00e9sident de la R\u00e9publique au cours d&rsquo;un entretien d&rsquo;une dur\u00e9e de 45 minutes. Les deux hommes \u00e9taient accompagn\u00e9s du directeur [&hellip;]<\/p>\n","protected":false},"author":2,"featured_media":39393,"comment_status":"open","ping_status":"open","sticky":false,"template":"","format":"standard","meta":{"_jetpack_memberships_contains_paid_content":false,"footnotes":"","jetpack_publicize_message":"","jetpack_publicize_feature_enabled":true,"jetpack_social_post_already_shared":true,"jetpack_social_options":{"image_generator_settings":{"template":"highway","default_image_id":0,"font":"","enabled":true,"token":"eyJpbWciOiJodHRwczpcL1wvd3d3LmljZWFnZXR2LmNvbVwvcmFkaW9zaXRlXC93cC1jb250ZW50XC91cGxvYWRzXC8yMDI1XC8xMFwvdU56UFNqYy0uanBnIiwidHh0IjoiTGUgbWluaXN0cmUgZGUgbGEgSnVzdGljZSBHXHUwMGU5cmFsZCBEYXJtYW5pbiBhIHJlbmR1IHZpc2l0ZSBoaWVyIHNvaXIgXHUwMGUwIGwmIzgyMTc7YW5jaWVuIHByXHUwMGU5c2lkZW50IE5pY29sYXMgU2Fya296eSBcdTAwZTAgbGEgcHJpc29uIGRlIGxhIFNhbnRcdTAwZTkgXHUwMGUwIFBhcmlzIiwidGVtcGxhdGUiOiJoaWdod2F5IiwiZm9udCI6IiIsImJsb2dfaWQiOjExMTAxNjQ2MX0.5ME4iI5PHO2Z7zpLkliPVNa6MVjS1K1a2wVObcZh-boMQ"},"version":2},"_wpas_customize_per_network":false},"categories":[405],"tags":[],"class_list":["post-39392","post","type-post","status-publish","format-standard","has-post-thumbnail","hentry","category-actu-france-monde"],"jetpack_publicize_connections":[],"jetpack_featured_media_url":"https:\/\/i0.wp.com\/www.iceagetv.com\/radiosite\/wp-content\/uploads\/2025\/10\/uNzPSjc-.jpg?fit=679%2C293&ssl=1","jetpack_sharing_enabled":true,"_links":{"self":[{"href":"https:\/\/www.iceagetv.com\/radiosite\/wp-json\/wp\/v2\/posts\/39392","targetHints":{"allow":["GET"]}}],"collection":[{"href":"https:\/\/www.iceagetv.com\/radiosite\/wp-json\/wp\/v2\/posts"}],"about":[{"href":"https:\/\/www.iceagetv.com\/radiosite\/wp-json\/wp\/v2\/types\/post"}],"author":[{"embeddable":true,"href":"https:\/\/www.iceagetv.com\/radiosite\/wp-json\/wp\/v2\/users\/2"}],"replies":[{"embeddable":true,"href":"https:\/\/www.iceagetv.com\/radiosite\/wp-json\/wp\/v2\/comments?post=39392"}],"version-history":[{"count":1,"href":"https:\/\/www.iceagetv.com\/radiosite\/wp-json\/wp\/v2\/posts\/39392\/revisions"}],"predecessor-version":[{"id":39394,"href":"https:\/\/www.iceagetv.com\/radiosite\/wp-json\/wp\/v2\/posts\/39392\/revisions\/39394"}],"wp:featuredmedia":[{"embeddable":true,"href":"https:\/\/www.iceagetv.com\/radiosite\/wp-json\/wp\/v2\/media\/39393"}],"wp:attachment":[{"href":"https:\/\/www.iceagetv.com\/radiosite\/wp-json\/wp\/v2\/media?parent=39392"}],"wp:term":[{"taxonomy":"category","embeddable":true,"href":"https:\/\/www.iceagetv.com\/radiosite\/wp-json\/wp\/v2\/categories?post=39392"},{"taxonomy":"post_tag","embeddable":true,"href":"https:\/\/www.iceagetv.com\/radiosite\/wp-json\/wp\/v2\/tags?post=39392"}],"curies":[{"name":"wp","href":"https:\/\/api.w.org\/{rel}","templated":true}]}}