{"id":3944,"date":"2016-02-14T19:39:15","date_gmt":"2016-02-14T19:39:15","guid":{"rendered":"http:\/\/www.iceagetv.com\/radiosite\/?p=3944"},"modified":"2016-02-14T19:39:15","modified_gmt":"2016-02-14T19:39:15","slug":"serge-aurier-mis-a-pied-paris-sg-apres-video","status":"publish","type":"post","link":"https:\/\/www.iceagetv.com\/radiosite\/serge-aurier-mis-a-pied-paris-sg-apres-video\/","title":{"rendered":"Serge Aurier mis \u00e0 pied par le Paris-SG apr\u00e8s sa vid\u00e9o"},"content":{"rendered":"<p>\n\tDans la tourmente apr&egrave;s une vid&eacute;o diffus&eacute;e ce samedi soir&nbsp;o&ugrave; on le voit insulter notamment son entra&icirc;neur Laurent Blanc, le d&eacute;fenseur du Paris-SG Serge Aurier a &eacute;t&eacute; mis &agrave; pied par son club ce dimanche soir. Le PSG vient d&#39;officialiser dans un communiqu&eacute; cette sanction,&nbsp;que nous annoncions plus t&ocirc;t dans la journ&eacute;e&nbsp;:&nbsp;&laquo;A la suite d&#39;un &eacute;change avec M. Nasser Al-Khela&iuml;fi, le club a d&eacute;cid&eacute; d&#39;ouvrir &agrave; l&#39;&eacute;gard du joueur une proc&eacute;dure disciplinaire assortie d&#39;une mise &agrave; pied conservatoire. Serge Aurier ne figurera donc pas dans le groupe qui affrontera Chelsea, ce mardi, dans le cadre de l&#39;UEFA Champions League.&raquo;\n<\/p>\n<p>\n\t&laquo;Cette vid&eacute;o, tourn&eacute;e dans un cadre priv&eacute;, contient des propos clairement inadmissibles venant d&rsquo;un joueur du Paris Saint-Germain, envers certains co&eacute;quipiers et particuli&egrave;rement envers l&rsquo;entra&icirc;neur Laurent Blanc. Le Paris Saint-Germain tient &agrave; manifester son soutien le plus total &agrave; son entra&icirc;neur, Laurent Blanc, et aux joueurs qui ont pu, &agrave; juste titre, se sentir offens&eacute;s par des propos contraires &agrave; toutes les valeurs du Club,rajoute le PSG, qui cible&nbsp;&laquo;des propos clairement inadmissibles, envers certains co&eacute;quipiers et particuli&egrave;rement envers l&rsquo;entra&icirc;neur Laurent Blanc&raquo;, et donne aussi la parole au pr&eacute;sident Nasser Al-Khela&iuml;fi.<\/p>\n<p>\t&laquo;J&rsquo;ai pris la d&eacute;cision de mettre &agrave; pied Serge Aurier. Le Paris Saint-Germain est une institution tr&egrave;s forte &agrave; laquelle personne ne peut toucher,&nbsp;souligne le dirigeant.&nbsp;Je ne laisserai personne mettre en difficult&eacute; le club et nous d&eacute;tourner de nos objectifs, &agrave; commencer par notre rendez-vous contre Chelsea, tr&egrave;s attendu par notre public.&nbsp;Toutes les &eacute;nergies du club, celles des joueurs comme celles de l&rsquo;entra&icirc;neur et de son staff, sont d&eacute;sormais concentr&eacute;es sur cette &eacute;ch&eacute;ance capitale et prioritaire pour nous et pour tous nos fans.&nbsp;&raquo;<\/p>\n","protected":false},"excerpt":{"rendered":"<p>Dans la tourmente apr&egrave;s une vid&eacute;o diffus&eacute;e ce samedi soir&nbsp;o&ugrave; on le voit insulter notamment son entra&icirc;neur Laurent Blanc, le d&eacute;fenseur du Paris-SG Serge Aurier a &eacute;t&eacute; mis &agrave; pied par son club ce dimanche soir. Le PSG vient d&#39;officialiser dans un communiqu&eacute; cette sanction,&nbsp;que nous annoncions plus t&ocirc;t dans la journ&eacute;e&nbsp;:&nbsp;&laquo;A la suite d&#39;un [&hellip;]<\/p>\n","protected":false},"author":2,"featured_media":3946,"comment_status":"open","ping_status":"open","sticky":false,"template":"","format":"standard","meta":{"_jetpack_memberships_contains_paid_content":false,"footnotes":"","jetpack_publicize_message":"","jetpack_publicize_feature_enabled":true,"jetpack_social_post_already_shared":false,"jetpack_social_options":{"image_generator_settings":{"template":"highway","default_image_id":0,"font":"","enabled":false},"version":2},"_wpas_customize_per_network":false},"categories":[18],"tags":[910],"class_list":["post-3944","post","type-post","status-publish","format-standard","has-post-thumbnail","hentry","category-actu-sport","tag-serge-aurier"],"jetpack_publicize_connections":[],"jetpack_featured_media_url":"https:\/\/i0.wp.com\/www.iceagetv.com\/radiosite\/wp-content\/uploads\/2016\/02\/Serge-Aurier.jpg?fit=665%2C335&ssl=1","jetpack_sharing_enabled":true,"_links":{"self":[{"href":"https:\/\/www.iceagetv.com\/radiosite\/wp-json\/wp\/v2\/posts\/3944","targetHints":{"allow":["GET"]}}],"collection":[{"href":"https:\/\/www.iceagetv.com\/radiosite\/wp-json\/wp\/v2\/posts"}],"about":[{"href":"https:\/\/www.iceagetv.com\/radiosite\/wp-json\/wp\/v2\/types\/post"}],"author":[{"embeddable":true,"href":"https:\/\/www.iceagetv.com\/radiosite\/wp-json\/wp\/v2\/users\/2"}],"replies":[{"embeddable":true,"href":"https:\/\/www.iceagetv.com\/radiosite\/wp-json\/wp\/v2\/comments?post=3944"}],"version-history":[{"count":1,"href":"https:\/\/www.iceagetv.com\/radiosite\/wp-json\/wp\/v2\/posts\/3944\/revisions"}],"predecessor-version":[{"id":3947,"href":"https:\/\/www.iceagetv.com\/radiosite\/wp-json\/wp\/v2\/posts\/3944\/revisions\/3947"}],"wp:featuredmedia":[{"embeddable":true,"href":"https:\/\/www.iceagetv.com\/radiosite\/wp-json\/wp\/v2\/media\/3946"}],"wp:attachment":[{"href":"https:\/\/www.iceagetv.com\/radiosite\/wp-json\/wp\/v2\/media?parent=3944"}],"wp:term":[{"taxonomy":"category","embeddable":true,"href":"https:\/\/www.iceagetv.com\/radiosite\/wp-json\/wp\/v2\/categories?post=3944"},{"taxonomy":"post_tag","embeddable":true,"href":"https:\/\/www.iceagetv.com\/radiosite\/wp-json\/wp\/v2\/tags?post=3944"}],"curies":[{"name":"wp","href":"https:\/\/api.w.org\/{rel}","templated":true}]}}