{"id":39476,"date":"2025-11-01T15:33:23","date_gmt":"2025-11-01T14:33:23","guid":{"rendered":"https:\/\/www.iceagetv.com\/radiosite\/?p=39476"},"modified":"2025-11-01T15:33:26","modified_gmt":"2025-11-01T14:33:26","slug":"cambriolage-du-louvre-une-suspecte-de-38-ans-mise-en-examen-pour-complicite-de-vol-en-bande-organisee","status":"publish","type":"post","link":"https:\/\/www.iceagetv.com\/radiosite\/cambriolage-du-louvre-une-suspecte-de-38-ans-mise-en-examen-pour-complicite-de-vol-en-bande-organisee\/","title":{"rendered":"Cambriolage du Louvre: une suspecte de 38 ans mise en examen pour complicit\u00e9 de vol en bande organis\u00e9e"},"content":{"rendered":"\n<p class=\"\">Cinq nouvelles interpellations li\u00e9es \u00e0 ce cambriolage spectaculaire avaient \u00e9t\u00e9 annonc\u00e9es jeudi matin par la procureure de Paris, Laure Beccuau.<\/p>\n\n\n\n<p class=\"\">Une suspecte dans&nbsp;<a href=\"https:\/\/www.bfmtv.com\/police-justice\/cambriolage-du-louvre-rachida-dati-affirme-que-les-risques-intrusion-et-vol-ont-ete-sous-estimes-des-mesures-annoncees_AN-202510310506.html\">l&rsquo;affaire du cambriolage au Louvre<\/a>&nbsp;a \u00e9t\u00e9 mise en examen ce samedi 1er novembre pour complicit\u00e9 de vol en bande organis\u00e9e et association de malfaiteurs en vue d&rsquo;un crime, a appris BFMTV. Cette femme \u00e2g\u00e9e de 38 ans comparaissait ce samedi apr\u00e8s-midi devant un juge des libert\u00e9s et de la d\u00e9tention qui devait statuer sur son \u00e9ventuelle d\u00e9tention, r\u00e9clam\u00e9e par le parquet.<\/p>\n\n\n\n<p class=\"\">Un autre suspect \u00e9tait en cours de d\u00e9f\u00e8rement en vue d&rsquo;une mise en examen ce samedi, a par ailleurs appris BFMTV d&rsquo;une source proche de l&rsquo;enqu\u00eate, confirmant une information de l&rsquo;AFP. Plusieurs gardes \u00e0 vue ont d\u00e9j\u00e0 \u00e9t\u00e9 lev\u00e9es.Au total, cinq nouvelles interpellations li\u00e9es \u00e0 ce cambriolage spectaculaire avaient \u00e9t\u00e9 annonc\u00e9es jeudi matin par la procureure de Paris, Laure Beccuau, qui avait pr\u00e9cis\u00e9 que les bijoux vol\u00e9s, estim\u00e9s \u00e0 88 millions d&rsquo;euros, restaient introuvables. L&rsquo;une des cinq personnes arr\u00eat\u00e9es a \u00e9t\u00e9 remise en libert\u00e9 sans poursuites, ont fait savoir samedi \u00e0 l&rsquo;AFP ses avocates, Sofia Bougrine et No\u00e9mie Gorin.<\/p>\n\n\n\n<p class=\"\">Deux premi\u00e8res arrestations avaient eu lieu le 25 octobre dernier. Les deux hommes, \u00e2g\u00e9s de 34 et 39 ans, sont&nbsp;<a href=\"https:\/\/www.bfmtv.com\/police-justice\/cambriolage-du-louvre-l-un-des-deux-suspects-arretes-mis-en-examen-et-place-en-detention-provisoire_AN-202510290843.html\">mis en examen et \u00e9crou\u00e9s<\/a>, depuis ce mercredi, pour \u00ab\u00a0vol en bande organis\u00e9e, et pour association de malfaiteurs en vue de commettre un crime\u00a0\u00bb. Ils sont soup\u00e7onn\u00e9s d&rsquo;\u00eatre ceux qui ont \u00ab\u00a0p\u00e9n\u00e9tr\u00e9 dans la galerie d&rsquo;Apollon pour s&#8217;emparer des bijoux\u00a0\u00bb, ont&nbsp;<a href=\"https:\/\/www.bfmtv.com\/police-justice\/cambriolage-au-louvre-aveux-partiels-bijoux-non-retrouves-ce-qu-il-faut-retenir-de-la-conference-de-presse-de-la-procureure_AV-202510290689.html\">\u00ab\u00a0partiellement reconnu les faits\u00a0\u00bb<\/a>, selon la procureure de la R\u00e9publique.<\/p>\n\n\n\n<h2 class=\"wp-block-heading\" id=\"c658n\">Les bijoux \u00ab\u00a0toujours introuvables\u00a0\u00bb<\/h2>\n\n\n\n<p class=\"\">Le butin du cambriolage du mus\u00e9e parisien est estim\u00e9 \u00e0 88 millions d&rsquo;euros. Les bijoux, eux, sont \u00ab\u00a0toujours introuvables\u00a0\u00bb, a d\u00e9plor\u00e9 ce mercredi Laure Beccuau qui appelle \u00e0 \u00ab\u00a0restituer \u00ab\u00a0ces joyaux d\u00e9sormais invendables\u00a0\u00bb.Au total,\u00a0<a href=\"https:\/\/www.bfmtv.com\/culture\/cambriolage-au-louvre-quels-sont-les-bijoux-presents-dans-la-galerie-apollon-visee-par-les-malfaiteurs_AN-202510190276.html\">huit objets<\/a>\u00a0ont \u00e9t\u00e9 d\u00e9rob\u00e9s. Il s&rsquo;agit notamment d&rsquo;un collier et d&rsquo;une boucle d&rsquo;oreille de la collection Marie-Louise, ainsi qu&rsquo;un collier, une paire de boucles d&rsquo;oreilles et un diad\u00e8me des collections Marie-Am\u00e9lie et Hortense. Selon la justice, \u00ab\u00a0deux broches dont une dite reliquaire, un n\u0153ud de corsage et un diad\u00e8me de la collection de l&rsquo;imp\u00e9ratrice Eug\u00e9nie\u00a0\u00bb, ont \u00e9t\u00e9 aussi \u00e9t\u00e9 vol\u00e9s.<\/p>\n","protected":false},"excerpt":{"rendered":"<p>Cinq nouvelles interpellations li\u00e9es \u00e0 ce cambriolage spectaculaire avaient \u00e9t\u00e9 annonc\u00e9es jeudi matin par la procureure de Paris, Laure Beccuau. Une suspecte dans&nbsp;l&rsquo;affaire du cambriolage au Louvre&nbsp;a \u00e9t\u00e9 mise en examen ce samedi 1er novembre pour complicit\u00e9 de vol en bande organis\u00e9e et association de malfaiteurs en vue d&rsquo;un crime, a appris BFMTV. Cette femme [&hellip;]<\/p>\n","protected":false},"author":2,"featured_media":39434,"comment_status":"open","ping_status":"open","sticky":false,"template":"","format":"standard","meta":{"_jetpack_memberships_contains_paid_content":false,"footnotes":"","jetpack_publicize_message":"","jetpack_publicize_feature_enabled":true,"jetpack_social_post_already_shared":true,"jetpack_social_options":{"image_generator_settings":{"template":"highway","default_image_id":0,"font":"","enabled":true,"token":"eyJpbWciOiJodHRwczpcL1wvd3d3LmljZWFnZXR2LmNvbVwvcmFkaW9zaXRlXC93cC1jb250ZW50XC91cGxvYWRzXC8yMDI1XC8xMFwvR0FPSTRtR1kuanBnIiwidHh0IjoiQ2FtYnJpb2xhZ2UgZHUgTG91dnJlOiB1bmUgc3VzcGVjdGUgZGUgMzggYW5zIG1pc2UgZW4gZXhhbWVuIHBvdXIgY29tcGxpY2l0XHUwMGU5IGRlIHZvbCBlbiBiYW5kZSBvcmdhbmlzXHUwMGU5ZSIsInRlbXBsYXRlIjoiaGlnaHdheSIsImZvbnQiOiIiLCJibG9nX2lkIjoxMTEwMTY0NjF9.n5HciDNwmtyTJdZnj1PV1BZfLrPZUX2ZNFyQnaqGVFQMQ"},"version":2},"_wpas_customize_per_network":false},"categories":[405],"tags":[],"class_list":["post-39476","post","type-post","status-publish","format-standard","has-post-thumbnail","hentry","category-actu-france-monde"],"jetpack_publicize_connections":[],"jetpack_featured_media_url":"https:\/\/i0.wp.com\/www.iceagetv.com\/radiosite\/wp-content\/uploads\/2025\/10\/GAOI4mGY.jpg?fit=679%2C293&ssl=1","jetpack_sharing_enabled":true,"_links":{"self":[{"href":"https:\/\/www.iceagetv.com\/radiosite\/wp-json\/wp\/v2\/posts\/39476","targetHints":{"allow":["GET"]}}],"collection":[{"href":"https:\/\/www.iceagetv.com\/radiosite\/wp-json\/wp\/v2\/posts"}],"about":[{"href":"https:\/\/www.iceagetv.com\/radiosite\/wp-json\/wp\/v2\/types\/post"}],"author":[{"embeddable":true,"href":"https:\/\/www.iceagetv.com\/radiosite\/wp-json\/wp\/v2\/users\/2"}],"replies":[{"embeddable":true,"href":"https:\/\/www.iceagetv.com\/radiosite\/wp-json\/wp\/v2\/comments?post=39476"}],"version-history":[{"count":1,"href":"https:\/\/www.iceagetv.com\/radiosite\/wp-json\/wp\/v2\/posts\/39476\/revisions"}],"predecessor-version":[{"id":39477,"href":"https:\/\/www.iceagetv.com\/radiosite\/wp-json\/wp\/v2\/posts\/39476\/revisions\/39477"}],"wp:featuredmedia":[{"embeddable":true,"href":"https:\/\/www.iceagetv.com\/radiosite\/wp-json\/wp\/v2\/media\/39434"}],"wp:attachment":[{"href":"https:\/\/www.iceagetv.com\/radiosite\/wp-json\/wp\/v2\/media?parent=39476"}],"wp:term":[{"taxonomy":"category","embeddable":true,"href":"https:\/\/www.iceagetv.com\/radiosite\/wp-json\/wp\/v2\/categories?post=39476"},{"taxonomy":"post_tag","embeddable":true,"href":"https:\/\/www.iceagetv.com\/radiosite\/wp-json\/wp\/v2\/tags?post=39476"}],"curies":[{"name":"wp","href":"https:\/\/api.w.org\/{rel}","templated":true}]}}