{"id":39483,"date":"2025-11-02T08:21:58","date_gmt":"2025-11-02T07:21:58","guid":{"rendered":"https:\/\/www.iceagetv.com\/radiosite\/?p=39483"},"modified":"2025-11-02T08:22:00","modified_gmt":"2025-11-02T07:22:00","slug":"accusations-de-viols-au-tribunal-de-bobigny-les-deux-policiers-interpelles-ont-ete-mis-en-examen-et-places-en-detention-provisoire","status":"publish","type":"post","link":"https:\/\/www.iceagetv.com\/radiosite\/accusations-de-viols-au-tribunal-de-bobigny-les-deux-policiers-interpelles-ont-ete-mis-en-examen-et-places-en-detention-provisoire\/","title":{"rendered":"Accusations de viols au tribunal de Bobigny : les deux policiers interpell\u00e9s ont \u00e9t\u00e9 mis en examen et plac\u00e9s en d\u00e9tention provisoire"},"content":{"rendered":"\n<p class=\"\">Les deux policiers&nbsp;<a href=\"https:\/\/www.franceinfo.fr\/societe\/harcelement-sexuel\/ce-que-l-on-sait-de-l-affaire-des-policiers-accuses-d-avoir-viole-une-femme-au-depot-du-tribunal-de-bobigny_7586696.html\">accus\u00e9s d&rsquo;avoir viol\u00e9 une femme<\/a>&nbsp;au d\u00e9p\u00f4t du tribunal de Bobigny (Seine-Saint-Denis) ont \u00e9t\u00e9 mis en examen et plac\u00e9s en d\u00e9tention provisoire, samedi 1er novembre, a annonc\u00e9 le parquet de Paris en d\u00e9but de soir\u00e9e. Les deux hommes, \u00e2g\u00e9s de 23 ans et 35 ans, ont \u00e9t\u00e9 mis en examen des chefs de viols et agressions sexuelles par personnes abusant de l&rsquo;autorit\u00e9 conf\u00e9r\u00e9e par leurs fonctions.<\/p>\n\n\n\n<p class=\"\">Les faits se sont produits au d\u00e9p\u00f4t du tribunal de Bobigny, dans une cellule au sous-sol du b\u00e2timent, dans la nuit du mardi 28 au mercredi 29 octobre.&nbsp;La jeune femme \u00e9tait au moment des faits qu&rsquo;elle d\u00e9nonce&nbsp;<em>\u00ab\u00a0d\u00e9f\u00e9r\u00e9e au parquet de Bobigny pour des faits de soustraction par un parent \u00e0 ses obligations l\u00e9gales compromettant la sant\u00e9, la s\u00e9curit\u00e9, la moralit\u00e9 ou l&rsquo;\u00e9ducation de son enfant\u00a0\u00bb<\/em>, rappelle le parquet.<\/p>\n\n\n\n<h2 class=\"wp-block-heading\">Ils affirment que les relations \u00e9taient consenties<\/h2>\n\n\n\n<p class=\"\">Les deux fonctionnaires ont reconnu des relations sexuelles avec cette femme de 26 ans, mais ont affirm\u00e9 qu&rsquo;elles \u00e9taient consenties, selon les informations de franceinfo.&nbsp;<em>\u00ab\u00a0Le seul port d&rsquo;un uniforme ne nous permet pas d&rsquo;affirmer que celui-ci exer\u00e7ait une quelconque contrainte sur une personne qu&rsquo;il dit \u00eatre seule \u00e0 l&rsquo;initiative de ce qu&rsquo;il s&rsquo;est pass\u00e9\u00a0\u00bb<\/em>, a aussi estim\u00e9 Xavier Nogueras, l&rsquo;un des avocats de l&rsquo;homme de 35 ans.<\/p>\n\n\n\n<p class=\"\">L&rsquo;un des deux policiers&nbsp;<a href=\"https:\/\/www.franceinfo.fr\/societe\/violences-faites-aux-femmes\/policiers-accuses-de-viols-au-tribunal-de-bobigny-l-un-des-suspects-a-filme-la-scene_7588781.html\">a film\u00e9 la sc\u00e8ne<\/a>&nbsp;et sauvegard\u00e9 la vid\u00e9o dans son t\u00e9l\u00e9phone portable, a par ailleurs appris franceinfo de source proche, confirmant une information du&nbsp;<em><a href=\"https:\/\/www.leparisien.fr\/faits-divers\/victime-vulnerable-cellules-individuelles-jeunes-policiers-les-dessous-de-laffaire-de-viol-au-tribunal-de-bobigny-31-10-2025-KWOVYAGXPBDJHMJYUVJEWTHKMU.php\" target=\"_blank\" rel=\"noreferrer noopener\">Parisien(Nouvelle fen\u00eatre)(Nouvelle fen\u00eatre)<\/a><\/em>. L&rsquo;Inspection g\u00e9n\u00e9rale de la police nationale (IGPN) a \u00e9t\u00e9 saisie de l&rsquo;enqu\u00eate du chef de \u00ab\u00a0viols par personne abusant de l&rsquo;autorit\u00e9 que lui conf\u00e8rent ses fonctions\u00a0\u00bb.&nbsp;<em>\u00ab\u00a0S&rsquo;ils sont av\u00e9r\u00e9s, ces agissements sont extraordinairement graves et inacceptables\u00a0\u00bb<\/em>, avait r\u00e9agi jeudi le ministre de l&rsquo;Int\u00e9rieur Laurent Nu\u00f1ez.<\/p>\n","protected":false},"excerpt":{"rendered":"<p>Les deux policiers&nbsp;accus\u00e9s d&rsquo;avoir viol\u00e9 une femme&nbsp;au d\u00e9p\u00f4t du tribunal de Bobigny (Seine-Saint-Denis) ont \u00e9t\u00e9 mis en examen et plac\u00e9s en d\u00e9tention provisoire, samedi 1er novembre, a annonc\u00e9 le parquet de Paris en d\u00e9but de soir\u00e9e. Les deux hommes, \u00e2g\u00e9s de 23 ans et 35 ans, ont \u00e9t\u00e9 mis en examen des chefs de viols [&hellip;]<\/p>\n","protected":false},"author":2,"featured_media":39484,"comment_status":"open","ping_status":"open","sticky":false,"template":"","format":"standard","meta":{"_jetpack_memberships_contains_paid_content":false,"footnotes":"","jetpack_publicize_message":"","jetpack_publicize_feature_enabled":true,"jetpack_social_post_already_shared":true,"jetpack_social_options":{"image_generator_settings":{"template":"highway","default_image_id":0,"font":"","enabled":true,"token":"eyJpbWciOiJodHRwczpcL1wvd3d3LmljZWFnZXR2LmNvbVwvcmFkaW9zaXRlXC93cC1jb250ZW50XC91cGxvYWRzXC8yMDI1XC8xMVwvQWNjdXNhdGlvbnMtZGUtdmlvbHMtYXUtdHJpYnVuYWwtZGUtQm9iaWdueS5qcGciLCJ0eHQiOiJBY2N1c2F0aW9ucyBkZSB2aW9scyBhdSB0cmlidW5hbCBkZSBCb2JpZ255IDogbGVzIGRldXggcG9saWNpZXJzIGludGVycGVsbFx1MDBlOXMgb250IFx1MDBlOXRcdTAwZTkgbWlzIGVuIGV4YW1lbiBldCBwbGFjXHUwMGU5cyBlbiBkXHUwMGU5dGVudGlvbiBwcm92aXNvaXJlIiwidGVtcGxhdGUiOiJoaWdod2F5IiwiZm9udCI6IiIsImJsb2dfaWQiOjExMTAxNjQ2MX0.ZWhqdjd8tm28vyQLr3W_A3MZJe5eBUPP3iG9kIoJr2QMQ"},"version":2},"_wpas_customize_per_network":false},"categories":[405],"tags":[],"class_list":["post-39483","post","type-post","status-publish","format-standard","has-post-thumbnail","hentry","category-actu-france-monde"],"jetpack_publicize_connections":[],"jetpack_featured_media_url":"https:\/\/i0.wp.com\/www.iceagetv.com\/radiosite\/wp-content\/uploads\/2025\/11\/Accusations-de-viols-au-tribunal-de-Bobigny.jpg?fit=830%2C445&ssl=1","jetpack_sharing_enabled":true,"_links":{"self":[{"href":"https:\/\/www.iceagetv.com\/radiosite\/wp-json\/wp\/v2\/posts\/39483","targetHints":{"allow":["GET"]}}],"collection":[{"href":"https:\/\/www.iceagetv.com\/radiosite\/wp-json\/wp\/v2\/posts"}],"about":[{"href":"https:\/\/www.iceagetv.com\/radiosite\/wp-json\/wp\/v2\/types\/post"}],"author":[{"embeddable":true,"href":"https:\/\/www.iceagetv.com\/radiosite\/wp-json\/wp\/v2\/users\/2"}],"replies":[{"embeddable":true,"href":"https:\/\/www.iceagetv.com\/radiosite\/wp-json\/wp\/v2\/comments?post=39483"}],"version-history":[{"count":1,"href":"https:\/\/www.iceagetv.com\/radiosite\/wp-json\/wp\/v2\/posts\/39483\/revisions"}],"predecessor-version":[{"id":39485,"href":"https:\/\/www.iceagetv.com\/radiosite\/wp-json\/wp\/v2\/posts\/39483\/revisions\/39485"}],"wp:featuredmedia":[{"embeddable":true,"href":"https:\/\/www.iceagetv.com\/radiosite\/wp-json\/wp\/v2\/media\/39484"}],"wp:attachment":[{"href":"https:\/\/www.iceagetv.com\/radiosite\/wp-json\/wp\/v2\/media?parent=39483"}],"wp:term":[{"taxonomy":"category","embeddable":true,"href":"https:\/\/www.iceagetv.com\/radiosite\/wp-json\/wp\/v2\/categories?post=39483"},{"taxonomy":"post_tag","embeddable":true,"href":"https:\/\/www.iceagetv.com\/radiosite\/wp-json\/wp\/v2\/tags?post=39483"}],"curies":[{"name":"wp","href":"https:\/\/api.w.org\/{rel}","templated":true}]}}