{"id":39486,"date":"2025-11-02T11:34:40","date_gmt":"2025-11-02T10:34:40","guid":{"rendered":"https:\/\/www.iceagetv.com\/radiosite\/?p=39486"},"modified":"2025-11-02T11:34:43","modified_gmt":"2025-11-02T10:34:43","slug":"lappartement-parisien-dans-lequel-est-decede-claude-francois-le-11-mars-1978-vient-detre-vendu-pour-la-somme-de-un-million-deuro-sans-aucune-negociation","status":"publish","type":"post","link":"https:\/\/www.iceagetv.com\/radiosite\/lappartement-parisien-dans-lequel-est-decede-claude-francois-le-11-mars-1978-vient-detre-vendu-pour-la-somme-de-un-million-deuro-sans-aucune-negociation\/","title":{"rendered":"L&rsquo;appartement parisien dans lequel est d\u00e9c\u00e9d\u00e9 Claude Fran\u00e7ois, le 11 mars 1978, vient d&rsquo;\u00eatre vendu pour la somme de un million d&rsquo;euro, sans aucune n\u00e9gociation"},"content":{"rendered":"\n<p class=\"\">Selon Le Parisien, l&rsquo;appartement dans lequel est d\u00e9c\u00e9d\u00e9 Claude Fran\u00e7ois,&nbsp;le 11 mars 1978,&nbsp;\u00e0 Paris dans le 16e arrondissement vient d&rsquo;\u00eatre vendu pour un million d&rsquo;euro, sans aucune n\u00e9gociation.&nbsp;Le bien est situ\u00e9 au dernier \u00e9tage de l\u2019immeuble et offre une terrasse de 62m\u00b2, une pi\u00e8ce de vie traversante baign\u00e9e de lumi\u00e8re et une vue imprenable sur Paris jusqu\u2019\u00e0 la Tour Eiffel.&nbsp;<\/p>\n\n\n\n<p class=\"\">Estim\u00e9 \u00e0&nbsp;950.00 euros&nbsp;\u00e0 la fin de l\u2019ann\u00e9e 2024, l\u2019appartement est parti au prix de 1 million sans aucune n\u00e9gociation.&nbsp;<\/p>\n\n\n\n<p class=\"\">Interrog\u00e9e par&nbsp;Le Parisien, l&rsquo;acheteuse explique : \u2018<\/p>\n\n\n\n<p class=\"\">\u2018Je ne suis&nbsp;ni superstitieuse ni fan.&nbsp;J\u2019ai achet\u00e9 cet appartement au prix parce qu\u2019il a une&nbsp;vue exceptionnelle. Beaucoup de&nbsp;gens meurent chez eux, et puis cela remonte \u00e0 quarante-sept ans.\u2019\u2019&nbsp;<\/p>\n\n\n\n<p class=\"\">Pour m\u00e9moire, le chanteur poss\u00e9dait \u00e9galement le moulin de Dannemois dans l\u2019Essonne, transform\u00e9 depuis en mus\u00e9e. Apr\u00e8s des ann\u00e9es d\u2019entretien par la famille Lescure, ce bien mythique pourrait lui aussi changer de mains prochainement. \u2018\u2018Je travaille sur son rachat\u2026 La famille Lescure a fait un beau boulot, mais il faut se d\u00e9cider rapidement.\u2019\u2019 confiait Claude Fran\u00e7ois Junior au Buzz TV du Figaro en juin dernier.<\/p>\n","protected":false},"excerpt":{"rendered":"<p>Selon Le Parisien, l&rsquo;appartement dans lequel est d\u00e9c\u00e9d\u00e9 Claude Fran\u00e7ois,&nbsp;le 11 mars 1978,&nbsp;\u00e0 Paris dans le 16e arrondissement vient d&rsquo;\u00eatre vendu pour un million d&rsquo;euro, sans aucune n\u00e9gociation.&nbsp;Le bien est situ\u00e9 au dernier \u00e9tage de l\u2019immeuble et offre une terrasse de 62m\u00b2, une pi\u00e8ce de vie traversante baign\u00e9e de lumi\u00e8re et une vue imprenable sur [&hellip;]<\/p>\n","protected":false},"author":2,"featured_media":39487,"comment_status":"open","ping_status":"open","sticky":false,"template":"","format":"standard","meta":{"_jetpack_memberships_contains_paid_content":false,"footnotes":"","jetpack_publicize_message":"","jetpack_publicize_feature_enabled":true,"jetpack_social_post_already_shared":true,"jetpack_social_options":{"image_generator_settings":{"template":"highway","default_image_id":0,"font":"","enabled":true,"token":"eyJpbWciOiJodHRwczpcL1wvd3d3LmljZWFnZXR2LmNvbVwvcmFkaW9zaXRlXC93cC1jb250ZW50XC91cGxvYWRzXC8yMDI1XC8xMVwvTGFwcGFydGVtZW50LXBhcmlzaWVuLWRhbnMtbGVxdWVsLWVzdC1kZWNlZGUtQ2xhdWRlLUZyYW5jb2lzLmpwZyIsInR4dCI6IkwmIzgyMTc7YXBwYXJ0ZW1lbnQgcGFyaXNpZW4gZGFucyBsZXF1ZWwgZXN0IGRcdTAwZTljXHUwMGU5ZFx1MDBlOSBDbGF1ZGUgRnJhblx1MDBlN29pcywgbGUgMTEgbWFycyAxOTc4LCB2aWVudCBkJiM4MjE3O1x1MDBlYXRyZSB2ZW5kdSBwb3VyIGxhIHNvbW1lIGRlIHVuIG1pbGxpb24gZCYjODIxNztldXJvLCBzYW5zIGF1Y3VuZSBuXHUwMGU5Z29jaWF0aW9uIiwidGVtcGxhdGUiOiJoaWdod2F5IiwiZm9udCI6IiIsImJsb2dfaWQiOjExMTAxNjQ2MX0.ITf0HyrQeIQDDej1WgJjU5tOtSuHgDjFF9oBN57ZX04MQ"},"version":2},"_wpas_customize_per_network":false},"categories":[68],"tags":[],"class_list":["post-39486","post","type-post","status-publish","format-standard","has-post-thumbnail","hentry","category-actu-culturelle"],"jetpack_publicize_connections":[],"jetpack_featured_media_url":"https:\/\/i0.wp.com\/www.iceagetv.com\/radiosite\/wp-content\/uploads\/2025\/11\/Lappartement-parisien-dans-lequel-est-decede-Claude-Francois.jpg?fit=595%2C236&ssl=1","jetpack_sharing_enabled":true,"_links":{"self":[{"href":"https:\/\/www.iceagetv.com\/radiosite\/wp-json\/wp\/v2\/posts\/39486","targetHints":{"allow":["GET"]}}],"collection":[{"href":"https:\/\/www.iceagetv.com\/radiosite\/wp-json\/wp\/v2\/posts"}],"about":[{"href":"https:\/\/www.iceagetv.com\/radiosite\/wp-json\/wp\/v2\/types\/post"}],"author":[{"embeddable":true,"href":"https:\/\/www.iceagetv.com\/radiosite\/wp-json\/wp\/v2\/users\/2"}],"replies":[{"embeddable":true,"href":"https:\/\/www.iceagetv.com\/radiosite\/wp-json\/wp\/v2\/comments?post=39486"}],"version-history":[{"count":1,"href":"https:\/\/www.iceagetv.com\/radiosite\/wp-json\/wp\/v2\/posts\/39486\/revisions"}],"predecessor-version":[{"id":39488,"href":"https:\/\/www.iceagetv.com\/radiosite\/wp-json\/wp\/v2\/posts\/39486\/revisions\/39488"}],"wp:featuredmedia":[{"embeddable":true,"href":"https:\/\/www.iceagetv.com\/radiosite\/wp-json\/wp\/v2\/media\/39487"}],"wp:attachment":[{"href":"https:\/\/www.iceagetv.com\/radiosite\/wp-json\/wp\/v2\/media?parent=39486"}],"wp:term":[{"taxonomy":"category","embeddable":true,"href":"https:\/\/www.iceagetv.com\/radiosite\/wp-json\/wp\/v2\/categories?post=39486"},{"taxonomy":"post_tag","embeddable":true,"href":"https:\/\/www.iceagetv.com\/radiosite\/wp-json\/wp\/v2\/tags?post=39486"}],"curies":[{"name":"wp","href":"https:\/\/api.w.org\/{rel}","templated":true}]}}