{"id":39489,"date":"2025-11-02T14:06:38","date_gmt":"2025-11-02T13:06:38","guid":{"rendered":"https:\/\/www.iceagetv.com\/radiosite\/?p=39489"},"modified":"2025-11-02T15:10:40","modified_gmt":"2025-11-02T14:10:40","slug":"les-prix-a-la-consommation-ont-augmente-en-france-de-1-sur-un-an-en-octobre-mais-moins-quen-septembre-selon-lestimation-provisoire-de-linsee","status":"publish","type":"post","link":"https:\/\/www.iceagetv.com\/radiosite\/les-prix-a-la-consommation-ont-augmente-en-france-de-1-sur-un-an-en-octobre-mais-moins-quen-septembre-selon-lestimation-provisoire-de-linsee\/","title":{"rendered":"Les prix \u00e0 la consommation ont augment\u00e9 en France de 1% sur un an en octobre, mais moins qu\u2019en septembre, selon l\u2019estimation provisoire de l\u2019Insee"},"content":{"rendered":"\n<p class=\"\">Les prix \u00e0 la consommation ont augment\u00e9 en France de 1% sur un an en octobre, mais moins qu\u2019en septembre, gr\u00e2ce \u00e0 une baisse des prix de l\u2019\u00e9nergie et au ralentissement de ceux de l\u2019alimentation, selon l\u2019estimation provisoire de l\u2019Insee.<\/p>\n\n\n\n<p class=\"\">Les prix avaient rebondi de 1,2% en septembre. Le ralentissement d\u2019octobre \u00ab&nbsp;s\u2019expliquerait par une baisse plus soutenue des prix de l\u2019\u00e9nergie, tir\u00e9s par ceux du gaz et des produits p\u00e9troliers, et par le ralentissement des prix de l\u2019alimentation&nbsp;\u00bb, souligne l\u2019Institut national de la statistique et des \u00e9tudes \u00e9conomiques (Insee) dans un communiqu\u00e9.<\/p>\n\n\n\n<p class=\"\">Les prix de l\u2019\u00e9nergie ont plong\u00e9 de 5,6%. Les prix de l\u2019alimentation progressent de 1,3% (contre 1,7% en septembre), tir\u00e9s vers le bas par la baisse de 2,2% des prix des produits frais.<\/p>\n\n\n\n<p class=\"\">La hausse des prix des services reste stable par rapport \u00e0 septembre (\u00ab\u00a02,4%), comme ceux du tabac (\u00ab\u00a04,1%), tandis que \u00ab&nbsp;les prix des produits manufactur\u00e9s diminueraient \u00e0 un rythme tr\u00e8s l\u00e9g\u00e8rement plus soutenu qu\u2019au mois pr\u00e9c\u00e9dent&nbsp;\u00bb, -0,5%, ajoute l\u2019Insee.<\/p>\n\n\n\n<p class=\"\">Sur un mois en revanche, les prix sont repartis \u00e0 la hausse, \u00e0 +0,1%, apr\u00e8s un recul de 0,1% en septembre: \u00ab&nbsp;cette l\u00e9g\u00e8re hausse des prix s\u2019expliquerait par l\u2019augmentation des prix des services, notamment ceux des services de transports, et dans une moindre mesure des prix des produits manufactur\u00e9s&nbsp;\u00bb, est-il pr\u00e9cis\u00e9 dans le communiqu\u00e9.<\/p>\n\n\n\n<p class=\"\">L\u2019Insee rel\u00e8ve qu\u2019\u00ab&nbsp;\u00e0 l\u2019inverse, les prix de l\u2019\u00e9nergie et de l\u2019alimentation diminueraient l\u00e9g\u00e8rement. Les prix du tabac seraient de nouveau stables sur un mois&nbsp;\u00bb.<\/p>\n\n\n\n<p class=\"\">L\u2019indice des prix \u00e0 la consommation harmonis\u00e9 (IPCH), qui permet les comparaisons au niveau europ\u00e9en, a augment\u00e9 de 0,9% en octobre, apr\u00e8s une hausse de 1,1&nbsp;% en septembre. Sur un mois, il rebondit de 0,1%, apr\u00e8s -1,1&nbsp;% le mois pr\u00e9c\u00e9dent.<\/p>\n","protected":false},"excerpt":{"rendered":"<p>Les prix \u00e0 la consommation ont augment\u00e9 en France de 1% sur un an en octobre, mais moins qu\u2019en septembre, gr\u00e2ce \u00e0 une baisse des prix de l\u2019\u00e9nergie et au ralentissement de ceux de l\u2019alimentation, selon l\u2019estimation provisoire de l\u2019Insee. Les prix avaient rebondi de 1,2% en septembre. Le ralentissement d\u2019octobre \u00ab&nbsp;s\u2019expliquerait par une baisse [&hellip;]<\/p>\n","protected":false},"author":2,"featured_media":39490,"comment_status":"open","ping_status":"open","sticky":false,"template":"","format":"standard","meta":{"_jetpack_memberships_contains_paid_content":false,"footnotes":"","jetpack_publicize_message":"","jetpack_publicize_feature_enabled":true,"jetpack_social_post_already_shared":true,"jetpack_social_options":{"image_generator_settings":{"template":"highway","default_image_id":0,"font":"","enabled":true,"token":"eyJpbWciOiJodHRwczpcL1wvd3d3LmljZWFnZXR2LmNvbVwvcmFkaW9zaXRlXC93cC1jb250ZW50XC91cGxvYWRzXC8yMDI1XC8xMVwvUzNvRDZRNUkuanBnIiwidHh0IjoiTGVzIHByaXggXHUwMGUwIGxhIGNvbnNvbW1hdGlvbiBvbnQgYXVnbWVudFx1MDBlOSBlbiBGcmFuY2UgZGUgMSUgc3VyIHVuIGFuIGVuIG9jdG9icmUsIG1haXMgbW9pbnMgcXVcdTIwMTllbiBzZXB0ZW1icmUsIHNlbG9uIGxcdTIwMTllc3RpbWF0aW9uIHByb3Zpc29pcmUgZGUgbFx1MjAxOUluc2VlIiwidGVtcGxhdGUiOiJoaWdod2F5IiwiZm9udCI6IiIsImJsb2dfaWQiOjExMTAxNjQ2MX0.UIXLrDvqKZ2DRxk9PbNhNa03tavx04zf-LYRKp2mWHoMQ"},"version":2},"_wpas_customize_per_network":false},"categories":[405],"tags":[],"class_list":["post-39489","post","type-post","status-publish","format-standard","has-post-thumbnail","hentry","category-actu-france-monde"],"jetpack_publicize_connections":[],"jetpack_featured_media_url":"https:\/\/i0.wp.com\/www.iceagetv.com\/radiosite\/wp-content\/uploads\/2025\/11\/S3oD6Q5I.jpg?fit=679%2C293&ssl=1","jetpack_sharing_enabled":true,"_links":{"self":[{"href":"https:\/\/www.iceagetv.com\/radiosite\/wp-json\/wp\/v2\/posts\/39489","targetHints":{"allow":["GET"]}}],"collection":[{"href":"https:\/\/www.iceagetv.com\/radiosite\/wp-json\/wp\/v2\/posts"}],"about":[{"href":"https:\/\/www.iceagetv.com\/radiosite\/wp-json\/wp\/v2\/types\/post"}],"author":[{"embeddable":true,"href":"https:\/\/www.iceagetv.com\/radiosite\/wp-json\/wp\/v2\/users\/2"}],"replies":[{"embeddable":true,"href":"https:\/\/www.iceagetv.com\/radiosite\/wp-json\/wp\/v2\/comments?post=39489"}],"version-history":[{"count":1,"href":"https:\/\/www.iceagetv.com\/radiosite\/wp-json\/wp\/v2\/posts\/39489\/revisions"}],"predecessor-version":[{"id":39491,"href":"https:\/\/www.iceagetv.com\/radiosite\/wp-json\/wp\/v2\/posts\/39489\/revisions\/39491"}],"wp:featuredmedia":[{"embeddable":true,"href":"https:\/\/www.iceagetv.com\/radiosite\/wp-json\/wp\/v2\/media\/39490"}],"wp:attachment":[{"href":"https:\/\/www.iceagetv.com\/radiosite\/wp-json\/wp\/v2\/media?parent=39489"}],"wp:term":[{"taxonomy":"category","embeddable":true,"href":"https:\/\/www.iceagetv.com\/radiosite\/wp-json\/wp\/v2\/categories?post=39489"},{"taxonomy":"post_tag","embeddable":true,"href":"https:\/\/www.iceagetv.com\/radiosite\/wp-json\/wp\/v2\/tags?post=39489"}],"curies":[{"name":"wp","href":"https:\/\/api.w.org\/{rel}","templated":true}]}}