{"id":39630,"date":"2025-11-06T06:18:04","date_gmt":"2025-11-06T05:18:04","guid":{"rendered":"https:\/\/www.iceagetv.com\/radiosite\/?p=39630"},"modified":"2025-11-06T06:18:07","modified_gmt":"2025-11-06T05:18:07","slug":"budget-2026-des-coupes-massives-prevues-dans-le-remboursement-des-cures-thermales","status":"publish","type":"post","link":"https:\/\/www.iceagetv.com\/radiosite\/budget-2026-des-coupes-massives-prevues-dans-le-remboursement-des-cures-thermales\/","title":{"rendered":"Budget 2026 : Des coupes massives pr\u00e9vues dans le remboursement des cures thermales"},"content":{"rendered":"\n<p class=\"\">Le gouvernement veut que l\u2019Assembl\u00e9e et le S\u00e9nat votent une baisse \u2013 de 65 % actuellement \u00e0 15 % \u2013 du taux de remboursement des cures thermaleslors que les n\u00e9gociations sont \u00e2pres \u00e0 l\u2019Assembl\u00e9e nationale sur le projet de budget de l\u2019Etat pour 2026 et celui pour la S\u00e9curit\u00e9 sociale, le gouvernement compte faire des \u00e9conomies sur les cures thermales. L\u2019ex\u00e9cutif a en effet confirm\u00e9 mercredi sa volont\u00e9 de couper massivement dans les remboursements.Si le Parlement ent\u00e9rine ce choix, le taux de remboursement des cures thermales passerait de 65 % actuellement \u00e0 15 % a indiqu\u00e9 la ministre d\u00e9l\u00e9gu\u00e9e charg\u00e9e de la Solidarit\u00e9, Charlotte Parmentier-Lecocq. Coupl\u00e9e \u00e0 la suppression du remboursement \u00e0 100 % pour les personnes en ALD (Affection de longue dur\u00e9e) d\u00e9j\u00e0 annonc\u00e9e, la mesure permettrait \u00ab une \u00e9conomie de 200 millions d\u2019euros \u00bb pour les comptes sociaux, selon la ministre qui s\u2019exprimait au S\u00e9nat.Les acteurs du secteur y voient une \u00ab aberration \u00bbLes acteurs du secteur r\u00e9unis aux rencontres du thermalisme \u00e0 La Bourboule sont, sans surprise, vent debout contre cette perspective. Ce serait \u00ab une catastrophe pour la sant\u00e9 \u00bb et une \u00ab aberration parce que \u00e7a priverait de soins efficaces un certain nombre de patients \u00bb, assure Thierry Dubois, pr\u00e9sident du Conseil national des \u00e9tablissements thermaux (CNETh) qui regroupe la totalit\u00e9 des 103 \u00e9tablissements thermaux.<\/p>\n","protected":false},"excerpt":{"rendered":"<p>Le gouvernement veut que l\u2019Assembl\u00e9e et le S\u00e9nat votent une baisse \u2013 de 65 % actuellement \u00e0 15 % \u2013 du taux de remboursement des cures thermaleslors que les n\u00e9gociations sont \u00e2pres \u00e0 l\u2019Assembl\u00e9e nationale sur le projet de budget de l\u2019Etat pour 2026 et celui pour la S\u00e9curit\u00e9 sociale, le gouvernement compte faire des [&hellip;]<\/p>\n","protected":false},"author":2,"featured_media":39631,"comment_status":"open","ping_status":"open","sticky":false,"template":"","format":"standard","meta":{"_jetpack_memberships_contains_paid_content":false,"footnotes":"","jetpack_publicize_message":"","jetpack_publicize_feature_enabled":true,"jetpack_social_post_already_shared":true,"jetpack_social_options":{"image_generator_settings":{"template":"highway","default_image_id":0,"font":"","enabled":true,"token":"eyJpbWciOiJodHRwczpcL1wvd3d3LmljZWFnZXR2LmNvbVwvcmFkaW9zaXRlXC93cC1jb250ZW50XC91cGxvYWRzXC8yMDI1XC8xMVwvMTQ0NHg5MjBfZm9ybXVsYWlyZS1kZS1kLWNsYXJhdGlvbi1kZS1yZXNzb3VyY2VzLWV0LXF1ZXN0aW9ubmFpcmUtZGUtcHJpc2UtZW4tY2hhcmdlLWQtdW5lLWN1cmUtdGhlcm1hbGUtZ2Fyby1waGFuaWUtcGhvdG8tYnktZ2Fyby1waGFuaWUtdmlhLWFmcC0xMDI0eDY1Mi5qcGVnIiwidHh0IjoiQnVkZ2V0IDIwMjYgOiBEZXMgY291cGVzIG1hc3NpdmVzIHByXHUwMGU5dnVlcyBkYW5zIGxlIHJlbWJvdXJzZW1lbnQgZGVzIGN1cmVzIHRoZXJtYWxlcyIsInRlbXBsYXRlIjoiaGlnaHdheSIsImZvbnQiOiIiLCJibG9nX2lkIjoxMTEwMTY0NjF9.nNZa5iB2YoZB2df2v1A36KZvXT3FreictZ-2Wt1GDZQMQ"},"version":2},"_wpas_customize_per_network":false},"categories":[405],"tags":[],"class_list":["post-39630","post","type-post","status-publish","format-standard","has-post-thumbnail","hentry","category-actu-france-monde"],"jetpack_publicize_connections":[],"jetpack_featured_media_url":"https:\/\/i0.wp.com\/www.iceagetv.com\/radiosite\/wp-content\/uploads\/2025\/11\/1444x920_formulaire-de-d-claration-de-ressources-et-questionnaire-de-prise-en-charge-d-une-cure-thermale-garo-phanie-photo-by-garo-phanie-via-afp.jpeg?fit=1444%2C920&ssl=1","jetpack_sharing_enabled":true,"_links":{"self":[{"href":"https:\/\/www.iceagetv.com\/radiosite\/wp-json\/wp\/v2\/posts\/39630","targetHints":{"allow":["GET"]}}],"collection":[{"href":"https:\/\/www.iceagetv.com\/radiosite\/wp-json\/wp\/v2\/posts"}],"about":[{"href":"https:\/\/www.iceagetv.com\/radiosite\/wp-json\/wp\/v2\/types\/post"}],"author":[{"embeddable":true,"href":"https:\/\/www.iceagetv.com\/radiosite\/wp-json\/wp\/v2\/users\/2"}],"replies":[{"embeddable":true,"href":"https:\/\/www.iceagetv.com\/radiosite\/wp-json\/wp\/v2\/comments?post=39630"}],"version-history":[{"count":1,"href":"https:\/\/www.iceagetv.com\/radiosite\/wp-json\/wp\/v2\/posts\/39630\/revisions"}],"predecessor-version":[{"id":39632,"href":"https:\/\/www.iceagetv.com\/radiosite\/wp-json\/wp\/v2\/posts\/39630\/revisions\/39632"}],"wp:featuredmedia":[{"embeddable":true,"href":"https:\/\/www.iceagetv.com\/radiosite\/wp-json\/wp\/v2\/media\/39631"}],"wp:attachment":[{"href":"https:\/\/www.iceagetv.com\/radiosite\/wp-json\/wp\/v2\/media?parent=39630"}],"wp:term":[{"taxonomy":"category","embeddable":true,"href":"https:\/\/www.iceagetv.com\/radiosite\/wp-json\/wp\/v2\/categories?post=39630"},{"taxonomy":"post_tag","embeddable":true,"href":"https:\/\/www.iceagetv.com\/radiosite\/wp-json\/wp\/v2\/tags?post=39630"}],"curies":[{"name":"wp","href":"https:\/\/api.w.org\/{rel}","templated":true}]}}