{"id":39669,"date":"2025-11-07T16:46:03","date_gmt":"2025-11-07T15:46:03","guid":{"rendered":"https:\/\/www.iceagetv.com\/radiosite\/?p=39669"},"modified":"2025-11-07T16:46:05","modified_gmt":"2025-11-07T15:46:05","slug":"philharmonie-de-paris-quatre-personnes-en-garde-a-vue-a-la-suite-de-graves-incidents-lors-du-concert-dun-orchestre-israelien-jeudi-soir","status":"publish","type":"post","link":"https:\/\/www.iceagetv.com\/radiosite\/philharmonie-de-paris-quatre-personnes-en-garde-a-vue-a-la-suite-de-graves-incidents-lors-du-concert-dun-orchestre-israelien-jeudi-soir\/","title":{"rendered":"Philharmonie de Paris\u00a0: quatre personnes en garde \u00e0 vue \u00e0 la suite de \u00ab\u00a0graves incidents\u00a0\u00bb lors du\u00a0concert d\u2019un orchestre isra\u00e9lien jeudi soir"},"content":{"rendered":"\n<p class=\"\">La Philharmonie, qui a port\u00e9 plainte, a pr\u00e9cis\u00e9 que des spectateurs avaient tent\u00e9 d\u2019interrompre le concert, dont deux fois en faisant usage de fumig\u00e8nes. Des affrontements ont eu lieu mais le concert s\u2019est achev\u00e9 dans le calme apr\u00e8s l\u2019\u00e9vacuation des \u00ab\u00a0fauteurs de troubles\u00a0\u00bb.Quatre personnes ont \u00e9t\u00e9 plac\u00e9es en garde \u00e0 vue, vendredi 7\u00a0novembre, \u00e0 la suite des incidents survenus jeudi soir \u00e0 la Philharmonie de Paris lors d\u2019un concert de l\u2019Orchestre philharmonique d\u2019Isra\u00ebl, a fait savoir le parquet de Paris \u00e0 l\u2019Agence France-Presse. Trois sont gard\u00e9es \u00e0 vue pour participation \u00e0 un groupement en vue de commettre des violences ou d\u00e9gradations et une pour organisation d\u2019une manifestation non d\u00e9clar\u00e9e. Il s\u2019agit de trois hommes et d\u2019une femme.Vous pouvez partager un article en cliquant sur les ic\u00f4nes de partage en haut \u00e0 droite de celui-ci.<br>La reproduction totale ou partielle d\u2019un article, sans l\u2019autorisation \u00e9crite et pr\u00e9alable du <a href=\"https:\/\/www.lemonde.fr\">Monde<\/a>, est strictement interdite.<br><\/p>\n\n\n\n<p class=\"\">L\u2019un des hommes, \u00e2g\u00e9 d\u2019une vingtaine d\u2019ann\u00e9es, est \u00ab&nbsp;fich\u00e9&nbsp;S&nbsp;\u00bb pour ses liens avec la <em>\u00ab&nbsp;mouvance contestataire&nbsp;\u00bb<\/em>, selon une source proche du dossier.<\/p>\n\n\n\n<p class=\"\"><em>\u00ab&nbsp;La Cit\u00e9 de la musique-Philharmonie de Paris d\u00e9plore et condamne fermement les graves incidents survenus dans la grande salle Pierre-Boulez durant le concert donn\u00e9 par l\u2019Israel Philharmonic Orchestra sous la direction de Lahav Shani avec le pianiste sir Andr\u00e1s Schiff&nbsp;\u00bb<\/em>, a annonc\u00e9 l\u2019\u00e9tablissement dans un communiqu\u00e9. <em>\u00ab&nbsp;L\u2019\u00e9tablissement a port\u00e9 plainte&nbsp;\u00bb<\/em>, a-t-il ajout\u00e9.<\/p>\n\n\n\n<p class=\"\">La Philharmonie a pr\u00e9cis\u00e9\u00a0: <em>\u00ab\u00a0A trois reprises, des spectateurs en possession d\u2019un billet ont tent\u00e9 de diverses mani\u00e8res d\u2019interrompre le concert, dont deux fois avec l\u2019usage de fumig\u00e8nes. Des spectateurs se sont interpos\u00e9s et des affrontements ont eu lieu.\u00a0\u00bb<\/em> <em>\u00ab\u00a0Les fauteurs de troubles ont \u00e9t\u00e9 \u00e9vacu\u00e9s et le concert, qui avait d\u00fb s\u2019interrompre, a repris et s\u2019est achev\u00e9 dans le calme.\u00a0\u00bb<\/em>Des vid\u00e9os visibles en ligne t\u00e9moignent de la confusion dans la salle Pierre-Boulez\u00a0: plusieurs d\u2019entre elles montrent une personne qui brandit un fumig\u00e8ne dans les gradins. D\u2019autres personnes tentent de s\u2019interposer et des violences \u00e9clatent.Vous pouvez partager un article en cliquant sur les ic\u00f4nes de partage en haut \u00e0 droite de celui-ci.<br>La reproduction totale ou partielle d\u2019un article, sans l\u2019autorisation \u00e9crite et pr\u00e9alable du <a href=\"https:\/\/www.lemonde.fr\">Monde<\/a>, est strictement interdite.<br><\/p>\n\n\n\n<p class=\"\">Le ministre de l\u2019int\u00e9rieur, Laurent Nu\u00f1ez, a <em>\u00ab&nbsp;condamn\u00e9 fermement <\/em>[ces]<em> agissements&nbsp;\u00bb<\/em>, dans un message sur le r\u00e9seau social&nbsp;X. <em>\u00ab&nbsp;Rien ne peut les justifier&nbsp;\u00bb<\/em>, a-t-il ajout\u00e9, en pr\u00e9cisant que des policiers <em>\u00ab&nbsp;ont permis l\u2019interpellation rapide de plusieurs auteurs de troubles graves \u00e0 l\u2019int\u00e9rieur de la salle et de contenir les manifestants \u00e0 l\u2019ext\u00e9rieur&nbsp;\u00bb<\/em>.<\/p>\n\n\n\n<p class=\"\"><em>\u00ab&nbsp;Quelqu\u2019un a sorti un fumig\u00e8ne et il s\u2019est fait tabasser par des gens qui \u00e9taient venus appr\u00e9cier de l\u2019art et qui avaient \u00e9t\u00e9 g\u00ean\u00e9s par cette conduite&nbsp;\u00bb<\/em>, a relat\u00e9 sur RTL l\u2019ambassadeur d\u2019Isra\u00ebl en France, Joshua Zarka, pr\u00e9sent au concert.<\/p>\n\n\n\n<h2 class=\"wp-block-heading\">\u00ab&nbsp;La violence n\u2019a pas sa place dans une salle de concert&nbsp;\u00bb<\/h2>\n\n\n\n<p class=\"\"><em>\u00ab\u00a0La violence n\u2019a pas sa place dans une salle de concert. La libert\u00e9 de programmation et de cr\u00e9ation est un droit fondamental de notre R\u00e9publique\u00a0!\u00a0\u00bb<\/em>, a r\u00e9agi sur X Rachida Dati, la ministre de la culture, <em>\u00ab\u00a0condamn<\/em>[ant]<em> fermement les perturbations survenues \u00e0 la Philharmonie lors du concert de l\u2019Orchestre philharmonique d\u2019Isra\u00ebl\u00a0\u00bb<\/em>.Vous pouvez partager un article en cliquant sur les ic\u00f4nes de partage en haut \u00e0 droite de celui-ci.<br>La reproduction totale ou partielle d\u2019un article, sans l\u2019autorisation \u00e9crite et pr\u00e9alable du <a href=\"https:\/\/www.lemonde.fr\">Monde<\/a>, est strictement interdite.<br><\/p>\n\n\n\n<p class=\"\">Aurore Berg\u00e9, ministre charg\u00e9e de la lutte contre les discriminations, a pour sa part qualifi\u00e9 d\u2019<em>\u00ab&nbsp;indigne de notre pays&nbsp;\u00bb<\/em> ce qu\u2019<em>\u00ab&nbsp;a subi&nbsp;\u00bb<\/em> l\u2019Orchestre philharmonique d\u2019Isra\u00ebl. <em>\u00ab&nbsp;L\u2019antis\u00e9mitisme, sous toutes ses formes, n\u2019aura jamais sa place en France&nbsp;\u00bb<\/em>, a-t-elle ajout\u00e9.<\/p>\n\n\n\n<p class=\"\"><em>\u00ab&nbsp;La CGT, comme LFI<\/em> [La France insoumise]<em>, est responsable de l\u2019hyst\u00e9risation du d\u00e9bat public autour de Gaza depuis le 7-Octobre, alors m\u00eame qu\u2019un cessez-le-feu est maintenant intervenu au Proche-Orient&nbsp;!&nbsp;\u00bb<\/em>, a fustig\u00e9 le pr\u00e9sident du Conseil repr\u00e9sentatif des institutions juives de France (CRIF), Yonathan Arfi, dans un tweet vendredi. <em>\u00ab&nbsp;J\u2019interpelle la secr\u00e9taire g\u00e9n\u00e9rale de la CGT, Sophie Binet&nbsp;\u00bb<\/em>, a-t-il \u00e9crit. <em>\u00ab&nbsp;Condamnez-vous les agitateurs qui ont violemment interrompu \u00e0 trois reprises le concert de l\u2019Orchestre philharmonique d\u2019Isra\u00ebl hier \u00e0 la Philharmonie de Paris&nbsp;?&nbsp;\u00bb \u00ab&nbsp;Jusqu\u2019o\u00f9 ira la CGT dans sa d\u00e9rive id\u00e9ologique&nbsp;?&nbsp;\u00bb<\/em>, s\u2019est encore indign\u00e9 Yonathan Arfi.<\/p>\n","protected":false},"excerpt":{"rendered":"<p>La Philharmonie, qui a port\u00e9 plainte, a pr\u00e9cis\u00e9 que des spectateurs avaient tent\u00e9 d\u2019interrompre le concert, dont deux fois en faisant usage de fumig\u00e8nes. Des affrontements ont eu lieu mais le concert s\u2019est achev\u00e9 dans le calme apr\u00e8s l\u2019\u00e9vacuation des \u00ab\u00a0fauteurs de troubles\u00a0\u00bb.Quatre personnes ont \u00e9t\u00e9 plac\u00e9es en garde \u00e0 vue, vendredi 7\u00a0novembre, \u00e0 la [&hellip;]<\/p>\n","protected":false},"author":2,"featured_media":39670,"comment_status":"open","ping_status":"open","sticky":false,"template":"","format":"standard","meta":{"_jetpack_memberships_contains_paid_content":false,"footnotes":"","jetpack_publicize_message":"","jetpack_publicize_feature_enabled":true,"jetpack_social_post_already_shared":true,"jetpack_social_options":{"image_generator_settings":{"template":"highway","default_image_id":0,"font":"","enabled":true,"token":"eyJpbWciOiJodHRwczpcL1wvd3d3LmljZWFnZXR2LmNvbVwvcmFkaW9zaXRlXC93cC1jb250ZW50XC91cGxvYWRzXC8yMDI1XC8xMVwvQ2FwdHVyZS1kZWNyYW4tMjAyNS0xMS0wNy0xNjQ0NTQucG5nIiwidHh0IjoiUGhpbGhhcm1vbmllIGRlIFBhcmlzXHUwMGEwOiBxdWF0cmUgcGVyc29ubmVzIGVuIGdhcmRlIFx1MDBlMCB2dWUgXHUwMGUwIGxhIHN1aXRlIGRlIFx1MDBhYlx1MDBhMGdyYXZlcyBpbmNpZGVudHNcdTAwYTBcdTAwYmIgbG9ycyBkdVx1MDBhMGNvbmNlcnQgZFx1MjAxOXVuIG9yY2hlc3RyZSBpc3JhXHUwMGU5bGllbiBqZXVkaSBzb2lyIiwidGVtcGxhdGUiOiJoaWdod2F5IiwiZm9udCI6IiIsImJsb2dfaWQiOjExMTAxNjQ2MX0.Gw0cZWgHQcYoJWcXJuAvyQWW6HgqlqekQ_kErPcr6XsMQ"},"version":2},"_wpas_customize_per_network":false},"categories":[405],"tags":[],"class_list":["post-39669","post","type-post","status-publish","format-standard","has-post-thumbnail","hentry","category-actu-france-monde"],"jetpack_publicize_connections":[],"jetpack_featured_media_url":"https:\/\/i0.wp.com\/www.iceagetv.com\/radiosite\/wp-content\/uploads\/2025\/11\/Capture-decran-2025-11-07-164454.png?fit=332%2C197&ssl=1","jetpack_sharing_enabled":true,"_links":{"self":[{"href":"https:\/\/www.iceagetv.com\/radiosite\/wp-json\/wp\/v2\/posts\/39669","targetHints":{"allow":["GET"]}}],"collection":[{"href":"https:\/\/www.iceagetv.com\/radiosite\/wp-json\/wp\/v2\/posts"}],"about":[{"href":"https:\/\/www.iceagetv.com\/radiosite\/wp-json\/wp\/v2\/types\/post"}],"author":[{"embeddable":true,"href":"https:\/\/www.iceagetv.com\/radiosite\/wp-json\/wp\/v2\/users\/2"}],"replies":[{"embeddable":true,"href":"https:\/\/www.iceagetv.com\/radiosite\/wp-json\/wp\/v2\/comments?post=39669"}],"version-history":[{"count":1,"href":"https:\/\/www.iceagetv.com\/radiosite\/wp-json\/wp\/v2\/posts\/39669\/revisions"}],"predecessor-version":[{"id":39671,"href":"https:\/\/www.iceagetv.com\/radiosite\/wp-json\/wp\/v2\/posts\/39669\/revisions\/39671"}],"wp:featuredmedia":[{"embeddable":true,"href":"https:\/\/www.iceagetv.com\/radiosite\/wp-json\/wp\/v2\/media\/39670"}],"wp:attachment":[{"href":"https:\/\/www.iceagetv.com\/radiosite\/wp-json\/wp\/v2\/media?parent=39669"}],"wp:term":[{"taxonomy":"category","embeddable":true,"href":"https:\/\/www.iceagetv.com\/radiosite\/wp-json\/wp\/v2\/categories?post=39669"},{"taxonomy":"post_tag","embeddable":true,"href":"https:\/\/www.iceagetv.com\/radiosite\/wp-json\/wp\/v2\/tags?post=39669"}],"curies":[{"name":"wp","href":"https:\/\/api.w.org\/{rel}","templated":true}]}}