{"id":39678,"date":"2025-11-07T17:25:12","date_gmt":"2025-11-07T16:25:12","guid":{"rendered":"https:\/\/www.iceagetv.com\/radiosite\/?p=39678"},"modified":"2025-11-07T17:25:15","modified_gmt":"2025-11-07T16:25:15","slug":"attaque-sur-lile-doleron-le-conducteur-de-la-voiture-qui-a-fait-cinq-blesses-mercredi-mis-en-examen-pour-tentatives-dassassinats-et-place-en-detention-provisoire","status":"publish","type":"post","link":"https:\/\/www.iceagetv.com\/radiosite\/attaque-sur-lile-doleron-le-conducteur-de-la-voiture-qui-a-fait-cinq-blesses-mercredi-mis-en-examen-pour-tentatives-dassassinats-et-place-en-detention-provisoire\/","title":{"rendered":"Attaque sur l\u2019\u00eele d\u2019Ol\u00e9ron : Le conducteur de la voiture, qui a fait cinq bless\u00e9s mercredi, mis en examen pour tentatives d\u2019assassinats et plac\u00e9 en d\u00e9tention provisoire"},"content":{"rendered":"\n<p class=\"\"><strong>Le conducteur de la voiture, qui a fait cinq bless\u00e9s mercredi, est plac\u00e9 en d\u00e9tention provisoire. Il part d\u00e8s ce soir au centre p\u00e9nitentiaire de Poitiers &#8211; Vivonne<\/strong><strong>&nbsp;<\/strong>L\u2019homme de 35 ans accus\u00e9 d\u2019avoir fauch\u00e9 volontairement cinq personnes sur l\u2019\u00eele d\u2019Ol\u00e9ron a \u00e9t\u00e9 mis en examen ce midi pour \u00abtentatives d\u2019assassinats\u00bb.<\/p>\n\n\n\n<p class=\"\">Pendant son p\u00e9riple d\u2019une trentaine de minutes durant lequel il a tent\u00e9 d\u2019\u00e9craser sept personnes, dont cinq ont \u00e9t\u00e9 bless\u00e9es, son discernement a \u00e9t\u00e9 alt\u00e9r\u00e9 mais jamais totalement aboli, ont conclu les experts psychiatres qui l\u2019ont examin\u00e9, a d\u00e9clar\u00e9 le procureur hier lors d&rsquo;une conf\u00e9rence de presse.&nbsp;<\/p>\n\n\n\n<p class=\"\">Bien qu\u2019il ait dit \u00ab&nbsp;avoir suivi les ordres d\u2019Allah&nbsp;\u00bb lui intimant \u00ab&nbsp;de faire un sacrifice&nbsp;\u00bb et que des \u00e9crits religieux aient \u00e9t\u00e9 retrouv\u00e9s chez lui, son action ne s\u2019inscrit pas dans une \u00ab&nbsp;dimension jihadiste&nbsp;\u00bb au sens o\u00f9 les premi\u00e8res investigations ne permettent pas de d\u00e9terminer \u00ab&nbsp;de liens avec des organisations terroristes&nbsp;\u00bb, a-t-il poursuivi.<\/p>\n\n\n\n<p class=\"\">M. Laraize a ainsi confirm\u00e9 que le parquet national antiterroriste (PNAT) ne s\u2019\u00e9tait pas saisi de l\u2019enqu\u00eate mais restait \u00ab&nbsp;en observation&nbsp;\u00bb.<\/p>\n","protected":false},"excerpt":{"rendered":"<p>Le conducteur de la voiture, qui a fait cinq bless\u00e9s mercredi, est plac\u00e9 en d\u00e9tention provisoire. Il part d\u00e8s ce soir au centre p\u00e9nitentiaire de Poitiers &#8211; Vivonne&nbsp;L\u2019homme de 35 ans accus\u00e9 d\u2019avoir fauch\u00e9 volontairement cinq personnes sur l\u2019\u00eele d\u2019Ol\u00e9ron a \u00e9t\u00e9 mis en examen ce midi pour \u00abtentatives d\u2019assassinats\u00bb. Pendant son p\u00e9riple d\u2019une trentaine [&hellip;]<\/p>\n","protected":false},"author":2,"featured_media":39679,"comment_status":"open","ping_status":"open","sticky":false,"template":"","format":"standard","meta":{"_jetpack_memberships_contains_paid_content":false,"footnotes":"","jetpack_publicize_message":"","jetpack_publicize_feature_enabled":true,"jetpack_social_post_already_shared":true,"jetpack_social_options":{"image_generator_settings":{"template":"highway","default_image_id":0,"font":"","enabled":true,"token":"eyJpbWciOiJodHRwczpcL1wvd3d3LmljZWFnZXR2LmNvbVwvcmFkaW9zaXRlXC93cC1jb250ZW50XC91cGxvYWRzXC8yMDI1XC8xMVwvQ2FwdHVyZS1kZWNyYW4tMjAyNS0xMS0wNy0xNzI0MzMucG5nIiwidHh0IjoiQXR0YXF1ZSBzdXIgbFx1MjAxOVx1MDBlZWxlIGRcdTIwMTlPbFx1MDBlOXJvbiA6IExlIGNvbmR1Y3RldXIgZGUgbGEgdm9pdHVyZSwgcXVpIGEgZmFpdCBjaW5xIGJsZXNzXHUwMGU5cyBtZXJjcmVkaSwgbWlzIGVuIGV4YW1lbiBwb3VyIHRlbnRhdGl2ZXMgZFx1MjAxOWFzc2Fzc2luYXRzIGV0IHBsYWNcdTAwZTkgZW4gZFx1MDBlOXRlbnRpb24gcHJvdmlzb2lyZSIsInRlbXBsYXRlIjoiaGlnaHdheSIsImZvbnQiOiIiLCJibG9nX2lkIjoxMTEwMTY0NjF9.UqQlAgTvKUSKJ3cqRJeoFp_eMc9sVFgzT4bvEeiwneMMQ"},"version":2},"_wpas_customize_per_network":false},"categories":[405],"tags":[],"class_list":["post-39678","post","type-post","status-publish","format-standard","has-post-thumbnail","hentry","category-actu-france-monde"],"jetpack_publicize_connections":[],"jetpack_featured_media_url":"https:\/\/i0.wp.com\/www.iceagetv.com\/radiosite\/wp-content\/uploads\/2025\/11\/Capture-decran-2025-11-07-172433.png?fit=982%2C323&ssl=1","jetpack_sharing_enabled":true,"_links":{"self":[{"href":"https:\/\/www.iceagetv.com\/radiosite\/wp-json\/wp\/v2\/posts\/39678","targetHints":{"allow":["GET"]}}],"collection":[{"href":"https:\/\/www.iceagetv.com\/radiosite\/wp-json\/wp\/v2\/posts"}],"about":[{"href":"https:\/\/www.iceagetv.com\/radiosite\/wp-json\/wp\/v2\/types\/post"}],"author":[{"embeddable":true,"href":"https:\/\/www.iceagetv.com\/radiosite\/wp-json\/wp\/v2\/users\/2"}],"replies":[{"embeddable":true,"href":"https:\/\/www.iceagetv.com\/radiosite\/wp-json\/wp\/v2\/comments?post=39678"}],"version-history":[{"count":1,"href":"https:\/\/www.iceagetv.com\/radiosite\/wp-json\/wp\/v2\/posts\/39678\/revisions"}],"predecessor-version":[{"id":39680,"href":"https:\/\/www.iceagetv.com\/radiosite\/wp-json\/wp\/v2\/posts\/39678\/revisions\/39680"}],"wp:featuredmedia":[{"embeddable":true,"href":"https:\/\/www.iceagetv.com\/radiosite\/wp-json\/wp\/v2\/media\/39679"}],"wp:attachment":[{"href":"https:\/\/www.iceagetv.com\/radiosite\/wp-json\/wp\/v2\/media?parent=39678"}],"wp:term":[{"taxonomy":"category","embeddable":true,"href":"https:\/\/www.iceagetv.com\/radiosite\/wp-json\/wp\/v2\/categories?post=39678"},{"taxonomy":"post_tag","embeddable":true,"href":"https:\/\/www.iceagetv.com\/radiosite\/wp-json\/wp\/v2\/tags?post=39678"}],"curies":[{"name":"wp","href":"https:\/\/api.w.org\/{rel}","templated":true}]}}