{"id":39695,"date":"2025-11-08T18:11:25","date_gmt":"2025-11-08T17:11:25","guid":{"rendered":"https:\/\/www.iceagetv.com\/radiosite\/?p=39695"},"modified":"2025-11-08T18:11:28","modified_gmt":"2025-11-08T17:11:28","slug":"budget-2026-lassemblee-vote-pour-taxer-les-retraites-etrangers-qui-beneficient-gratuitement-de-la-securite-sociale","status":"publish","type":"post","link":"https:\/\/www.iceagetv.com\/radiosite\/budget-2026-lassemblee-vote-pour-taxer-les-retraites-etrangers-qui-beneficient-gratuitement-de-la-securite-sociale\/","title":{"rendered":"Budget 2026\u00a0: l&rsquo;Assembl\u00e9e vote pour taxer les retrait\u00e9s \u00e9trangers qui b\u00e9n\u00e9ficient gratuitement de la S\u00e9curit\u00e9 sociale"},"content":{"rendered":"\n<p class=\"\">Un amendement au budget de la S\u00e9cu vot\u00e9 samedi instaure une participation minimale obligatoire pour les ressortissants non europ\u00e9ens qui, jusqu\u2019\u00e0 pr\u00e9sent, pouvaient jouir d\u2019une carte Vitale apr\u00e8s seulement trois mois de pr\u00e9sence en France.L\u2019Assembl\u00e9e nationale a adopt\u00e9 samedi la cr\u00e9ation d\u2019une participation minimale pour les ressortissants \u00e9trangers non-europ\u00e9ens b\u00e9n\u00e9ficiant de la protection universelle maladie, une mesure visant ouvertement les retrait\u00e9s am\u00e9ricains install\u00e9s en France.\u00abAujourd&rsquo;hui, des ressortissants \u00e9trangers titulaires d&rsquo;un visa long s\u00e9jour visiteur peuvent s&rsquo;installer en France, acc\u00e9der \u00e0 la protection sociale universelle maladie apr\u00e8s trois mois de r\u00e9sidence, sans verser aucune cotisation, sans payer d&rsquo;imp\u00f4ts, sans participer au financement du syst\u00e8me\u00bb, a d\u00e9clar\u00e9 dans l&rsquo;h\u00e9micycle le d\u00e9put\u00e9 Horizons Fran\u00e7ois Gernigon. \u00abCertaines agences, notamment am\u00e9ricaines, en font m\u00eame un argument commercial en vendant des installations \u00e0 des retrait\u00e9s sur la promesse d&rsquo;un acc\u00e8s gratuit \u00e0 la S\u00e9curit\u00e9 sociale fran\u00e7aise\u00bb, s&rsquo;est-il offusqu\u00e9.<\/p>\n","protected":false},"excerpt":{"rendered":"<p>Un amendement au budget de la S\u00e9cu vot\u00e9 samedi instaure une participation minimale obligatoire pour les ressortissants non europ\u00e9ens qui, jusqu\u2019\u00e0 pr\u00e9sent, pouvaient jouir d\u2019une carte Vitale apr\u00e8s seulement trois mois de pr\u00e9sence en France.L\u2019Assembl\u00e9e nationale a adopt\u00e9 samedi la cr\u00e9ation d\u2019une participation minimale pour les ressortissants \u00e9trangers non-europ\u00e9ens b\u00e9n\u00e9ficiant de la protection universelle maladie, [&hellip;]<\/p>\n","protected":false},"author":2,"featured_media":39696,"comment_status":"open","ping_status":"open","sticky":false,"template":"","format":"standard","meta":{"_jetpack_memberships_contains_paid_content":false,"footnotes":"","jetpack_publicize_message":"","jetpack_publicize_feature_enabled":true,"jetpack_social_post_already_shared":true,"jetpack_social_options":{"image_generator_settings":{"template":"highway","default_image_id":0,"font":"","enabled":true,"token":"eyJpbWciOiJodHRwczpcL1wvd3d3LmljZWFnZXR2LmNvbVwvcmFkaW9zaXRlXC93cC1jb250ZW50XC91cGxvYWRzXC8yMDI1XC8xMVwvU2NyZWVuc2hvdF8yMDI1MTEwOF8xODA4MjItMTAyNHg0MjAuanBnIiwidHh0IjoiQnVkZ2V0IDIwMjZcdTAwYTA6IGwmIzgyMTc7QXNzZW1ibFx1MDBlOWUgdm90ZSBwb3VyIHRheGVyIGxlcyByZXRyYWl0XHUwMGU5cyBcdTAwZTl0cmFuZ2VycyBxdWkgYlx1MDBlOW5cdTAwZTlmaWNpZW50IGdyYXR1aXRlbWVudCBkZSBsYSBTXHUwMGU5Y3VyaXRcdTAwZTkgc29jaWFsZSIsInRlbXBsYXRlIjoiaGlnaHdheSIsImZvbnQiOiIiLCJibG9nX2lkIjoxMTEwMTY0NjF9.Sq-5IdfwziXkMth9gPKY08SSYORRPYLq2Hs0YxezkrsMQ"},"version":2},"_wpas_customize_per_network":false},"categories":[405],"tags":[],"class_list":["post-39695","post","type-post","status-publish","format-standard","has-post-thumbnail","hentry","category-actu-france-monde"],"jetpack_publicize_connections":[],"jetpack_featured_media_url":"https:\/\/i0.wp.com\/www.iceagetv.com\/radiosite\/wp-content\/uploads\/2025\/11\/Screenshot_20251108_180822.jpg?fit=1056%2C433&ssl=1","jetpack_sharing_enabled":true,"_links":{"self":[{"href":"https:\/\/www.iceagetv.com\/radiosite\/wp-json\/wp\/v2\/posts\/39695","targetHints":{"allow":["GET"]}}],"collection":[{"href":"https:\/\/www.iceagetv.com\/radiosite\/wp-json\/wp\/v2\/posts"}],"about":[{"href":"https:\/\/www.iceagetv.com\/radiosite\/wp-json\/wp\/v2\/types\/post"}],"author":[{"embeddable":true,"href":"https:\/\/www.iceagetv.com\/radiosite\/wp-json\/wp\/v2\/users\/2"}],"replies":[{"embeddable":true,"href":"https:\/\/www.iceagetv.com\/radiosite\/wp-json\/wp\/v2\/comments?post=39695"}],"version-history":[{"count":1,"href":"https:\/\/www.iceagetv.com\/radiosite\/wp-json\/wp\/v2\/posts\/39695\/revisions"}],"predecessor-version":[{"id":39697,"href":"https:\/\/www.iceagetv.com\/radiosite\/wp-json\/wp\/v2\/posts\/39695\/revisions\/39697"}],"wp:featuredmedia":[{"embeddable":true,"href":"https:\/\/www.iceagetv.com\/radiosite\/wp-json\/wp\/v2\/media\/39696"}],"wp:attachment":[{"href":"https:\/\/www.iceagetv.com\/radiosite\/wp-json\/wp\/v2\/media?parent=39695"}],"wp:term":[{"taxonomy":"category","embeddable":true,"href":"https:\/\/www.iceagetv.com\/radiosite\/wp-json\/wp\/v2\/categories?post=39695"},{"taxonomy":"post_tag","embeddable":true,"href":"https:\/\/www.iceagetv.com\/radiosite\/wp-json\/wp\/v2\/tags?post=39695"}],"curies":[{"name":"wp","href":"https:\/\/api.w.org\/{rel}","templated":true}]}}