{"id":39733,"date":"2025-11-09T17:51:33","date_gmt":"2025-11-09T16:51:33","guid":{"rendered":"https:\/\/www.iceagetv.com\/radiosite\/?p=39733"},"modified":"2025-11-09T17:51:35","modified_gmt":"2025-11-09T16:51:35","slug":"pour-55-des-habitants-de-normandie-laccent-disparait-une-langue-au-vocabulaire-incroyable","status":"publish","type":"post","link":"https:\/\/www.iceagetv.com\/radiosite\/pour-55-des-habitants-de-normandie-laccent-disparait-une-langue-au-vocabulaire-incroyable\/","title":{"rendered":"Pour 55 % des habitants de Normandie, l\u2019accent dispara\u00eet : \u00ab Une langue au vocabulaire incroyable \u00bb"},"content":{"rendered":"\n<p class=\"\">Selon une \u00e9tude d\u00e9voil\u00e9e le vendredi 24\u00a0octobre 2025, 55\u2009% des habitants de Normandie ont l\u2019impression que les accents disparaissent de la r\u00e9gion. Entretien avec R\u00e9my P\u00e9zeril.La&nbsp;<strong>langue normande<\/strong>&nbsp;deviendra-t-elle dans quelques ann\u00e9es qu\u2019un&nbsp;<strong>simple souvenir<\/strong>\u2009? Cette regrettable perspective semble se dessiner. Plus d\u2019<strong>un habitant sur deux<\/strong>&nbsp;de la r\u00e9gion, tr\u00e8s pr\u00e9cis\u00e9ment 55\u2009%, ressent une&nbsp;<strong>disparition&nbsp;<\/strong>des&nbsp;<strong>accents locaux<\/strong>.<\/p>\n\n\n\n<p class=\"\">Un chiffre partag\u00e9 le&nbsp;<strong>vendredi 24&nbsp;octobre 2025&nbsp;<\/strong>dans le cadre d\u2019une&nbsp;<a href=\"https:\/\/preply.com\/fr\/blog\/les-accents-regionaux-disparaissent-ils-vraiment-l-avis-des-francais-en-2025\/\">\u00e9tude<\/a>&nbsp;de l\u2019institut de sondage Censuswide pour le sp\u00e9cialiste de l\u2019<strong>apprentissage en ligne<\/strong>&nbsp;des langues Preply. \u00ab\u2009C\u2019est une \u00e9vidence que le normand dispara\u00eet. Progressivement, on s\u2019habitue aux&nbsp;<strong>prononciations&nbsp;<\/strong>du fran\u00e7ais. L\u2019anglais prend aussi beaucoup de place\u2009\u00bb, soupire R\u00e9my P\u00e9zeril,&nbsp;<strong>pr\u00e9sident&nbsp;<\/strong>de la F\u00e9d\u00e9ration des associations de la langue normande (<a href=\"https:\/\/www.fale-normandie.fr\/accueil-fale-normandie-langue-normande\/contact-de-la-fale\/\">FALE<\/a>), bas\u00e9 \u00e0&nbsp;<a href=\"https:\/\/actu.fr\/normandie\/bricquebec-en-cotentin_50082\">Bricquebec-en-Cotentin<\/a>&nbsp;(Manche).<\/p>\n\n\n\n<h2 class=\"wp-block-heading\">Des pr\u00e9jug\u00e9s<\/h2>\n\n\n\n<p class=\"\">Ce dernier met notamment en avant le fait que<strong>&nbsp;les jeunes&nbsp;<\/strong>n\u2019entendent et n\u2019apprennent plus rien ou presque en la mati\u00e8re. \u00ab\u2009Il y a beaucoup de&nbsp;<strong>pr\u00e9jug\u00e9s<\/strong>. Les gens pensent qu\u2019ils parleront mal le fran\u00e7ais s\u2019ils d\u00e9couvrent la langue r\u00e9gionale. Mais au contraire, cela serait profitable pour ma\u00eetriser d\u2019autres langues. Le&nbsp;<strong>vocabulaire&nbsp;<\/strong>est incroyable, \u00e9norme, diversifi\u00e9 et riche. Il poss\u00e8de une pr\u00e9cision qui existe moins dans le fran\u00e7ais.\u2009\u00bb<\/p>\n\n\n\n<p class=\"\">D\u2019autant plus que le normand pr\u00e9sente des&nbsp;<strong>complexit\u00e9s incroyables<\/strong>. \u00ab\u2009Jamais&nbsp;<strong>une acad\u00e9mie&nbsp;<\/strong>ne l\u2019a officialis\u00e9. Les sp\u00e9cificit\u00e9s se sont cr\u00e9\u00e9es uniquement&nbsp;<strong>\u00e0 l\u2019oral<\/strong>. Chacun est content d\u2019\u00eatre&nbsp;<strong>diff\u00e9rent de son voisin<\/strong>\u2009\u00bb, ajoute R\u00e9my P\u00e9zeril, qui pr\u00e9sentait il y a quelques mois&nbsp;<a href=\"https:\/\/actu.fr\/normandie\/bricquebec-en-cotentin_50082\/une-nouvelle-methode-pedagogique-pour-apprendre-le-normand-menace-de-disparaitre_62255209.html\">le classeur&nbsp;<\/a><em><a href=\"https:\/\/actu.fr\/normandie\/bricquebec-en-cotentin_50082\/une-nouvelle-methode-pedagogique-pour-apprendre-le-normand-menace-de-disparaitre_62255209.html\">Cours de langue normande, Pour les enfants et les adultes<\/a>.<\/em><\/p>\n\n\n\n<p class=\"\">Au sein m\u00eame de la r\u00e9gion, la mani\u00e8re de parler le normand diff\u00e8re. \u00ab\u2009Il existe une<strong>&nbsp;fronti\u00e8re linguistique<\/strong>. Cette ligne passe \u00e0 hauteur de&nbsp;<a href=\"https:\/\/actu.fr\/normandie\/gavray-sur-sienne_50197\">Gavray<\/a>. Dans le sud, les habitants ont \u00e9t\u00e9 plus influenc\u00e9s par&nbsp;<strong>l\u2019\u00e9volution&nbsp;<\/strong>du fran\u00e7ais et les&nbsp;<strong>Parisiens<\/strong>.\u2009\u00bb Le son \u00ab\u2009ch\u2009\u00bb par exemple, prononc\u00e9 \u00ab\u2009k\u2009\u00bb en Normandie, vient tout droit de la capitale.<\/p>\n\n\n\n<h2 class=\"wp-block-heading\">Des caract\u00e9ristiques<\/h2>\n\n\n\n<p class=\"\">Malgr\u00e9 ses nombreuses variantes donc, l\u2019accent normand se caract\u00e9rise notamment par\u00a0<strong>des \u00ab\u2009e\u2009\u00bb muets<\/strong>. Le \u00ab\u2009<strong>r<\/strong>\u2009\u00bb entre\u00a0<strong>deux voyelles<\/strong>\u00a0est roul\u00e9 dans\u00a0<strong>l\u2019Orne<\/strong>, dispara\u00eet en<strong>\u00a0Pays de Caux<\/strong>\u00a0et parfois dans le Cotentin. \u00ab\u2009On a tendance \u00e0 agglom\u00e9rer et contracter davantage les mots. Les sons peuvent parfois \u00eatre jug\u00e9s lourds.\u2009\u00bbLes&nbsp;<strong>verbes&nbsp;<\/strong>s\u2019emploient \u00e9galement \u00e9norm\u00e9ment avec un \u00ab\u2009i\u2009\u00bb au&nbsp;<strong>pass\u00e9 simple<\/strong>. \u00ab\u2009C\u2019est un temps que l\u2019on<strong>&nbsp;emploie beaucoup<\/strong>. Il y a peu de pass\u00e9 compos\u00e9. Globalement, on conserve une proximit\u00e9 avec le&nbsp;<strong>latin<\/strong>.\u2009\u00bb<\/p>\n\n\n\n<p class=\"\">Il y a plusieurs d\u00e9cennies, quand les diff\u00e9rences \u00e9taient bien plus marqu\u00e9es, les Normands \u00e9taient m\u00eame en mesure de se reconna\u00eetre \u00e0 leur fa\u00e7on de parler. \u00ab\u2009Par exemple, les communes de\u00a0<a href=\"https:\/\/actu.fr\/normandie\/rauville-la-place_50426\">Rauville-la-Place<\/a>\u00a0et\u00a0<a href=\"https:\/\/actu.fr\/normandie\/rauville-la-bigot_50425\">Rauville-la-Bigot<\/a>\u00a0s\u2019appelaient toutes les deux\u00a0<strong>Rauville<\/strong>. Mais les habitants ne les pronon\u00e7aient pas pareil. Autre illustration\u2009: on pouvait savoir tr\u00e8s vite quand quelqu\u2019un vivait dans le\u00a0<strong>Val de Saire<\/strong>.\u2009\u00bb Ainsi sur ce territoire, \u00ab\u2009<strong>qu<\/strong>\u2009\u00bb et \u00ab\u2009<strong>c<\/strong>\u2009\u00bb plac\u00e9s devant \u00ab\u2009e, \u00e9, eu, i et u\u2009\u00bb ne se prononcent pas \u00ab\u2009tch\u2009\u00bb, contrairement \u00e0 la\u00a0<strong>r\u00e8gle en vigueur\u00a0<\/strong>ailleurs.Une langue \u00e0 part enti\u00e8re<\/p>\n\n\n\n<p class=\"\">Cette&nbsp;<strong>identit\u00e9&nbsp;<\/strong>n\u2019a pas totalement disparu dans les communes cotentinoises. \u00ab\u2009Il existe toujours des<strong>&nbsp;couples de personnes \u00e2g\u00e9es<\/strong>&nbsp;qui parlent parfaitement le normand\u2009\u00bb, rassure R\u00e9my P\u00e9zeril.<\/p>\n\n\n\n<p class=\"\">Au-del\u00e0 de l\u2019accent, c\u2019est donc tout un&nbsp;<strong>patrimoine&nbsp;<\/strong>qu\u2019il s\u2019agit de maintenir en vie. \u00ab\u2009Le normand n\u2019est&nbsp;<strong>pas du patois<\/strong>, car cela signifie que c\u2019est du fran\u00e7ais mal parl\u00e9. C\u2019est une langue \u00e0 part enti\u00e8re, du fran\u00e7ais r\u00e9gional. Il y a \u00e9norm\u00e9ment de mots qui sont utilis\u00e9s r\u00e9guli\u00e8rement, mais qui n\u2019apparaissent pourtant pas dans le&nbsp;<strong>dictionnaire<\/strong>.\u2009\u00bb<\/p>\n\n\n\n<p class=\"\">Le pr\u00e9sident de la FALE pr\u00f4ne notamment un&nbsp;<strong>enseignement \u00e0 l\u2019\u00e9cole<\/strong>&nbsp;et une<strong>&nbsp;litt\u00e9rature normande importante<\/strong>&nbsp;dans le Cotentin \u00e0 pr\u00e9server. \u00ab\u2009Le&nbsp;<strong>breton&nbsp;<\/strong>ou le&nbsp;<strong>basque<\/strong>, par exemple, renaissent gr\u00e2ce aux plus jeunes. Nous sommes \u00e9galement en contact avec&nbsp;<strong>des universitaires<\/strong>&nbsp;pour associer l\u2019intelligence artificielle et la langue normande sur des documents audios.\u2009\u00bb<\/p>\n\n\n\n<p class=\"\"><strong>Plusieurs outils<\/strong>&nbsp;sont par ailleurs \u00e0 disposition des&nbsp;<strong>plus curieux<\/strong>. Le site internet&nbsp;<a href=\"https:\/\/www.choses-normandes.com\/audio\">Choses normandes<\/a>&nbsp;permet par exemple d\u2019<strong>\u00e9couter des chansons ou des livres<\/strong>&nbsp;\u00e9crits dans la langue r\u00e9gionale. Une fa\u00e7on de s\u2019impr\u00e9gner de l\u2019<strong>histoire locale<\/strong>, et de la transmettre aux&nbsp;<strong>g\u00e9n\u00e9rations futures<\/strong>.<\/p>\n","protected":false},"excerpt":{"rendered":"<p>Selon une \u00e9tude d\u00e9voil\u00e9e le vendredi 24\u00a0octobre 2025, 55\u2009% des habitants de Normandie ont l\u2019impression que les accents disparaissent de la r\u00e9gion. Entretien avec R\u00e9my P\u00e9zeril.La&nbsp;langue normande&nbsp;deviendra-t-elle dans quelques ann\u00e9es qu\u2019un&nbsp;simple souvenir\u2009? Cette regrettable perspective semble se dessiner. Plus d\u2019un habitant sur deux&nbsp;de la r\u00e9gion, tr\u00e8s pr\u00e9cis\u00e9ment 55\u2009%, ressent une&nbsp;disparition&nbsp;des&nbsp;accents locaux. Un chiffre partag\u00e9 le&nbsp;vendredi [&hellip;]<\/p>\n","protected":false},"author":2,"featured_media":39734,"comment_status":"open","ping_status":"open","sticky":false,"template":"","format":"standard","meta":{"_jetpack_memberships_contains_paid_content":false,"footnotes":"","jetpack_publicize_message":"","jetpack_publicize_feature_enabled":true,"jetpack_social_post_already_shared":true,"jetpack_social_options":{"image_generator_settings":{"template":"highway","default_image_id":0,"font":"","enabled":true,"token":"eyJpbWciOiJodHRwczpcL1wvd3d3LmljZWFnZXR2LmNvbVwvcmFkaW9zaXRlXC93cC1jb250ZW50XC91cGxvYWRzXC8yMDI1XC8xMVwvQ2FwdHVyZS1kZWNyYW4tMjAyNS0xMS0wOS0xNzUxMDMucG5nIiwidHh0IjoiUG91ciA1NSAlIGRlcyBoYWJpdGFudHMgZGUgTm9ybWFuZGllLCBsXHUyMDE5YWNjZW50IGRpc3BhcmFcdTAwZWV0IDogXHUwMGFiIFVuZSBsYW5ndWUgYXUgdm9jYWJ1bGFpcmUgaW5jcm95YWJsZSBcdTAwYmIiLCJ0ZW1wbGF0ZSI6ImhpZ2h3YXkiLCJmb250IjoiIiwiYmxvZ19pZCI6MTExMDE2NDYxfQ.5nM3t015lo2NUCeeStQFlv-p3NQU7LgGlRQD7pa_uk0MQ"},"version":2},"_wpas_customize_per_network":false},"categories":[17],"tags":[],"class_list":["post-39733","post","type-post","status-publish","format-standard","has-post-thumbnail","hentry","category-actu-regions"],"jetpack_publicize_connections":[],"jetpack_featured_media_url":"https:\/\/i0.wp.com\/www.iceagetv.com\/radiosite\/wp-content\/uploads\/2025\/11\/Capture-decran-2025-11-09-175103.png?fit=713%2C450&ssl=1","jetpack_sharing_enabled":true,"_links":{"self":[{"href":"https:\/\/www.iceagetv.com\/radiosite\/wp-json\/wp\/v2\/posts\/39733","targetHints":{"allow":["GET"]}}],"collection":[{"href":"https:\/\/www.iceagetv.com\/radiosite\/wp-json\/wp\/v2\/posts"}],"about":[{"href":"https:\/\/www.iceagetv.com\/radiosite\/wp-json\/wp\/v2\/types\/post"}],"author":[{"embeddable":true,"href":"https:\/\/www.iceagetv.com\/radiosite\/wp-json\/wp\/v2\/users\/2"}],"replies":[{"embeddable":true,"href":"https:\/\/www.iceagetv.com\/radiosite\/wp-json\/wp\/v2\/comments?post=39733"}],"version-history":[{"count":1,"href":"https:\/\/www.iceagetv.com\/radiosite\/wp-json\/wp\/v2\/posts\/39733\/revisions"}],"predecessor-version":[{"id":39735,"href":"https:\/\/www.iceagetv.com\/radiosite\/wp-json\/wp\/v2\/posts\/39733\/revisions\/39735"}],"wp:featuredmedia":[{"embeddable":true,"href":"https:\/\/www.iceagetv.com\/radiosite\/wp-json\/wp\/v2\/media\/39734"}],"wp:attachment":[{"href":"https:\/\/www.iceagetv.com\/radiosite\/wp-json\/wp\/v2\/media?parent=39733"}],"wp:term":[{"taxonomy":"category","embeddable":true,"href":"https:\/\/www.iceagetv.com\/radiosite\/wp-json\/wp\/v2\/categories?post=39733"},{"taxonomy":"post_tag","embeddable":true,"href":"https:\/\/www.iceagetv.com\/radiosite\/wp-json\/wp\/v2\/tags?post=39733"}],"curies":[{"name":"wp","href":"https:\/\/api.w.org\/{rel}","templated":true}]}}