{"id":39747,"date":"2025-11-10T13:36:56","date_gmt":"2025-11-10T12:36:56","guid":{"rendered":"https:\/\/www.iceagetv.com\/radiosite\/?p=39747"},"modified":"2025-11-10T13:36:59","modified_gmt":"2025-11-10T12:36:59","slug":"lex-compagne-de-salah-abdeslam-soupconnee-dun-projet-daction-violente","status":"publish","type":"post","link":"https:\/\/www.iceagetv.com\/radiosite\/lex-compagne-de-salah-abdeslam-soupconnee-dun-projet-daction-violente\/","title":{"rendered":"L\u2019ex-compagne de Salah Abdeslam soup\u00e7onn\u00e9e d\u2019un projet d\u2019action violente"},"content":{"rendered":"\n<p class=\"\">Ma\u00ebva B. a \u00e9t\u00e9 plac\u00e9e en garde \u00e0 vue apr\u00e8s la d\u00e9couverte de propagande jihadiste sur l\u2019ordinateur utilis\u00e9 par Salah Abdeslam en prison. \u00c0 son domicile, les enqu\u00eateurs ont mis la main sur des \u00e9l\u00e9ments laissant penser \u00e0 \u00ab\u00a0l\u2019\u00e9laboration d\u2019un projet distinct d\u2019action violente\u00a0\u00bb.L\u2019ex-compagne de Salah Abdeslam, actuellement en cours de d\u00e9ferrement devant un juge d\u2019instruction, est soup\u00e7onn\u00e9e d\u2019un projet d\u2019action violente, aux c\u00f4t\u00e9s de son nouvel \u00e9poux religieux et d\u2019une mineure de 17 ans, indique le parquet national antiterroriste (Pnat) \u00e0 BFMTV, confirmant des informations du Parisien.Tout a commenc\u00e9 le 15 janvier 2025 lorsque l\u2019administration a d\u00e9couvert, au cours d\u2019un contr\u00f4le, des traces de connexions de quatre cl\u00e9s USB entre d\u00e9cembre 2024 et janvier 2025 sur l\u2019ordinateur l\u00e9galement d\u00e9tenu par Salah Abdeslam, incarc\u00e9r\u00e9 au centre p\u00e9nitentiaire de Vendin-le-Vieil. Avis\u00e9 deux jours plus tard, le PNAT a ouvert une enqu\u00eate pour \u00ab\u00a0recel d\u2019objet illicite remis \u00e0 d\u00e9tenu\u00a0\u00bb.Une radicalisation certaine\u00a0\u00bbApr\u00e8s y avoir d\u00e9couvert des vid\u00e9os \u00e0 caract\u00e8re jihadiste, les enqu\u00eateurs se sont tourn\u00e9s vers son ex-compagne Ma\u00ebva B. qui disposait d\u2019un permis de visite. Plac\u00e9e en garde \u00e0 vue depuis le 4 novembre, Ma\u00ebva B. a reconnu avoir remis une cl\u00e9 USB charg\u00e9e de propagande jihadiste \u00e0 Salah Abdeslam au cours d\u2019un parloir.Les perquisitions au domicile de Ma\u00ebva B., notamment l\u2019exploitation de son ordinateur, mettaient en \u00e9vidence non seulement une \u00ab\u00a0radicalisation certaine\u00a0\u00bb et une \u00ab\u00a0fascination pour le jihad\u00a0\u00bb mais aussi et surtout \u00ab\u00a0plusieurs discussions ou recherches relatives \u00e0 l\u2019\u00e9laboration d\u2019un projet distinct d\u2019action violente\u00a0\u00bb, selon le Pnat.Le Pnat pr\u00e9cise: ces faits sont \u00ab\u00a0sans lien avec Salah Abdeslam dont elle \u00e9tait s\u00e9par\u00e9e et avec qui elle n\u2019entretenait plus de relations depuis avril 2025&Prime;. L\u2019enqu\u00eate initialement ouverte \u00e9tait \u00e9tendue au crime d'\u00a0\u00bbassociation de malfaiteurs terroriste en vue de la pr\u00e9paration de crimes contre les personnes\u00a0\u00bb.<\/p>\n","protected":false},"excerpt":{"rendered":"<p>Ma\u00ebva B. a \u00e9t\u00e9 plac\u00e9e en garde \u00e0 vue apr\u00e8s la d\u00e9couverte de propagande jihadiste sur l\u2019ordinateur utilis\u00e9 par Salah Abdeslam en prison. \u00c0 son domicile, les enqu\u00eateurs ont mis la main sur des \u00e9l\u00e9ments laissant penser \u00e0 \u00ab\u00a0l\u2019\u00e9laboration d\u2019un projet distinct d\u2019action violente\u00a0\u00bb.L\u2019ex-compagne de Salah Abdeslam, actuellement en cours de d\u00e9ferrement devant un juge [&hellip;]<\/p>\n","protected":false},"author":2,"featured_media":39748,"comment_status":"open","ping_status":"open","sticky":false,"template":"","format":"standard","meta":{"_jetpack_memberships_contains_paid_content":false,"footnotes":"","jetpack_publicize_message":"","jetpack_publicize_feature_enabled":true,"jetpack_social_post_already_shared":false,"jetpack_social_options":{"image_generator_settings":{"template":"highway","default_image_id":0,"font":"","enabled":true,"token":"eyJpbWciOiJodHRwczpcL1wvd3d3LmljZWFnZXR2LmNvbVwvcmFkaW9zaXRlXC93cC1jb250ZW50XC91cGxvYWRzXC8yMDI1XC8xMVwvVW4tZWN1c3Nvbi1kZS1sYS1wb2xpY2UtbmF0aW9uYWxlLTE3NTgzNzYuanBnIiwidHh0IjoiTFx1MjAxOWV4LWNvbXBhZ25lIGRlIFNhbGFoIEFiZGVzbGFtIHNvdXBcdTAwZTdvbm5cdTAwZTllIGRcdTIwMTl1biBwcm9qZXQgZFx1MjAxOWFjdGlvbiB2aW9sZW50ZSIsInRlbXBsYXRlIjoiaGlnaHdheSIsImZvbnQiOiIiLCJibG9nX2lkIjoxMTEwMTY0NjF9.0CVw63qzuP-AbqO3zvn6TNMgpKnj8V6BR_UP1GcO458MQ"},"version":2},"_wpas_customize_per_network":false},"categories":[405],"tags":[],"class_list":["post-39747","post","type-post","status-publish","format-standard","has-post-thumbnail","hentry","category-actu-france-monde"],"jetpack_publicize_connections":[],"jetpack_featured_media_url":"https:\/\/i0.wp.com\/www.iceagetv.com\/radiosite\/wp-content\/uploads\/2025\/11\/Un-ecusson-de-la-police-nationale-1758376.jpg?fit=736%2C414&ssl=1","jetpack_sharing_enabled":true,"_links":{"self":[{"href":"https:\/\/www.iceagetv.com\/radiosite\/wp-json\/wp\/v2\/posts\/39747","targetHints":{"allow":["GET"]}}],"collection":[{"href":"https:\/\/www.iceagetv.com\/radiosite\/wp-json\/wp\/v2\/posts"}],"about":[{"href":"https:\/\/www.iceagetv.com\/radiosite\/wp-json\/wp\/v2\/types\/post"}],"author":[{"embeddable":true,"href":"https:\/\/www.iceagetv.com\/radiosite\/wp-json\/wp\/v2\/users\/2"}],"replies":[{"embeddable":true,"href":"https:\/\/www.iceagetv.com\/radiosite\/wp-json\/wp\/v2\/comments?post=39747"}],"version-history":[{"count":1,"href":"https:\/\/www.iceagetv.com\/radiosite\/wp-json\/wp\/v2\/posts\/39747\/revisions"}],"predecessor-version":[{"id":39749,"href":"https:\/\/www.iceagetv.com\/radiosite\/wp-json\/wp\/v2\/posts\/39747\/revisions\/39749"}],"wp:featuredmedia":[{"embeddable":true,"href":"https:\/\/www.iceagetv.com\/radiosite\/wp-json\/wp\/v2\/media\/39748"}],"wp:attachment":[{"href":"https:\/\/www.iceagetv.com\/radiosite\/wp-json\/wp\/v2\/media?parent=39747"}],"wp:term":[{"taxonomy":"category","embeddable":true,"href":"https:\/\/www.iceagetv.com\/radiosite\/wp-json\/wp\/v2\/categories?post=39747"},{"taxonomy":"post_tag","embeddable":true,"href":"https:\/\/www.iceagetv.com\/radiosite\/wp-json\/wp\/v2\/tags?post=39747"}],"curies":[{"name":"wp","href":"https:\/\/api.w.org\/{rel}","templated":true}]}}