{"id":39766,"date":"2025-11-11T06:01:25","date_gmt":"2025-11-11T05:01:25","guid":{"rendered":"https:\/\/www.iceagetv.com\/radiosite\/?p=39766"},"modified":"2025-11-11T06:01:27","modified_gmt":"2025-11-11T05:01:27","slug":"un-homme-qui-menacait-des-policiers-avec-un-couteau-abattu-a-lorient","status":"publish","type":"post","link":"https:\/\/www.iceagetv.com\/radiosite\/un-homme-qui-menacait-des-policiers-avec-un-couteau-abattu-a-lorient\/","title":{"rendered":"Un homme qui mena\u00e7ait des policiers avec un couteau abattu \u00e0 Lorient"},"content":{"rendered":"\n<p class=\"\">Un homme qui mena\u00e7ait des policiers avec un couteau a \u00e9t\u00e9 tu\u00e9 par les forces de l&rsquo;ordre ce lundi \u00e0 Lorient. Selon Le Parisien, l&rsquo;homme \u00e9tait d\u00e9j\u00e0 connu des services de police et pr\u00e9sentait des ant\u00e9c\u00e9dents psychiatriques.Un homme qui mena\u00e7ait des policiers a \u00e9t\u00e9 abattu par les forces de l&rsquo;ordre ce lundi 10 novembre \u00e0 Lorient. Les faits se sont produits vers midi dans une rue de la ville bretonne. Selon les premiers \u00e9l\u00e9ments rapport\u00e9s par l&rsquo;AFP, l&rsquo;homme mena\u00e7ait des agents de police avec un couteau. Apr\u00e8s plusieurs sommations, ces derniers ont tir\u00e9 et mortellement touch\u00e9 l&rsquo;homme.Selon le journal Le Parisien, les policiers \u00e9taient en intervention au niveau de la rue de Larmor lorsqu&rsquo;ils ont voulu contr\u00f4ler l&rsquo;homme, \u00e2g\u00e9 de 39 ans, qui \u00e9tait d\u00e9j\u00e0 d\u00e9favorablement connu des services de police. Toujours selon le Parisien, l&rsquo;homme avait plusieurs ant\u00e9c\u00e9dents psychiatriques.Sur le r\u00e9seau social X, le syndicat de police Un1t\u00e9 indique que les faits se sont produits lors d&rsquo;un dispositif de surveillance, et que l&rsquo;un des policiers, \u00ab\u00a0face \u00e0 la menace, a d\u00fb faire usage de son arme\u00a0\u00bb. Le syndicat a apport\u00e9 son \u00ab\u00a0soutien total\u00a0\u00bb au fonctionnaire. La procureure de la R\u00e9publique de Lorient a indiqu\u00e9 qu&rsquo;elle prendrait la parole dans l&rsquo;apr\u00e8s-midi.<\/p>\n","protected":false},"excerpt":{"rendered":"<p>Un homme qui mena\u00e7ait des policiers avec un couteau a \u00e9t\u00e9 tu\u00e9 par les forces de l&rsquo;ordre ce lundi \u00e0 Lorient. Selon Le Parisien, l&rsquo;homme \u00e9tait d\u00e9j\u00e0 connu des services de police et pr\u00e9sentait des ant\u00e9c\u00e9dents psychiatriques.Un homme qui mena\u00e7ait des policiers a \u00e9t\u00e9 abattu par les forces de l&rsquo;ordre ce lundi 10 novembre \u00e0 [&hellip;]<\/p>\n","protected":false},"author":2,"featured_media":39748,"comment_status":"open","ping_status":"open","sticky":false,"template":"","format":"standard","meta":{"_jetpack_memberships_contains_paid_content":false,"footnotes":"","jetpack_publicize_message":"","jetpack_publicize_feature_enabled":true,"jetpack_social_post_already_shared":true,"jetpack_social_options":{"image_generator_settings":{"template":"highway","default_image_id":0,"font":"","enabled":true,"token":"eyJpbWciOiJodHRwczpcL1wvd3d3LmljZWFnZXR2LmNvbVwvcmFkaW9zaXRlXC93cC1jb250ZW50XC91cGxvYWRzXC8yMDI1XC8xMVwvVW4tZWN1c3Nvbi1kZS1sYS1wb2xpY2UtbmF0aW9uYWxlLTE3NTgzNzYuanBnIiwidHh0IjoiVW4gaG9tbWUgcXVpIG1lbmFcdTAwZTdhaXQgZGVzIHBvbGljaWVycyBhdmVjIHVuIGNvdXRlYXUgYWJhdHR1IFx1MDBlMCBMb3JpZW50IiwidGVtcGxhdGUiOiJoaWdod2F5IiwiZm9udCI6IiIsImJsb2dfaWQiOjExMTAxNjQ2MX0.Hkk0MB5pliLFf3waN34xAb---CrSQ-7qllNVZ4aY02UMQ"},"version":2},"_wpas_customize_per_network":false},"categories":[405],"tags":[],"class_list":["post-39766","post","type-post","status-publish","format-standard","has-post-thumbnail","hentry","category-actu-france-monde"],"jetpack_publicize_connections":[],"jetpack_featured_media_url":"https:\/\/i0.wp.com\/www.iceagetv.com\/radiosite\/wp-content\/uploads\/2025\/11\/Un-ecusson-de-la-police-nationale-1758376.jpg?fit=736%2C414&ssl=1","jetpack_sharing_enabled":true,"_links":{"self":[{"href":"https:\/\/www.iceagetv.com\/radiosite\/wp-json\/wp\/v2\/posts\/39766","targetHints":{"allow":["GET"]}}],"collection":[{"href":"https:\/\/www.iceagetv.com\/radiosite\/wp-json\/wp\/v2\/posts"}],"about":[{"href":"https:\/\/www.iceagetv.com\/radiosite\/wp-json\/wp\/v2\/types\/post"}],"author":[{"embeddable":true,"href":"https:\/\/www.iceagetv.com\/radiosite\/wp-json\/wp\/v2\/users\/2"}],"replies":[{"embeddable":true,"href":"https:\/\/www.iceagetv.com\/radiosite\/wp-json\/wp\/v2\/comments?post=39766"}],"version-history":[{"count":1,"href":"https:\/\/www.iceagetv.com\/radiosite\/wp-json\/wp\/v2\/posts\/39766\/revisions"}],"predecessor-version":[{"id":39767,"href":"https:\/\/www.iceagetv.com\/radiosite\/wp-json\/wp\/v2\/posts\/39766\/revisions\/39767"}],"wp:featuredmedia":[{"embeddable":true,"href":"https:\/\/www.iceagetv.com\/radiosite\/wp-json\/wp\/v2\/media\/39748"}],"wp:attachment":[{"href":"https:\/\/www.iceagetv.com\/radiosite\/wp-json\/wp\/v2\/media?parent=39766"}],"wp:term":[{"taxonomy":"category","embeddable":true,"href":"https:\/\/www.iceagetv.com\/radiosite\/wp-json\/wp\/v2\/categories?post=39766"},{"taxonomy":"post_tag","embeddable":true,"href":"https:\/\/www.iceagetv.com\/radiosite\/wp-json\/wp\/v2\/tags?post=39766"}],"curies":[{"name":"wp","href":"https:\/\/api.w.org\/{rel}","templated":true}]}}