{"id":39786,"date":"2025-11-11T08:15:36","date_gmt":"2025-11-11T07:15:36","guid":{"rendered":"https:\/\/www.iceagetv.com\/radiosite\/?p=39786"},"modified":"2025-11-11T08:15:38","modified_gmt":"2025-11-11T07:15:38","slug":"11-novembre-qui-etait-albert-severin-roche-le-premier-soldat-de-france","status":"publish","type":"post","link":"https:\/\/www.iceagetv.com\/radiosite\/11-novembre-qui-etait-albert-severin-roche-le-premier-soldat-de-france\/","title":{"rendered":"11-Novembre\u00a0: qui \u00e9tait Albert S\u00e9verin Roche, le \u00abpremier soldat de France\u00bb\u00a0?"},"content":{"rendered":"\n<p class=\"\">De 1914 \u00e0 1918, ce jeune chasseur alpin s\u2019est distingu\u00e9 par des faits d\u2019armes d\u2019exception, qui en ont fait l\u2019un des soldats du rang les plus d\u00e9cor\u00e9s de la Grande Guerre. \u00c0 l\u2019occasion de la comm\u00e9moration des 107\u00a0ans de l\u2019armistice, le JDD revient sur l\u2019histoire de celui qui a captur\u00e9 \u00e0 lui seul pr\u00e8s de 1\u00a0180 combattants allemands.<em>L\u2019arme la plus puissante sur Terre est l\u2019\u00e2me humaine qui s\u2019enflamme\u00a0\u00bb<\/em>, \u00e9crit dans ses\u00a0<em>M\u00e9moires<\/em>\u00a0le mar\u00e9chal Foch. Le traumatisme de la\u00a0<a href=\"https:\/\/www.lejdd.fr\/Societe\/un-acte-ignoble-la-tombe-dun-heros-de-la-premiere-guerre-mondiale-saccagee-163861\" target=\"_blank\" rel=\"noreferrer noopener\">Premi\u00e8re guerre mondiale<\/a>, et son 1,4\u00a0million de morts c\u00f4t\u00e9 fran\u00e7ais, a \u00e9clips\u00e9 l\u2019h\u00e9ro\u00efsme individuel de la m\u00e9moire combattante. Peu connaissent ainsi le destin exceptionnel d\u2019Albert S\u00e9verin Roche. \u00c2g\u00e9 de 19\u00a0ans lorsqu\u2019il s\u2019engage en ao\u00fbt\u00a01914, ce modeste chasseur alpin ach\u00e8ve la guerre aur\u00e9ol\u00e9 des plus hautes d\u00e9corations de l\u2019arm\u00e9e fran\u00e7aise, et invit\u00e9 d\u2019honneur des plus grandes c\u00e9r\u00e9monies. \u00c0 son actif, des faits d\u2019armes hors du commun, et pr\u00e8s de 1\u00a0200 soldats allemands faits prisonniers.Je veux aller o\u00f9 l\u2019on se bat&nbsp;\u00bb<\/p>\n\n\n\n<p class=\"\">N\u00e9 le 5\u00a0mars\u00a01895 \u00e0 R\u00e9auville, dans la\u00a0<a href=\"https:\/\/www.lejdd.fr\/Societe\/crepol-les-ricanements-et-provocations-des-suspects-choquent-la-famille-de-thomas-162237\" target=\"_blank\" rel=\"noreferrer noopener\">Dr\u00f4me<\/a>, Albert Roche fait partie des plus jeunes classes d\u2019\u00e2ge mobilis\u00e9es sous les drapeaux le 2\u00a0ao\u00fbt 1914. Au conseil de r\u00e9vision, il est imm\u00e9diatement d\u00e9clar\u00e9 inapte\u00a0: sa petite taille (1,58m) et sa corpulence ch\u00e9tive ne sont pas du go\u00fbt des m\u00e9decins. Mais Albert n\u2019a qu\u2019une id\u00e9e en t\u00eate\u00a0: il se battra, d\u00fbt-il braver son p\u00e8re, qui a besoin de ses bras pour faire tourner la ferme familiale. Une nuit, il fait son baluchon et s\u2019enfuit pour Grenoble, o\u00f9 il est incorpor\u00e9 au sein du 30<sup>e<\/sup>\u00a0Bataillon de chasseurs alpin. Mais le jeune homme d\u00e9chante face au quotidien monotone de la vie en caserne. Il veut combattre \u00ab\u00a0les Boches\u00a0\u00bb, qui dans le m\u00eame temps progressent dans les plaines de la Marne. Il choisit ainsi\u00a0de s\u2019enfuir afin de se faire arr\u00eater comme d\u00e9serteur, et \u00eatre envoy\u00e9 au front en guise de \u00ab\u00a0punition\u00a0\u00bb. Devant l\u2019officier qui le questionne sur les raisons de sa fuite, il lui r\u00e9pond\u00a0: \u00ab\u00a0<em>Les mauvais soldats, on les exp\u00e9die l\u00e0-haut<\/em>\u00a0(NLDR\u00a0: au front)<em>, et moi je veux aller o\u00f9 l\u2019on se bat.<\/em>\u00a0Albert Roche obtient gain de cause, et est envoy\u00e9 comme soldat de 1<sup>re<\/sup>&nbsp;classe au 27<sup>e<\/sup>&nbsp;Bataillon de chasseurs alpins, qui combat sur le front de l\u2019Aisne. Surnomm\u00e9s les \u00ab&nbsp;diables bleus&nbsp;\u00bb par les Allemands, les chasseurs sont en premi\u00e8re ligne, et leur nouvelle recrue se distingue rapidement. Un soir d\u2019\u00e9t\u00e9 1915, il fait partie d\u2019un groupe de 15 hommes missionn\u00e9 pour d\u00e9truire un nid de mitrailleuses. Pr\u00e9f\u00e9rant la discr\u00e9tion, il s\u2019infiltre dans les lignes ennemies avec deux camarades puis, rep\u00e9rant une chemin\u00e9e de po\u00eale, y laisse tomber une poign\u00e9e de grenades. La d\u00e9flagration tue plusieurs soldats allemands, et les autres se rendent. Le jeune chasseur s\u2019empare seul des mitrailleuses ennemies et fait huit prisonniers.<\/p>\n\n\n\n<p class=\"\">Pendant quatre ans, son exp\u00e9rience combattante est ponctu\u00e9e de coups d\u2019\u00e9clat. Un jour, il est le seul rescap\u00e9 fran\u00e7ais dans une tranch\u00e9e de Sudel, en\u00a0<a href=\"https:\/\/www.lejdd.fr\/Societe\/pourquoi-y-a-t-il-plus-de-jours-feries-en-alsace-et-en-moselle-160259\" target=\"_blank\" rel=\"noreferrer noopener\">Alsace<\/a>. Il fait alors aligner tous les fusils de ses camarades morts le long du boyau, et tire en passant de l\u2019un \u00e0 l\u2019autre. Croyant \u00eatre sous le feu d\u2019une compagnie enti\u00e8re, les Allemands se replient. En 1916, il est fait prisonnier avec son lieutenant bless\u00e9. Au cours de son interrogatoire, il profite d\u2019un moment d\u2019inattention pour se jeter sur un pistolet abandonn\u00e9 sur une table, prend en otage l\u2019officier allemand, puis revient vers les lignes fran\u00e7aises en portant son lieutenant sur son dos, entra\u00eenant \u00e0 sa suite 42 prisonniers. En 1917, lors de la d\u00e9sastreuse offensive du\u00a0<a href=\"https:\/\/www.lejdd.fr\/Politique\/hollande-au-jdd-mon-grand-pere-gustave-a-combattu-au-chemin-des-dames-3295724\" target=\"_blank\" rel=\"noreferrer noopener\">Chemin des Dames<\/a>, il se porte volontaire pour aller r\u00e9cup\u00e9rer son capitaine, qui g\u00eet bless\u00e9 dans le \u00ab\u00a0no man\u2019s land\u00a0\u00bb. Apr\u00e8s six heures \u00e0 ramper dans la boue, il le retrouve, puis le ram\u00e8ne du c\u00f4t\u00e9 fran\u00e7ais. \u00c9puis\u00e9, il s\u2019endort dans un trou d\u2019obus, avant de se faire arr\u00eater par une patrouille amie, puis condamner \u00e0 mort sur-le-champ au motif \u00ab\u00a0d\u2019abandon de poste sous le feu\u00a0\u00bb. Alors qu\u2019il est men\u00e9 au peloton d\u2019ex\u00e9cution, il doit son salut \u00e0 un message expr\u00e8s du capitaine, qui le d\u00e9signe<em>\u00a0in extremis\u00a0<\/em>comme son sauveteur.Premier soldat de France&nbsp;\u00bb<\/p>\n\n\n\n<p class=\"\">Au sortir de la guerre, son uniforme est bard\u00e9 des plus prestigieuses m\u00e9dailles\u00a0: chevalier de la\u00a0<a href=\"https:\/\/www.lejdd.fr\/Societe\/legion-dhonneur-la-fin-du-copinage-156158\" target=\"_blank\" rel=\"noreferrer noopener\">L\u00e9gion d\u2019honneur<\/a>, croix de guerre avec palmes, m\u00e9daille militaire, douze citations \u00e0 l\u2019ordre de l\u2019arm\u00e9e. Selon les d\u00e9comptes officiels, il a fait prisonniers pr\u00e8s de 1\u00a0180 soldats allemands. Le 27\u00a0novembre 1918, il appara\u00eet au balcon de l\u2019h\u00f4tel de ville de Strasbourg, aux c\u00f4t\u00e9s du g\u00e9n\u00e9ral Foch, qui le pr\u00e9sente \u00e0 la foule comme\u00a0<em>\u00ab\u00a0votre lib\u00e9rateur, le premier soldat de France\u00a0\u00bb<\/em>. Le g\u00e9n\u00e9ralissime s\u2019\u00e9tonne du petit grade du soldat de 23\u00a0ans, qui n\u2019est que 2<sup>nde<\/sup>\u00a0classe en 1918.\u00a0<em>\u00ab\u00a0Il a fait tout cela et il n\u2019a pas le moindre galon de laine\u00a0!\u00a0\u00bb<\/em>, s\u2019exclame-t-il. En 1920, Albert Roche fait partie des huit soldats qui portent le cercueil du \u00ab\u00a0soldat inconnu\u00a0\u00bb \u00e0 l&rsquo;Arc de Triomphe. Puis il\u00a0voyage \u00e0\u00a0<a href=\"https:\/\/www.lejdd.fr\/International\/immigration-le-royaume-uni-en-passe-de-realiser-une-vaste-reforme-inspiree-du-modele-danois-163865\" target=\"_blank\" rel=\"noreferrer noopener\">Londres<\/a>, au sein d\u2019une d\u00e9l\u00e9gation de l\u2019arm\u00e9e fran\u00e7aise, o\u00f9 il est convi\u00e9 \u00e0 la table du roi Georges V.Apr\u00e8s les honneurs, il retourne vivre dans sa Dr\u00f4me natale, o\u00f9 il travaille comme cantonnier, avant de mourir le 15\u00a0avril 1939, renvers\u00e9 par une voiture. La soci\u00e9t\u00e9 fran\u00e7aise meurtrie par quatre ans de guerre totale a oubli\u00e9 l\u2019image du h\u00e9ros, recouverte par celle de la g\u00e9n\u00e9ration \u00ab\u00a0martyr\u00a0\u00bb. Le premier livre consacr\u00e9 \u00e0 Albert Roche, sign\u00e9 de l\u2019historien Dominique Lormier, est seulement paru en 2020. Son m\u00e9pris absolu du danger et son go\u00fbt de l\u2019action rappellent le t\u00e9moignage livr\u00e9 en 1920 par l\u2019\u00e9crivain allemand Ernst J\u00fcnger, sous le titre d\u2019<em>Orages d\u2019acier<\/em>.<\/p>\n","protected":false},"excerpt":{"rendered":"<p>De 1914 \u00e0 1918, ce jeune chasseur alpin s\u2019est distingu\u00e9 par des faits d\u2019armes d\u2019exception, qui en ont fait l\u2019un des soldats du rang les plus d\u00e9cor\u00e9s de la Grande Guerre. \u00c0 l\u2019occasion de la comm\u00e9moration des 107\u00a0ans de l\u2019armistice, le JDD revient sur l\u2019histoire de celui qui a captur\u00e9 \u00e0 lui seul pr\u00e8s de [&hellip;]<\/p>\n","protected":false},"author":2,"featured_media":39787,"comment_status":"open","ping_status":"open","sticky":false,"template":"","format":"standard","meta":{"_jetpack_memberships_contains_paid_content":false,"footnotes":"","jetpack_publicize_message":"","jetpack_publicize_feature_enabled":true,"jetpack_social_post_already_shared":true,"jetpack_social_options":{"image_generator_settings":{"template":"highway","default_image_id":0,"font":"","enabled":true,"token":"eyJpbWciOiJodHRwczpcL1wvd3d3LmljZWFnZXR2LmNvbVwvcmFkaW9zaXRlXC93cC1jb250ZW50XC91cGxvYWRzXC8yMDI1XC8xMVwvQ2FwdHVyZS1kZWNyYW4tMjAyNS0xMS0xMS0wODE1MDQucG5nIiwidHh0IjoiMTEtTm92ZW1icmVcdTAwYTA6IHF1aSBcdTAwZTl0YWl0IEFsYmVydCBTXHUwMGU5dmVyaW4gUm9jaGUsIGxlIFx1MDBhYnByZW1pZXIgc29sZGF0IGRlIEZyYW5jZVx1MDBiYlx1MDBhMD8iLCJ0ZW1wbGF0ZSI6ImhpZ2h3YXkiLCJmb250IjoiIiwiYmxvZ19pZCI6MTExMDE2NDYxfQ.lX9kZtifbbcGTSQFwKeMQ_pS3T6k-uA3tK6yOkNBu9EMQ"},"version":2},"_wpas_customize_per_network":false},"categories":[68],"tags":[],"class_list":["post-39786","post","type-post","status-publish","format-standard","has-post-thumbnail","hentry","category-actu-culturelle"],"jetpack_publicize_connections":[],"jetpack_featured_media_url":"https:\/\/i0.wp.com\/www.iceagetv.com\/radiosite\/wp-content\/uploads\/2025\/11\/Capture-decran-2025-11-11-081504.png?fit=758%2C361&ssl=1","jetpack_sharing_enabled":true,"_links":{"self":[{"href":"https:\/\/www.iceagetv.com\/radiosite\/wp-json\/wp\/v2\/posts\/39786","targetHints":{"allow":["GET"]}}],"collection":[{"href":"https:\/\/www.iceagetv.com\/radiosite\/wp-json\/wp\/v2\/posts"}],"about":[{"href":"https:\/\/www.iceagetv.com\/radiosite\/wp-json\/wp\/v2\/types\/post"}],"author":[{"embeddable":true,"href":"https:\/\/www.iceagetv.com\/radiosite\/wp-json\/wp\/v2\/users\/2"}],"replies":[{"embeddable":true,"href":"https:\/\/www.iceagetv.com\/radiosite\/wp-json\/wp\/v2\/comments?post=39786"}],"version-history":[{"count":1,"href":"https:\/\/www.iceagetv.com\/radiosite\/wp-json\/wp\/v2\/posts\/39786\/revisions"}],"predecessor-version":[{"id":39788,"href":"https:\/\/www.iceagetv.com\/radiosite\/wp-json\/wp\/v2\/posts\/39786\/revisions\/39788"}],"wp:featuredmedia":[{"embeddable":true,"href":"https:\/\/www.iceagetv.com\/radiosite\/wp-json\/wp\/v2\/media\/39787"}],"wp:attachment":[{"href":"https:\/\/www.iceagetv.com\/radiosite\/wp-json\/wp\/v2\/media?parent=39786"}],"wp:term":[{"taxonomy":"category","embeddable":true,"href":"https:\/\/www.iceagetv.com\/radiosite\/wp-json\/wp\/v2\/categories?post=39786"},{"taxonomy":"post_tag","embeddable":true,"href":"https:\/\/www.iceagetv.com\/radiosite\/wp-json\/wp\/v2\/tags?post=39786"}],"curies":[{"name":"wp","href":"https:\/\/api.w.org\/{rel}","templated":true}]}}