{"id":39803,"date":"2025-11-11T11:15:40","date_gmt":"2025-11-11T10:15:40","guid":{"rendered":"https:\/\/www.iceagetv.com\/radiosite\/?p=39803"},"modified":"2025-11-11T11:15:43","modified_gmt":"2025-11-11T10:15:43","slug":"cest-tres-choquant-la-tombe-dun-poilu-vandalisee-et-pillee-dans-lain","status":"publish","type":"post","link":"https:\/\/www.iceagetv.com\/radiosite\/cest-tres-choquant-la-tombe-dun-poilu-vandalisee-et-pillee-dans-lain\/","title":{"rendered":"C\u2019est tr\u00e8s choquant\u00a0\u00bb: la tombe d&rsquo;un poilu vandalis\u00e9e et pill\u00e9e dans l&rsquo;Ain"},"content":{"rendered":"\n<p class=\"\">\u00ab\u00a0Indignation\u00a0\u00bb dans le d\u00e9partement de l&rsquo;Ain, o\u00f9 la tombe d&rsquo;un poilu mort en 1917 a \u00e9t\u00e9 pill\u00e9e. Les vases, ainsi que les cha\u00eenes en fonte et la plaque comm\u00e9morative sur la s\u00e9pulture ont \u00e9t\u00e9 d\u00e9rob\u00e9s, d\u00e9plore la petite ni\u00e8ce du soldat tomb\u00e9 au front.<\/p>\n\n\n\n<p class=\"\">Emmanuel Macron pr\u00e9side ce mardi la c\u00e9r\u00e9monie du&nbsp;<a href=\"https:\/\/rmc.bfmtv.com\/actualites\/societe\/education\/jours-feries-et-ponts-la-technique-de-barbara-lefebvre-contre-les-absences-pour-week-ends-prolonges_AV-202511100497.html\">11-Novembre<\/a>, jour de comm\u00e9moration de l\u2019armistice de 1918, qui a marqu\u00e9 la fin de la Premi\u00e8re Guerre mondiale. Une guerre au terrible bilan, dix millions de morts, dont 1,4 million de soldats fran\u00e7ais.<\/p>\n\n\n\n<p class=\"\">Une journ\u00e9e pour honorer ces soldats tomb\u00e9s pour la France. Et c&rsquo;est dans ce contexte qu&rsquo;on a appris le pillage de la tombe d&rsquo;un poilu mort en 1917, m\u00e9daill\u00e9 de la\u00a0<a href=\"https:\/\/rmc.bfmtv.com\/actualites\/societe\/legion-d-honneur-gisele-pelicot-et-mona-ozouf-distinguees-dans-la-promotion-du-14-juillet_AN-202507130321.html\">L\u00e9gion d&rsquo;honneur<\/a>.Peu de valeur<\/p>\n\n\n\n<p class=\"\">Les vases ainsi que les cha\u00eenes en fonte et la plaque comm\u00e9morative qui entouraient sa s\u00e9pulture dans le cimeti\u00e8re de Th\u00e9zillieu, dans l&rsquo;Ain, ont \u00e9t\u00e9 descell\u00e9es il y a quelques jours. Une trag\u00e9die pour la petite-ni\u00e8ce du d\u00e9funt, Isabelle Fustier.<\/p>\n\n\n\n<blockquote class=\"wp-block-quote is-layout-flow wp-block-quote-is-layout-flow\">\n<p class=\"\">\u201cC\u2019est tr\u00e8s choquant. Je suis tr\u00e8s choqu\u00e9e de l\u2019irrespect de la m\u00e9moire des anciens. Ces gens-l\u00e0 sont morts pour nous. Le symbole est fort de vandaliser cette tombe-l\u00e0 justement. S\u2019ils tirent 100 euros \u00e0 tout casser de ce qu\u2019ils ont vol\u00e9, \u00e7a n\u2019ira pas bien plus loin\u201d, appuie-t-elle.<\/p>\n<\/blockquote>\n\n\n\n<p class=\"\">Selon elle, la tombe a surtout \u00e9t\u00e9 attaqu\u00e9e parce que c&rsquo;\u00e9tait une des plus imposantes du petit cimeti\u00e8re.<\/p>\n","protected":false},"excerpt":{"rendered":"<p>\u00ab\u00a0Indignation\u00a0\u00bb dans le d\u00e9partement de l&rsquo;Ain, o\u00f9 la tombe d&rsquo;un poilu mort en 1917 a \u00e9t\u00e9 pill\u00e9e. Les vases, ainsi que les cha\u00eenes en fonte et la plaque comm\u00e9morative sur la s\u00e9pulture ont \u00e9t\u00e9 d\u00e9rob\u00e9s, d\u00e9plore la petite ni\u00e8ce du soldat tomb\u00e9 au front. Emmanuel Macron pr\u00e9side ce mardi la c\u00e9r\u00e9monie du&nbsp;11-Novembre, jour de comm\u00e9moration [&hellip;]<\/p>\n","protected":false},"author":2,"featured_media":39804,"comment_status":"open","ping_status":"open","sticky":false,"template":"","format":"standard","meta":{"_jetpack_memberships_contains_paid_content":false,"footnotes":"","jetpack_publicize_message":"","jetpack_publicize_feature_enabled":true,"jetpack_social_post_already_shared":true,"jetpack_social_options":{"image_generator_settings":{"template":"highway","default_image_id":0,"font":"","enabled":true,"token":"eyJpbWciOiJodHRwczpcL1wvd3d3LmljZWFnZXR2LmNvbVwvcmFkaW9zaXRlXC93cC1jb250ZW50XC91cGxvYWRzXC8yMDI1XC8xMVwvQ2FwdHVyZS1kZWNyYW4tMjAyNS0xMS0xMS0xMTE0MzUucG5nIiwidHh0IjoiQ1x1MjAxOWVzdCB0clx1MDBlOHMgY2hvcXVhbnQmIzgyMjE7OiBsYSB0b21iZSBkJiM4MjE3O3VuIHBvaWx1IHZhbmRhbGlzXHUwMGU5ZSBldCBwaWxsXHUwMGU5ZSBkYW5zIGwmIzgyMTc7QWluIiwidGVtcGxhdGUiOiJoaWdod2F5IiwiZm9udCI6IiIsImJsb2dfaWQiOjExMTAxNjQ2MX0.Y0ixV0lhBtEr8foSnJvoD3iNQYvzNDeoiWRMxDxUfOgMQ"},"version":2},"_wpas_customize_per_network":false},"categories":[405],"tags":[],"class_list":["post-39803","post","type-post","status-publish","format-standard","has-post-thumbnail","hentry","category-actu-france-monde"],"jetpack_publicize_connections":[],"jetpack_featured_media_url":"https:\/\/i0.wp.com\/www.iceagetv.com\/radiosite\/wp-content\/uploads\/2025\/11\/Capture-decran-2025-11-11-111435.png?fit=570%2C401&ssl=1","jetpack_sharing_enabled":true,"_links":{"self":[{"href":"https:\/\/www.iceagetv.com\/radiosite\/wp-json\/wp\/v2\/posts\/39803","targetHints":{"allow":["GET"]}}],"collection":[{"href":"https:\/\/www.iceagetv.com\/radiosite\/wp-json\/wp\/v2\/posts"}],"about":[{"href":"https:\/\/www.iceagetv.com\/radiosite\/wp-json\/wp\/v2\/types\/post"}],"author":[{"embeddable":true,"href":"https:\/\/www.iceagetv.com\/radiosite\/wp-json\/wp\/v2\/users\/2"}],"replies":[{"embeddable":true,"href":"https:\/\/www.iceagetv.com\/radiosite\/wp-json\/wp\/v2\/comments?post=39803"}],"version-history":[{"count":1,"href":"https:\/\/www.iceagetv.com\/radiosite\/wp-json\/wp\/v2\/posts\/39803\/revisions"}],"predecessor-version":[{"id":39805,"href":"https:\/\/www.iceagetv.com\/radiosite\/wp-json\/wp\/v2\/posts\/39803\/revisions\/39805"}],"wp:featuredmedia":[{"embeddable":true,"href":"https:\/\/www.iceagetv.com\/radiosite\/wp-json\/wp\/v2\/media\/39804"}],"wp:attachment":[{"href":"https:\/\/www.iceagetv.com\/radiosite\/wp-json\/wp\/v2\/media?parent=39803"}],"wp:term":[{"taxonomy":"category","embeddable":true,"href":"https:\/\/www.iceagetv.com\/radiosite\/wp-json\/wp\/v2\/categories?post=39803"},{"taxonomy":"post_tag","embeddable":true,"href":"https:\/\/www.iceagetv.com\/radiosite\/wp-json\/wp\/v2\/tags?post=39803"}],"curies":[{"name":"wp","href":"https:\/\/api.w.org\/{rel}","templated":true}]}}