{"id":39824,"date":"2025-11-11T20:28:59","date_gmt":"2025-11-11T19:28:59","guid":{"rendered":"https:\/\/www.iceagetv.com\/radiosite\/?p=39824"},"modified":"2025-11-11T20:29:02","modified_gmt":"2025-11-11T19:29:02","slug":"budget-2026-alors-quelle-doit-etre-etudiee-mercredi-a-lassemblee-le-gouvernement-precise-les-publics-concernes-par-lelargissement-de-la-suspension-de-la-reforme-des-retraites","status":"publish","type":"post","link":"https:\/\/www.iceagetv.com\/radiosite\/budget-2026-alors-quelle-doit-etre-etudiee-mercredi-a-lassemblee-le-gouvernement-precise-les-publics-concernes-par-lelargissement-de-la-suspension-de-la-reforme-des-retraites\/","title":{"rendered":"Budget 2026 : alors qu&rsquo;elle doit \u00eatre \u00e9tudi\u00e9e mercredi \u00e0 l&rsquo;Assembl\u00e9e, le gouvernement pr\u00e9cise les publics concern\u00e9s par l&rsquo;\u00e9largissement de la suspension de la r\u00e9forme des retraites"},"content":{"rendered":"\n<p class=\"\">Le gouvernement propose un amendement pour inclure les carri\u00e8res longues et certaines cat\u00e9gories de fonctionnaires. Plus de 20 % d&rsquo;une g\u00e9n\u00e9ration pourraient \u00eatre concern\u00e9sLes carri\u00e8res longues, certaines cat\u00e9gories de la fonction publique, ou encore les personnes n\u00e9es au cours du premier trimestre 1965 pourront \u00e9galement b\u00e9n\u00e9ficier de la suspension de la r\u00e9forme des retraites, a pr\u00e9cis\u00e9 mardi le minist\u00e8re du Travail.Le gouvernement va d\u00e9poser un amendement visant \u00e0 \u00e9largir la suspension de la r\u00e9forme des retraites aux carri\u00e8res longues, comme r\u00e9clam\u00e9 par la gauche, avait annonc\u00e9 lundi la porte-parole du gouvernement Maud Bregeon.Les d\u00e9put\u00e9s doivent discuter mercredi, dans le cadre de l\u2019examen du projet de budget de la S\u00e9curit\u00e9 sociale, de cette suspension qui, \u00e0 ce stade, ne concerne que les retrait\u00e9s de droit commun.La suspension de la r\u00e9forme \u00e9tait une condition pos\u00e9e par les socialistes pour ne pas censurer le gouvernement \u00e0 l\u2019entr\u00e9e des d\u00e9bats budg\u00e9taires.Mais les \u00e9cologistes et les communistes r\u00e9clamaient notamment que les carri\u00e8res longues soient comprises via un amendement gouvernemental.<\/p>\n","protected":false},"excerpt":{"rendered":"<p>Le gouvernement propose un amendement pour inclure les carri\u00e8res longues et certaines cat\u00e9gories de fonctionnaires. Plus de 20 % d&rsquo;une g\u00e9n\u00e9ration pourraient \u00eatre concern\u00e9sLes carri\u00e8res longues, certaines cat\u00e9gories de la fonction publique, ou encore les personnes n\u00e9es au cours du premier trimestre 1965 pourront \u00e9galement b\u00e9n\u00e9ficier de la suspension de la r\u00e9forme des retraites, a [&hellip;]<\/p>\n","protected":false},"author":2,"featured_media":39825,"comment_status":"open","ping_status":"open","sticky":false,"template":"","format":"standard","meta":{"_jetpack_memberships_contains_paid_content":false,"footnotes":"","jetpack_publicize_message":"","jetpack_publicize_feature_enabled":true,"jetpack_social_post_already_shared":true,"jetpack_social_options":{"image_generator_settings":{"template":"highway","default_image_id":0,"font":"","enabled":true,"token":"eyJpbWciOiJodHRwczpcL1wvd3d3LmljZWFnZXR2LmNvbVwvcmFkaW9zaXRlXC93cC1jb250ZW50XC91cGxvYWRzXC8yMDI1XC8xMVwvaW1hZ2UtMS5qcGciLCJ0eHQiOiJCdWRnZXQgMjAyNiA6IGFsb3JzIHF1JiM4MjE3O2VsbGUgZG9pdCBcdTAwZWF0cmUgXHUwMGU5dHVkaVx1MDBlOWUgbWVyY3JlZGkgXHUwMGUwIGwmIzgyMTc7QXNzZW1ibFx1MDBlOWUsIGxlIGdvdXZlcm5lbWVudCBwclx1MDBlOWNpc2UgbGVzIHB1YmxpY3MgY29uY2Vyblx1MDBlOXMgcGFyIGwmIzgyMTc7XHUwMGU5bGFyZ2lzc2VtZW50IGRlIGxhIHN1c3BlbnNpb24gZGUgbGEgclx1MDBlOWZvcm1lIGRlcyByZXRyYWl0ZXMiLCJ0ZW1wbGF0ZSI6ImhpZ2h3YXkiLCJmb250IjoiIiwiYmxvZ19pZCI6MTExMDE2NDYxfQ.QXD9CKaoeoVJ9d73RT2tYNK1GJYEu7VYzAuRQspLEi0MQ"},"version":2},"_wpas_customize_per_network":false},"categories":[405],"tags":[],"class_list":["post-39824","post","type-post","status-publish","format-standard","has-post-thumbnail","hentry","category-actu-france-monde"],"jetpack_publicize_connections":[],"jetpack_featured_media_url":"https:\/\/i0.wp.com\/www.iceagetv.com\/radiosite\/wp-content\/uploads\/2025\/11\/image-1.jpg?fit=435%2C325&ssl=1","jetpack_sharing_enabled":true,"_links":{"self":[{"href":"https:\/\/www.iceagetv.com\/radiosite\/wp-json\/wp\/v2\/posts\/39824","targetHints":{"allow":["GET"]}}],"collection":[{"href":"https:\/\/www.iceagetv.com\/radiosite\/wp-json\/wp\/v2\/posts"}],"about":[{"href":"https:\/\/www.iceagetv.com\/radiosite\/wp-json\/wp\/v2\/types\/post"}],"author":[{"embeddable":true,"href":"https:\/\/www.iceagetv.com\/radiosite\/wp-json\/wp\/v2\/users\/2"}],"replies":[{"embeddable":true,"href":"https:\/\/www.iceagetv.com\/radiosite\/wp-json\/wp\/v2\/comments?post=39824"}],"version-history":[{"count":1,"href":"https:\/\/www.iceagetv.com\/radiosite\/wp-json\/wp\/v2\/posts\/39824\/revisions"}],"predecessor-version":[{"id":39826,"href":"https:\/\/www.iceagetv.com\/radiosite\/wp-json\/wp\/v2\/posts\/39824\/revisions\/39826"}],"wp:featuredmedia":[{"embeddable":true,"href":"https:\/\/www.iceagetv.com\/radiosite\/wp-json\/wp\/v2\/media\/39825"}],"wp:attachment":[{"href":"https:\/\/www.iceagetv.com\/radiosite\/wp-json\/wp\/v2\/media?parent=39824"}],"wp:term":[{"taxonomy":"category","embeddable":true,"href":"https:\/\/www.iceagetv.com\/radiosite\/wp-json\/wp\/v2\/categories?post=39824"},{"taxonomy":"post_tag","embeddable":true,"href":"https:\/\/www.iceagetv.com\/radiosite\/wp-json\/wp\/v2\/tags?post=39824"}],"curies":[{"name":"wp","href":"https:\/\/api.w.org\/{rel}","templated":true}]}}